{"id":3505,"date":"2023-12-07T05:01:44","date_gmt":"2023-12-07T12:01:44","guid":{"rendered":"https:\/\/www.regioncuatronoticias.com\/?p=3505"},"modified":"2023-12-07T05:01:46","modified_gmt":"2023-12-07T12:01:46","slug":"tribunal-federal-ratifica-absolucion-de-rosario-robles-por-estafa-maestra","status":"publish","type":"post","link":"https:\/\/www.regioncuatronoticias.com\/index.php\/2023\/12\/07\/tribunal-federal-ratifica-absolucion-de-rosario-robles-por-estafa-maestra\/","title":{"rendered":"Tribunal federal ratifica absoluci\u00f3n de Rosario Robles por &#8216;Estafa Maestra&#8217;"},"content":{"rendered":"\n<p>Imagen<\/p>\n\n\n\n<p>Rosario Robles el pasado 24 de febrero. Foto: Alfredo Dom\u00ednguez<\/p>\n\n\n\n<p>Tomado de La Jornada<\/p>\n\n\n\n<p>Gustavo Castillo Garc\u00eda<\/p>\n\n\n\n<p>Diciembre 6 de 2023<\/p>\n\n\n\n<p>Ciudad de M\u00e9xico. El primer tribunal colegiado de apelaci\u00f3n de materia penal del primer circuito, ratific\u00f3 que ya es sentencia absolutoria \u201cque pone fin al proceso e impide una nueva persecuci\u00f3n penal\u201d en contra de Rosario Robles Berlanga, respecto del juicio por el que pas\u00f3 tres a\u00f1os en prisi\u00f3n acusada de haber cometido ejercicio indebido del servicio p\u00fablico y ser responsable del desv\u00edo de m\u00e1s de cinco mil millones de pesos, cuando fungi\u00f3 como titular de las secretar\u00edas de Desarrollo Social (Sedesol) y de Desarrollo Agrario, territorial y Urbano (Sedatu), en el caso conocido como &#8216;Estafa Maestra&#8217;.<\/p>\n\n\n\n<p>La resoluci\u00f3n de la cual posee copia La Jornada, fue dictada dentro de la toca penal 320\/2023-SPA y firmada el pasado 5 de diciembre por el magistrado Alberto Torres Villanueva, el secretario en funciones de magistrado, Iv\u00e1n Mart\u00ednez Garc\u00eda y la magistrada Gabriela Guadalupe Rodr\u00edguez Escobar.<\/p>\n\n\n\n<p>Los tres impartidores de justicia con sede en la Ciudad de M\u00e9xico compartieron los argumentos con base en los cuales en febrero de este a\u00f1o Robles Berlanga, fue exonerada de los dos cargos de ejercicio indebido del servicio p\u00fablico que le imput\u00f3 la Fiscal\u00eda General de la Rep\u00fablica (FGR).<\/p>\n\n\n\n<p>Al resolver la apelaci\u00f3n presentada por la FGR en contra de la sentencia dictada por el juez Roberto Omar Paredes Gorostieta y Femat, los integrantes del primer tribunal colegiado de apelaci\u00f3n de materia penal del primer circuito ratificaron que a la ex colaboradora del presidente Enrique Pe\u00f1a Nieto se le acus\u00f3 con base en legislaciones que no eran aplicables por proceder de reformas constitucionales de 2015 y se le debi\u00f3 instaurar un procedimiento de car\u00e1cter administrativo se\u00f1alado en la Ley Federal de Presupuesto y Responsabilidad Hacendaria.<\/p>\n\n\n\n<p>Asimismo, consideraron que se debi\u00f3 proceder contra la ex funcionaria seg\u00fan lo establecido en el art\u00edculo 214 del C\u00f3digo Penal Federal vigente en 2012 y en la Ley Federal de Presupuesto y Responsabilidad Administrativa, y debi\u00f3 ser sancionada por la v\u00eda administrativa.<\/p>\n\n\n\n<p>Por esas razones ratificaron que el proceso penal en contra de Robles Berlanga debe considerarse como sentencia absolutoria en el proceso penal que se sigui\u00f3 por ejercicio indebido del servicio p\u00fablico.<\/p>\n\n\n\n<p>Sin embargo, est\u00e1 pendiente de resoluci\u00f3n una orden de aprehensi\u00f3n girada en contra de la ex funcionaria por delincuencia organizada y operaciones con recursos de procedencia il\u00edcita, procedimiento en el que obtuvo una suspensi\u00f3n definitiva que impide su detenci\u00f3n, aunque la ley se\u00f1ala que este recurso no cancela un mandamiento por delitos graves.<\/p>\n\n\n\n<figure class=\"wp-block-embed\"><div class=\"wp-block-embed__wrapper\">\nhttps:\/\/www.jornada.com.mx\/noticia\/2023\/12\/06\/politica\/tribunal-federal-confirma-absolucion-de-rosario-robles-7345\n<\/div><\/figure>\n","protected":false},"excerpt":{"rendered":"<p>Imagen Rosario Robles el pasado 24 de febrero. Foto: Alfredo Dom\u00ednguez Tomado de La Jornada Gustavo Castillo Garc\u00eda Diciembre 6 de 2023 Ciudad de M\u00e9xico. El primer tribunal colegiado de apelaci\u00f3n de materia penal del primer circuito, ratific\u00f3 que ya es sentencia absolutoria \u201cque pone fin al proceso e impide una nueva persecuci\u00f3n penal\u201d en [&hellip;]<\/p>\n","protected":false},"author":1,"featured_media":3506,"comment_status":"open","ping_status":"open","sticky":false,"template":"","format":"standard","meta":{"content-type":"","footnotes":""},"categories":[3,115,105],"tags":[],"class_list":{"0":"post-3505","1":"post","2":"type-post","3":"status-publish","4":"format-standard","5":"has-post-thumbnail","7":"category-mexico","8":"category-politica","9":"category-principal"},"_links":{"self":[{"href":"https:\/\/www.regioncuatronoticias.com\/index.php\/wp-json\/wp\/v2\/posts\/3505","targetHints":{"allow":["GET"]}}],"collection":[{"href":"https:\/\/www.regioncuatronoticias.com\/index.php\/wp-json\/wp\/v2\/posts"}],"about":[{"href":"https:\/\/www.regioncuatronoticias.com\/index.php\/wp-json\/wp\/v2\/types\/post"}],"author":[{"embeddable":true,"href":"https:\/\/www.regioncuatronoticias.com\/index.php\/wp-json\/wp\/v2\/users\/1"}],"replies":[{"embeddable":true,"href":"https:\/\/www.regioncuatronoticias.com\/index.php\/wp-json\/wp\/v2\/comments?post=3505"}],"version-history":[{"count":1,"href":"https:\/\/www.regioncuatronoticias.com\/index.php\/wp-json\/wp\/v2\/posts\/3505\/revisions"}],"predecessor-version":[{"id":3507,"href":"https:\/\/www.regioncuatronoticias.com\/index.php\/wp-json\/wp\/v2\/posts\/3505\/revisions\/3507"}],"wp:featuredmedia":[{"embeddable":true,"href":"https:\/\/www.regioncuatronoticias.com\/index.php\/wp-json\/wp\/v2\/media\/3506"}],"wp:attachment":[{"href":"https:\/\/www.regioncuatronoticias.com\/index.php\/wp-json\/wp\/v2\/media?parent=3505"}],"wp:term":[{"taxonomy":"category","embeddable":true,"href":"https:\/\/www.regioncuatronoticias.com\/index.php\/wp-json\/wp\/v2\/categories?post=3505"},{"taxonomy":"post_tag","embeddable":true,"href":"https:\/\/www.regioncuatronoticias.com\/index.php\/wp-json\/wp\/v2\/tags?post=3505"}],"curies":[{"name":"wp","href":"https:\/\/api.w.org\/{rel}","templated":true}]}}