{"id":34956,"date":"2025-10-17T03:48:14","date_gmt":"2025-10-17T10:48:14","guid":{"rendered":"https:\/\/www.regioncuatronoticias.com\/?p=34956"},"modified":"2025-10-21T09:34:43","modified_gmt":"2025-10-21T16:34:43","slug":"murio-ace-frehley-guitarrista-original-de-kiss-a-los-74-anos","status":"publish","type":"post","link":"https:\/\/www.regioncuatronoticias.com\/index.php\/2025\/10\/17\/murio-ace-frehley-guitarrista-original-de-kiss-a-los-74-anos\/","title":{"rendered":"Muri\u00f3 Ace Frehley, guitarrista original de KISS, a los 74 a\u00f1os"},"content":{"rendered":"\n<p><strong>Ace Frehley fue uno de los m\u00fasicos fundadores de la banda KISS, famosa por su maquillaje ic\u00f3nico y teatral, as\u00ed como por su sonido hard rock y glam rock. La banda se form\u00f3 en 1973 junto a Gene Simmons, Paul Stanley y Peter Criss.<\/strong><\/p>\n\n\n\n<p>Tomado de Aristegui Noticias<\/p>\n\n\n\n<p>Redacci\u00f3n AN \/ AG<\/p>\n\n\n\n<p>Jueves 16 de octubre de 2025<\/p>\n\n\n\n<p>Ace Frehley, el guitarrista original de KISS, muri\u00f3 este jueves a los 74 a\u00f1os, tras haber sido hospitalizado debido a un accidente ocurrido semanas atr\u00e1s.<\/p>\n\n\n\n<p>\u201cEstamos completamente devastados y desconsolados. En sus \u00faltimos momentos, tuvimos la fortuna de rodearlo de palabras, pensamientos, oraciones e intenciones amorosas, cari\u00f1osas y pac\u00edficas al dejar este mundo\u201d, dijo un comunicado emitido por la familia a medios nacionales.<\/p>\n\n\n\n<p>\u201cApreciamos sus mejores recuerdos, su risa, y celebramos la fortaleza y la bondad que brind\u00f3 a los dem\u00e1s. La magnitud de su fallecimiento es de proporciones \u00e9picas e incomprensibles. Al reflexionar sobre todos sus incre\u00edbles logros, el recuerdo de Ace vivir\u00e1 para siempre\u201d, contin\u00faa.<\/p>\n\n\n\n<figure class=\"wp-block-image size-full\"><img loading=\"lazy\" loading=\"lazy\" decoding=\"async\" width=\"700\" height=\"705\" src=\"https:\/\/www.regioncuatronoticias.com\/wp-content\/uploads\/2025\/10\/image-49.png\" alt=\"\" class=\"wp-image-34958\" srcset=\"https:\/\/www.regioncuatronoticias.com\/wp-content\/uploads\/2025\/10\/image-49.png 700w, https:\/\/www.regioncuatronoticias.com\/wp-content\/uploads\/2025\/10\/image-49-640x645.png 640w, https:\/\/www.regioncuatronoticias.com\/wp-content\/uploads\/2025\/10\/image-49-160x160.png 160w\" sizes=\"auto, (max-width: 700px) 100vw, 700px\" \/><\/figure>\n\n\n\n<p>Antes del comunicado fuentes cercanas revelaron a TMZ que el guitarrista se encontraba en un hospital tras haber sufrido un derrame cerebral luego de caerse en su estudio de grabaci\u00f3n hace unas semanas, lo cual llev\u00f3 a cancelar sus actuaciones en vivo.<\/p>\n\n\n\n<p>El legendario m\u00fasico fue conectado a un soporte vital y de acuerdo con el medio de comunicaci\u00f3n dedicado a las celebridades la familia tom\u00f3 la dif\u00edcil decisi\u00f3n de apagar su respirador.<\/p>\n\n\n\n<p>Despu\u00e9s de sufrir la ca\u00edda, una publicaci\u00f3n en su Instagram anunci\u00f3 que el m\u00fasico se \u201cencontraba bien\u201d, pero que \u201cen contra de su voluntad\u201d, dejar\u00eda de viajar por recomendaci\u00f3n de su m\u00e9dico.<\/p>\n\n\n\n<figure class=\"wp-block-image size-full\"><img loading=\"lazy\" loading=\"lazy\" decoding=\"async\" width=\"700\" height=\"865\" src=\"https:\/\/www.regioncuatronoticias.com\/wp-content\/uploads\/2025\/10\/image-50.png\" alt=\"\" class=\"wp-image-34959\" srcset=\"https:\/\/www.regioncuatronoticias.com\/wp-content\/uploads\/2025\/10\/image-50.png 700w, https:\/\/www.regioncuatronoticias.com\/wp-content\/uploads\/2025\/10\/image-50-640x791.png 640w\" sizes=\"auto, (max-width: 700px) 100vw, 700px\" \/><\/figure>\n\n\n\n<p>Poco despu\u00e9s, otra publicaci\u00f3n anunciaba la cancelaci\u00f3n del resto de fechas que Frehley ten\u00eda programadas para el resto del 2025.<\/p>\n\n\n\n<p>Ace Frehley fue uno de los m\u00fasicos fundadores de la banda KISS, famosa por su maquillaje ic\u00f3nico y teatral, as\u00ed como por su sonido hard rock y glam rock. La banda se form\u00f3 en 1973 junto a Gene Simmons, Paul Stanley y Peter Criss.<\/p>\n\n\n\n<p>Cada integrante representaba un personaje con maquillaje y vestuario distintivo: Simmons en el papel de \u2018The Demon\u2019; Stanley en el de \u2018The Starchild\u2019; Criss en el de The Catman y finalmente Frehley en el de \u2018The Spaceman\u2019.<\/p>\n\n\n\n<figure class=\"wp-block-image size-full\"><img loading=\"lazy\" loading=\"lazy\" decoding=\"async\" width=\"700\" height=\"488\" src=\"https:\/\/www.regioncuatronoticias.com\/wp-content\/uploads\/2025\/10\/image-51.png\" alt=\"\" class=\"wp-image-34960\" srcset=\"https:\/\/www.regioncuatronoticias.com\/wp-content\/uploads\/2025\/10\/image-51.png 700w, https:\/\/www.regioncuatronoticias.com\/wp-content\/uploads\/2025\/10\/image-51-640x446.png 640w\" sizes=\"auto, (max-width: 700px) 100vw, 700px\" \/><\/figure>\n\n\n\n<p>Junto a KISS, Frehley ayud\u00f3 a escribir algunos de los temas m\u00e1s populares de la banda como \u2018Rock and Roll All Nite\u2019, \u2018I Was Made for Lovin\u2019 You\u2019 o \u2018Detroit Rock City\u2019.<\/p>\n\n\n\n<p>Para 1982, el guitarrista abandon\u00f3 la agrupaci\u00f3n para comenzar su carrera como solista con su proyecto llamado Frehley\u2019s Comet, pero en 1996 regres\u00f3 a la banda.<\/p>\n\n\n\n<p>Sin embargo, en 2002 volvi\u00f3 a dejar la agrupaci\u00f3n y fue reemplazado por Tommy Thayer en el papel de \u2018The Spaceman\u2019. Desde entonces, continu\u00f3 desarrollando su carrera como solista. (EFE)<\/p>\n\n\n\n<p><a href=\"https:\/\/aristeguinoticias.com\/161025\/kiosko\/murio-ace-frehley-guitarrista-original-de-kiss-a-los-74-anos\">https:\/\/aristeguinoticias.com\/161025\/kiosko\/murio-ace-frehley-guitarrista-original-de-kiss-a-los-74-anos<\/a><\/p>\n","protected":false},"excerpt":{"rendered":"<p>Ace Frehley fue uno de los m\u00fasicos fundadores de la banda KISS, famosa por su maquillaje ic\u00f3nico y teatral, as\u00ed como por su sonido hard rock y glam rock. La banda se form\u00f3 en 1973 junto a Gene Simmons, Paul Stanley y Peter Criss. Tomado de Aristegui Noticias Redacci\u00f3n AN \/ AG Jueves 16 de [&hellip;]<\/p>\n","protected":false},"author":1,"featured_media":34957,"comment_status":"open","ping_status":"open","sticky":false,"template":"","format":"standard","meta":{"content-type":"","footnotes":""},"categories":[116,7],"tags":[],"class_list":{"0":"post-34956","1":"post","2":"type-post","3":"status-publish","4":"format-standard","5":"has-post-thumbnail","7":"category-entretenimiento","8":"category-internacional"},"_links":{"self":[{"href":"https:\/\/www.regioncuatronoticias.com\/index.php\/wp-json\/wp\/v2\/posts\/34956","targetHints":{"allow":["GET"]}}],"collection":[{"href":"https:\/\/www.regioncuatronoticias.com\/index.php\/wp-json\/wp\/v2\/posts"}],"about":[{"href":"https:\/\/www.regioncuatronoticias.com\/index.php\/wp-json\/wp\/v2\/types\/post"}],"author":[{"embeddable":true,"href":"https:\/\/www.regioncuatronoticias.com\/index.php\/wp-json\/wp\/v2\/users\/1"}],"replies":[{"embeddable":true,"href":"https:\/\/www.regioncuatronoticias.com\/index.php\/wp-json\/wp\/v2\/comments?post=34956"}],"version-history":[{"count":1,"href":"https:\/\/www.regioncuatronoticias.com\/index.php\/wp-json\/wp\/v2\/posts\/34956\/revisions"}],"predecessor-version":[{"id":34961,"href":"https:\/\/www.regioncuatronoticias.com\/index.php\/wp-json\/wp\/v2\/posts\/34956\/revisions\/34961"}],"wp:featuredmedia":[{"embeddable":true,"href":"https:\/\/www.regioncuatronoticias.com\/index.php\/wp-json\/wp\/v2\/media\/34957"}],"wp:attachment":[{"href":"https:\/\/www.regioncuatronoticias.com\/index.php\/wp-json\/wp\/v2\/media?parent=34956"}],"wp:term":[{"taxonomy":"category","embeddable":true,"href":"https:\/\/www.regioncuatronoticias.com\/index.php\/wp-json\/wp\/v2\/categories?post=34956"},{"taxonomy":"post_tag","embeddable":true,"href":"https:\/\/www.regioncuatronoticias.com\/index.php\/wp-json\/wp\/v2\/tags?post=34956"}],"curies":[{"name":"wp","href":"https:\/\/api.w.org\/{rel}","templated":true}]}}