{"id":3485,"date":"2023-12-06T06:02:26","date_gmt":"2023-12-06T13:02:26","guid":{"rendered":"https:\/\/www.regioncuatronoticias.com\/?p=3485"},"modified":"2023-12-06T06:02:28","modified_gmt":"2023-12-06T13:02:28","slug":"faot-2024-fernando-delgadillo-caloncho-y-benny-ibarra-entre-los-invitados-de-esta-edicion","status":"publish","type":"post","link":"https:\/\/www.regioncuatronoticias.com\/index.php\/2023\/12\/06\/faot-2024-fernando-delgadillo-caloncho-y-benny-ibarra-entre-los-invitados-de-esta-edicion\/","title":{"rendered":"FAOT 2024: Fernando Delgadillo, Caloncho y Benny Ibarra, entre los invitados de esta edici\u00f3n"},"content":{"rendered":"\n<p>Ser\u00e1n nueve d\u00edas de goce y disfrute en el FAOT 2024, con la presencia de 170 actividades protagonizadas por 800 artistas de Sonora y de distintas partes del mundo<\/p>\n\n\n\n<p>Tomado de El Sol de Hermosillo<\/p>\n\n\n\n<p>Carlos Castro<\/p>\n\n\n\n<p>Diciembre 5 de 2023<\/p>\n\n\n\n<p>El Festival Alfonso Ortiz Tirado (FAOT) llega a su edici\u00f3n 39 con un cartel y una experiencia que busca consolidarlo como uno de los festivales culturales y art\u00edsticos m\u00e1s importantes de Latinoam\u00e9rica.<\/p>\n\n\n\n<p>Como ocasi\u00f3n, el FAOT se realizar\u00e1 en el pueblo m\u00e1gico de \u00c1lamos, esta vez del 19 al 27 de enero, con la presencia de Estados Unidos y Guanajuato como pa\u00eds y estado invitado de honor.<\/p>\n\n\n\n<p>Mar\u00eda Katzarava, Jes\u00fas Le\u00f3n y Mar\u00eda Li encabezan el cartel de bel canto de este a\u00f1o, el cual destaca por la presencia internacional de la soprano surcoreana Hera Hyesang Park y la soprano colombiana Betty Garc\u00e9s.<\/p>\n\n\n\n<p>Por su parte, el bar\u00edtono mexicano Jes\u00fas Suaste ser\u00e1 galardonado con la Medalla Alfonso Ortiz Tirado como uno de los momentos cumbres de esta edici\u00f3n que ofrecer\u00e1 m\u00e1s de 150 actividades y la participaci\u00f3n de aproximadamente 800 artistas de Sonora y del resto del mundo.<\/p>\n\n\n\n<p>De lado de la trova y la m\u00fasica alternativa destacan las actuaciones de Fernando Delgadillo, Caloncho, Benny Ibarra, Ely Guerra, Jenny and The Mexicats, Simpson Ahuevo, Porter y ClubZ, entre otros.<\/p>\n\n\n\n<p>Calidad internacional<\/p>\n\n\n\n<p>En el anuncio del programa, el gobernador Alfonso Durazo se\u00f1al\u00f3 que la edici\u00f3n del FAOT 2024 se reforzar\u00e1 con la experiencia adquirida por parte de Sonora como estado invitado de honor en el pasado Festival Internacional Cervantino y en la Feria Internacional del Libro de Antropolog\u00eda e Historia.<\/p>\n\n\n\n<p>Record\u00f3 que el Cervantino lleg\u00f3 a su edici\u00f3n 51 al tiempo que el FAOT est\u00e1 pr\u00f3ximo a alcanzar las cuatro d\u00e9cadas de historia, con tres ediciones a cargo de la actual administraci\u00f3n que ha articulado un programa a\u00f1o con a\u00f1o que busca consolidar al evento y lo haga crecer a p\u00fablicos de otras latitudes del mundo.<\/p>\n\n\n\n<p>&nbsp;\u201cEl FAOT se consolida ya de car\u00e1cter internacional y vamos a seguir trabajando, porque quiero al concluir mi gobierno consolidar [al festival] con una talla cercana o similar al Festival Cervantino. Lo podemos hacer. Tenemos en Sonora un gran talento art\u00edstico, cultural y musical para ello\u201d.<\/p>\n\n\n\n<p>Por su parte, la directora del Instituto Sonorense de Cultura destac\u00f3 que en esta edici\u00f3n se estableci\u00f3 una apertura a nuevos g\u00e9neros musicales, gustos y vocaciones, respetando la integridad del festival.<\/p>\n\n\n\n<p>As\u00ed, adem\u00e1s del bel canto el cartel incluye presentaciones de canto coral, m\u00fasica de concierto\/cl\u00e1sica, m\u00fasica regional, de los pueblos originarios, rock, cumbia, pop, salsa, trova, rap, folk, ska y las estudiantinas.<\/p>\n\n\n\n<p>\u201cLa m\u00fasica nos vuelve a reunir y nuestros corazones se hermanar\u00e1n de nuevo en la disciplina universal de la m\u00fasica. En poco m\u00e1s de un mes nos esperan nueve d\u00edas de gozo y disfrute, durante los cuales quienes estar\u00e1n en el escenario compartir\u00e1n su capacidad art\u00edstica, vocal y musical para iluminar y enriquecer los corazones de los asistentes y escuchas\u201d.<\/p>\n\n\n\n<p>Todas las actividades del FAOT 2024 ser\u00e1n gratuitas y el programa completo puede consultarse en el sitio web isc.gob.mx y en las redes sociales del @iscsonora. Todas las actividades ser\u00e1n gratuitas y el programa completo puede consultarse en el sitio web isc.gob.mx.<\/p>\n\n\n\n<figure class=\"wp-block-embed\"><div class=\"wp-block-embed__wrapper\">\nhttps:\/\/www.elsoldehermosillo.com.mx\/gossip\/faot-2024-fernando-delgadillo-caloncho-y-benny-ibarra-entre-los-invitados-de-esta-edicion-11103372.html\n<\/div><\/figure>\n","protected":false},"excerpt":{"rendered":"<p>Ser\u00e1n nueve d\u00edas de goce y disfrute en el FAOT 2024, con la presencia de 170 actividades protagonizadas por 800 artistas de Sonora y de distintas partes del mundo Tomado de El Sol de Hermosillo Carlos Castro Diciembre 5 de 2023 El Festival Alfonso Ortiz Tirado (FAOT) llega a su edici\u00f3n 39 con un cartel [&hellip;]<\/p>\n","protected":false},"author":1,"featured_media":3486,"comment_status":"open","ping_status":"open","sticky":false,"template":"","format":"standard","meta":{"content-type":"","footnotes":""},"categories":[112,117,9],"tags":[],"class_list":{"0":"post-3485","1":"post","2":"type-post","3":"status-publish","4":"format-standard","5":"has-post-thumbnail","7":"category-cultura","8":"category-general","9":"category-sonora"},"_links":{"self":[{"href":"https:\/\/www.regioncuatronoticias.com\/index.php\/wp-json\/wp\/v2\/posts\/3485","targetHints":{"allow":["GET"]}}],"collection":[{"href":"https:\/\/www.regioncuatronoticias.com\/index.php\/wp-json\/wp\/v2\/posts"}],"about":[{"href":"https:\/\/www.regioncuatronoticias.com\/index.php\/wp-json\/wp\/v2\/types\/post"}],"author":[{"embeddable":true,"href":"https:\/\/www.regioncuatronoticias.com\/index.php\/wp-json\/wp\/v2\/users\/1"}],"replies":[{"embeddable":true,"href":"https:\/\/www.regioncuatronoticias.com\/index.php\/wp-json\/wp\/v2\/comments?post=3485"}],"version-history":[{"count":1,"href":"https:\/\/www.regioncuatronoticias.com\/index.php\/wp-json\/wp\/v2\/posts\/3485\/revisions"}],"predecessor-version":[{"id":3487,"href":"https:\/\/www.regioncuatronoticias.com\/index.php\/wp-json\/wp\/v2\/posts\/3485\/revisions\/3487"}],"wp:featuredmedia":[{"embeddable":true,"href":"https:\/\/www.regioncuatronoticias.com\/index.php\/wp-json\/wp\/v2\/media\/3486"}],"wp:attachment":[{"href":"https:\/\/www.regioncuatronoticias.com\/index.php\/wp-json\/wp\/v2\/media?parent=3485"}],"wp:term":[{"taxonomy":"category","embeddable":true,"href":"https:\/\/www.regioncuatronoticias.com\/index.php\/wp-json\/wp\/v2\/categories?post=3485"},{"taxonomy":"post_tag","embeddable":true,"href":"https:\/\/www.regioncuatronoticias.com\/index.php\/wp-json\/wp\/v2\/tags?post=3485"}],"curies":[{"name":"wp","href":"https:\/\/api.w.org\/{rel}","templated":true}]}}