{"id":3482,"date":"2023-12-06T06:00:46","date_gmt":"2023-12-06T13:00:46","guid":{"rendered":"https:\/\/www.regioncuatronoticias.com\/?p=3482"},"modified":"2023-12-06T06:00:48","modified_gmt":"2023-12-06T13:00:48","slug":"comites-de-cuenca-del-rio-sonora-exigen-solucion-a-problemas-de-salud","status":"publish","type":"post","link":"https:\/\/www.regioncuatronoticias.com\/index.php\/2023\/12\/06\/comites-de-cuenca-del-rio-sonora-exigen-solucion-a-problemas-de-salud\/","title":{"rendered":"Comit\u00e9s de Cuenca del R\u00edo Sonora exigen soluci\u00f3n a problemas de salud"},"content":{"rendered":"\n<p>Sigue como asignatura pendiente el recibir atenci\u00f3n m\u00e9dica por parte de las autoridades federales y estatales, por ello han salido de nueva cuenta para reclamar esa omisi\u00f3n<\/p>\n\n\n\n<p>Reclaman la falta de atenci\u00f3n para quienes se han enfermado despu\u00e9s del derrame de t\u00f3xicos<\/p>\n\n\n\n<p>Tomado de El Sol de Hermosillo<\/p>\n\n\n\n<p>Por: Gil Reyes<\/p>\n\n\n\n<p>Foto: Kimberly Ortega<\/p>\n\n\n\n<p>Diciembre 5 de 2023<\/p>\n\n\n\n<p>Por la falta de seriedad mostrada por la Secretar\u00eda de Salud y del Gobierno de Sonora, integrantes del Comit\u00e9 de Cuenca del R\u00edo Sonora protestaron en Palacio de Gobierno para exigir que se d\u00e9 soluci\u00f3n a las demandas que han planteado durante los \u00faltimos a\u00f1os habitantes de los siete municipios que se han visto afectados por la contaminaci\u00f3n.<\/p>\n\n\n\n<p>En conferencia de prensa, Ram\u00f3n Miranda, habitante de Aconchi, quien estuvo acompa\u00f1ado de activistas como Martha Patricia Velarde, se\u00f1al\u00f3 que sigue como asignatura pendiente el recibir atenci\u00f3n m\u00e9dica por parte de las autoridades federales y estatales, por ello han salido de nueva cuenta para reclamar esa omisi\u00f3n en contra de familias que padecen las consecuencias del ecocidio que gener\u00f3 Grupo M\u00e9xico en agosto del 2014.<\/p>\n\n\n\n<p>Molestos por la inoperancia que afirman ha prevalecido durante los m\u00e1s de nueve a\u00f1os del problema, esperan que de una vez por todas se les escuche y d\u00e9 soluci\u00f3n a los planteamientos que consisten en revisiones y tratamientos para las personas enfermas, por el alto consumo de metales pesados que tienen en sus organismos.<\/p>\n\n\n\n<p>Y es que el a\u00f1o pasado, personal de la Cenaprece y de la Secretar\u00eda de Salud estatal le practicaron un estudio a m\u00e1s de medio millar de residentes de Ures, Aconchi, Hu\u00e9pac, Ban\u00e1michi, Arizpe, San Felipe de Jes\u00fas y Bavi\u00e1cora, el cual arroj\u00f3 que la mayor\u00eda present\u00f3 concentraciones de plomo, ars\u00e9nico, cadmio y manganeso.<\/p>\n\n\n\n<p>&#8220;Hoy queremos exponer a la Secretar\u00eda de Salud y al Gobierno del Estado de Sonora por su falta de seriedad y el incumplimiento de acuerdos para atender el grave problema de salud y ambiental que enfrentamos quienes vivimos en los r\u00edos Bacanuchi y Sonora. Denunciamos tambi\u00e9n la falta de acciones, el cinismo con el que aseguran tener avances en agua y en salud, y la incertidumbre que vivimos en nuestras comunidades por la alarmante presencia de enfermedades y muertes&#8221;, extern\u00f3, en representaci\u00f3n de los habitantes de ese sector.<\/p>\n\n\n\n<p>En agosto del 2014, Grupo M\u00e9xico derram\u00f3 miles de metros c\u00fabicos de metales pesados en el afluente del R\u00edo Sonora \/ Foto: Kimberly Ortega | El Sol de Hermosillo<\/p>\n\n\n\n<p>Sostuvo que un 10 % de la poblaci\u00f3n est\u00e1 en las categor\u00edas de \u201calto riesgo\u201d y \u201cmuy alto riesgo\u201d de desarrollar arsenicosis y neuropat\u00eda, por lo que la informaci\u00f3n presentada en ese entonces la consideran alarmante y urgente de ser atendida.<\/p>\n\n\n\n<p>Los inconformes se\u00f1alan que la justificaci\u00f3n que dan las autoridades estatales es que todos los servicios deben correr a cargo de la Federaci\u00f3n, pero ni uno ni otro gobierno se ha hecho responsable de darles un trato digno, incluso hay personas que fallecieron sin nunca haber recibido una sola consulta m\u00e9dica.<\/p>\n\n\n\n<p>Debido a lo que llaman un desprecio por parte de las administraciones federal y estatal, que no han dado cumplimiento a las resoluciones dictadas en tribunales mexicanos, el pasado 17 de noviembre se present\u00f3 una solicitud formal de medidas cautelares ante la Comisi\u00f3n Interamericana de Derechos Humanos (CIDH), en el rubro de Derecho a la Salud, a la Vida y a la Integridad Personal.<\/p>\n\n\n\n<p>Adem\u00e1s, interpusieron una denuncia ante el Juzgado 13 en contra de todas las autoridades de Salud y de Medio Ambiente de los tres niveles de gobierno por el incumplimiento de las medidas cautelares que fueron otorgadas por el juez y que ten\u00edan como fin preservar la vida y la salud de la gente.<\/p>\n\n\n\n<p>Habitantes de la zona del R\u00edo Sonora exigieron a las autoridades atender el tema de salud en los municipios afectados \/ Foto: Kimberly Ortega | El Sol de Hermosillo<\/p>\n\n\n\n<p>Esperar\u00e1n a que se obligue a las autoridades a dar cumplimiento a las medidas cautelares, se les sancione con multa y destituci\u00f3n del cargo en caso de no cumplir, y se d\u00e9 vista al Ministerio P\u00fablico por desacato de sentencia, citaron.<\/p>\n\n\n\n<p>&#8220;La Secretar\u00eda de Salud Sonora, el IMSS Bienestar y el ordinario, as\u00ed como la Cenaprece, tienen una deuda enorme por la negligencia con la que act\u00faan. La responsabilidad es de todas estas autoridades, seguirse se\u00f1alando las unas a las otras no funciona para proteger la salud de la cuenca&#8221;, apuntaron los protestantes.<\/p>\n\n\n\n<figure class=\"wp-block-embed\"><div class=\"wp-block-embed__wrapper\">\nhttps:\/\/www.elsoldehermosillo.com.mx\/local\/comites-de-cuenca-del-rio-sonora-exigen-solucion-a-problemas-de-salud-11104707.html\n<\/div><\/figure>\n","protected":false},"excerpt":{"rendered":"<p>Sigue como asignatura pendiente el recibir atenci\u00f3n m\u00e9dica por parte de las autoridades federales y estatales, por ello han salido de nueva cuenta para reclamar esa omisi\u00f3n Reclaman la falta de atenci\u00f3n para quienes se han enfermado despu\u00e9s del derrame de t\u00f3xicos Tomado de El Sol de Hermosillo Por: Gil Reyes Foto: Kimberly Ortega Diciembre [&hellip;]<\/p>\n","protected":false},"author":1,"featured_media":3483,"comment_status":"open","ping_status":"open","sticky":false,"template":"","format":"standard","meta":{"content-type":"","footnotes":""},"categories":[117,6,9],"tags":[],"class_list":{"0":"post-3482","1":"post","2":"type-post","3":"status-publish","4":"format-standard","5":"has-post-thumbnail","7":"category-general","8":"category-salud","9":"category-sonora"},"_links":{"self":[{"href":"https:\/\/www.regioncuatronoticias.com\/index.php\/wp-json\/wp\/v2\/posts\/3482","targetHints":{"allow":["GET"]}}],"collection":[{"href":"https:\/\/www.regioncuatronoticias.com\/index.php\/wp-json\/wp\/v2\/posts"}],"about":[{"href":"https:\/\/www.regioncuatronoticias.com\/index.php\/wp-json\/wp\/v2\/types\/post"}],"author":[{"embeddable":true,"href":"https:\/\/www.regioncuatronoticias.com\/index.php\/wp-json\/wp\/v2\/users\/1"}],"replies":[{"embeddable":true,"href":"https:\/\/www.regioncuatronoticias.com\/index.php\/wp-json\/wp\/v2\/comments?post=3482"}],"version-history":[{"count":1,"href":"https:\/\/www.regioncuatronoticias.com\/index.php\/wp-json\/wp\/v2\/posts\/3482\/revisions"}],"predecessor-version":[{"id":3484,"href":"https:\/\/www.regioncuatronoticias.com\/index.php\/wp-json\/wp\/v2\/posts\/3482\/revisions\/3484"}],"wp:featuredmedia":[{"embeddable":true,"href":"https:\/\/www.regioncuatronoticias.com\/index.php\/wp-json\/wp\/v2\/media\/3483"}],"wp:attachment":[{"href":"https:\/\/www.regioncuatronoticias.com\/index.php\/wp-json\/wp\/v2\/media?parent=3482"}],"wp:term":[{"taxonomy":"category","embeddable":true,"href":"https:\/\/www.regioncuatronoticias.com\/index.php\/wp-json\/wp\/v2\/categories?post=3482"},{"taxonomy":"post_tag","embeddable":true,"href":"https:\/\/www.regioncuatronoticias.com\/index.php\/wp-json\/wp\/v2\/tags?post=3482"}],"curies":[{"name":"wp","href":"https:\/\/api.w.org\/{rel}","templated":true}]}}