{"id":3479,"date":"2023-12-06T05:58:46","date_gmt":"2023-12-06T12:58:46","guid":{"rendered":"https:\/\/www.regioncuatronoticias.com\/?p=3479"},"modified":"2023-12-06T05:58:48","modified_gmt":"2023-12-06T12:58:48","slug":"xochitl-galvez-presenta-a-su-equipo-de-campana-para-elecciones-de-2024","status":"publish","type":"post","link":"https:\/\/www.regioncuatronoticias.com\/index.php\/2023\/12\/06\/xochitl-galvez-presenta-a-su-equipo-de-campana-para-elecciones-de-2024\/","title":{"rendered":"X\u00f3chitl G\u00e1lvez presenta a su equipo de campa\u00f1a para elecciones de 2024"},"content":{"rendered":"\n<p>X\u00f3chitl G\u00e1lvez dej\u00f3 en claro que este ser\u00e1 un equipo de campa\u00f1a \u201cde gente valiente, que no se agacha y que defender\u00e1 la democracia\u201d<\/p>\n\n\n\n<p>Diciembre 5 de 2023<\/p>\n\n\n\n<p>X\u00f3chitl G\u00e1lvez, candidata presidencial del Frente Amplio por M\u00e9xico, present\u00f3 este martes a su equipo de campa\u00f1a de cara a los comicios de 2024.<\/p>\n\n\n\n<p>\u201cHoy present\u00f3 este gran equipo de mexicanos y mexicanas experimentados que tiene una visi\u00f3n clara, hacer una campa\u00f1a ganadora, para llevar a M\u00e9xico nuestro mensaje\u201d, dijo G\u00e1lvez Ruiz.<\/p>\n\n\n\n<p>\u201cHaremos del pa\u00eds un pa\u00eds de clase media fuerte, un M\u00e9xico xing\u00f3n\u201d, puntualiz\u00f3 la candidata de oposici\u00f3n.<\/p>\n\n\n\n<p>Algunos de los nombres presentados por el panista Santiago Creel este martes fueron:<\/p>\n\n\n\n<p>Armando Tejeda Cid, coordinador operativo.<\/p>\n\n\n\n<p>Carolina Viggiano, coordinadora ejecutiva.<\/p>\n\n\n\n<p>\u00c1ngel \u00c1vila, coordinador de Alianzas.<\/p>\n\n\n\n<p>Kenia L\u00f3pez Rabad\u00e1n, jefa de la Oficina de la Precandidata<\/p>\n\n\n\n<p>Rub\u00e9n Moreira, coordinador Nacional Territorial de Campa\u00f1a.<\/p>\n\n\n\n<p>Maximiliano Cort\u00e1zar: coordinador de Comunicaci\u00f3n Social.<\/p>\n\n\n\n<p>Josefina V\u00e1zquez Mota: coordinadora de L\u00edderes en Campa\u00f1a.<\/p>\n\n\n\n<p>Margarita Mart\u00ednez Fisher, coordinara de Promoci\u00f3n del Voto.<\/p>\n\n\n\n<p>Rolando Zapata, coordinador de la Defensa del Voto.<\/p>\n\n\n\n<p>Jes\u00fas Ortega Mart\u00ednez, coordinador de Prospectiva.<\/p>\n\n\n\n<p>Margarita Zavala, Comit\u00e9 de Sociedad Civil.<\/p>\n\n\n\n<p>Enrique de la Madrid: Plan de Gobierno.<\/p>\n\n\n\n<p>Norma Aceves: Atenci\u00f3n a Personas con Discapacidad.<\/p>\n\n\n\n<p>Fernando Rodr\u00edguez Doval: coordinador de Contenidos.<\/p>\n\n\n\n<p>Alejandra Latap\u00ed: Comit\u00e9 de Vinculaci\u00f3n Institucional.<\/p>\n\n\n\n<p>Ildefonso Guajardo: Relaciones Exteriores.<\/p>\n\n\n\n<p>Alejandra Reynoso: Comit\u00e9 de Causas Sociales.<\/p>\n\n\n\n<p>Blanca Alcal\u00e1 Ruiz: Comit\u00e9 de Asuntos Migratorios.<\/p>\n\n\n\n<p>Leticia Barrera Maldonado: Comit\u00e9 de Enlace con el Campo.<\/p>\n\n\n\n<p>Alessandra Rojo de la Vega: Comit\u00e9 de Activismo Social.<\/p>\n\n\n\n<p>Julieta Camacho Granados: Comit\u00e9 de Gesti\u00f3n Social.<\/p>\n\n\n\n<p>Deborah Romero V\u00e1zquez: Comit\u00e9 de las Mujeres.<\/p>\n\n\n\n<p>Mois\u00e9s G\u00f3mez Reyna: Agenda.<\/p>\n\n\n\n<p>Santiago Creel: Coordinaci\u00f3n General.<\/p>\n\n\n\n<p>X\u00f3chitl G\u00e1lvez dej\u00f3 en claro que este ser\u00e1 un \u201cequipo de gente valiente, que ha alzado la voz, que no se agacha, que no convalida la militarizaci\u00f3n, la destrucci\u00f3n de instituciones, decisiones arbitrarias, pol\u00edticas p\u00fablicas err\u00e1ticas\u201d.<\/p>\n\n\n\n<p>\u201cSer\u00e1 un equipo que defiende la democracia, defiende las libertades, defiende la libertad y la verdad. No es un equipo agach\u00f3 que va a recibir \u00f3rdenes ni va a ponerle sello de aprobaci\u00f3n a las mentiras\u201d, enfatiz\u00f3.<\/p>\n\n\n\n<p>Con informaci\u00f3n de L\u00f3pez-D\u00f3riga Digital<\/p>\n\n\n\n<figure class=\"wp-block-embed is-type-wp-embed is-provider-l-pez-d-riga-digital wp-block-embed-l-pez-d-riga-digital\"><div class=\"wp-block-embed__wrapper\">\n<blockquote class=\"wp-embedded-content\" data-secret=\"6vfkOnyduz\"><a href=\"https:\/\/lopezdoriga.com\/nacional\/xochitl-galvez-presenta-equipo-campana-elecciones-2024\/\">X\u00f3chitl G\u00e1lvez presenta a su equipo de campa\u00f1a para elecciones de 2024<\/a><\/blockquote><iframe loading=\"lazy\" class=\"wp-embedded-content\" sandbox=\"allow-scripts\" security=\"restricted\" style=\"position: absolute; clip: rect(1px, 1px, 1px, 1px);\" title=\"&#8220;X\u00f3chitl G\u00e1lvez presenta a su equipo de campa\u00f1a para elecciones de 2024&#8221; &#8212; L\u00f3pez-D\u00f3riga Digital\" src=\"https:\/\/lopezdoriga.com\/nacional\/xochitl-galvez-presenta-equipo-campana-elecciones-2024\/embed\/#?secret=gkgarUnyWD#?secret=6vfkOnyduz\" data-secret=\"6vfkOnyduz\" width=\"600\" height=\"338\" frameborder=\"0\" marginwidth=\"0\" marginheight=\"0\" scrolling=\"no\"><\/iframe>\n<\/div><\/figure>\n","protected":false},"excerpt":{"rendered":"<p>X\u00f3chitl G\u00e1lvez dej\u00f3 en claro que este ser\u00e1 un equipo de campa\u00f1a \u201cde gente valiente, que no se agacha y que defender\u00e1 la democracia\u201d Diciembre 5 de 2023 X\u00f3chitl G\u00e1lvez, candidata presidencial del Frente Amplio por M\u00e9xico, present\u00f3 este martes a su equipo de campa\u00f1a de cara a los comicios de 2024. \u201cHoy present\u00f3 este [&hellip;]<\/p>\n","protected":false},"author":1,"featured_media":3480,"comment_status":"open","ping_status":"open","sticky":false,"template":"","format":"standard","meta":{"content-type":"","footnotes":""},"categories":[3,115,105],"tags":[],"class_list":{"0":"post-3479","1":"post","2":"type-post","3":"status-publish","4":"format-standard","5":"has-post-thumbnail","7":"category-mexico","8":"category-politica","9":"category-principal"},"_links":{"self":[{"href":"https:\/\/www.regioncuatronoticias.com\/index.php\/wp-json\/wp\/v2\/posts\/3479","targetHints":{"allow":["GET"]}}],"collection":[{"href":"https:\/\/www.regioncuatronoticias.com\/index.php\/wp-json\/wp\/v2\/posts"}],"about":[{"href":"https:\/\/www.regioncuatronoticias.com\/index.php\/wp-json\/wp\/v2\/types\/post"}],"author":[{"embeddable":true,"href":"https:\/\/www.regioncuatronoticias.com\/index.php\/wp-json\/wp\/v2\/users\/1"}],"replies":[{"embeddable":true,"href":"https:\/\/www.regioncuatronoticias.com\/index.php\/wp-json\/wp\/v2\/comments?post=3479"}],"version-history":[{"count":1,"href":"https:\/\/www.regioncuatronoticias.com\/index.php\/wp-json\/wp\/v2\/posts\/3479\/revisions"}],"predecessor-version":[{"id":3481,"href":"https:\/\/www.regioncuatronoticias.com\/index.php\/wp-json\/wp\/v2\/posts\/3479\/revisions\/3481"}],"wp:featuredmedia":[{"embeddable":true,"href":"https:\/\/www.regioncuatronoticias.com\/index.php\/wp-json\/wp\/v2\/media\/3480"}],"wp:attachment":[{"href":"https:\/\/www.regioncuatronoticias.com\/index.php\/wp-json\/wp\/v2\/media?parent=3479"}],"wp:term":[{"taxonomy":"category","embeddable":true,"href":"https:\/\/www.regioncuatronoticias.com\/index.php\/wp-json\/wp\/v2\/categories?post=3479"},{"taxonomy":"post_tag","embeddable":true,"href":"https:\/\/www.regioncuatronoticias.com\/index.php\/wp-json\/wp\/v2\/tags?post=3479"}],"curies":[{"name":"wp","href":"https:\/\/api.w.org\/{rel}","templated":true}]}}