{"id":34656,"date":"2025-10-09T23:28:01","date_gmt":"2025-10-10T06:28:01","guid":{"rendered":"https:\/\/www.regioncuatronoticias.com\/?p=34656"},"modified":"2025-10-09T23:28:04","modified_gmt":"2025-10-10T06:28:04","slug":"retroactiva-o-ventanita-gotica","status":"publish","type":"post","link":"https:\/\/www.regioncuatronoticias.com\/index.php\/2025\/10\/09\/retroactiva-o-ventanita-gotica\/","title":{"rendered":"Retroactiva o ventanita g\u00f3tica"},"content":{"rendered":"\n<p><strong>Columna Corren Rumores<\/strong><\/p>\n\n\n\n<p><strong>Hilario Olea<\/strong><\/p>\n\n\n\n<p><strong>Retroactiva o ventanita g\u00f3tica<\/strong><\/p>\n\n\n\n<p><strong>Viernes 10 de octubre de 2025<\/strong><\/p>\n\n\n\n<p><strong>UNA BUENA FINTA\u2026<\/strong> Los diputados de la bancada panista ya pararon la oreja y se est\u00e1n oliendo que quer\u00edan \u2018chamaquearlos\u2019 con eso del transitorio que impon\u00eda que las nuevas normas de la Ley de Amparo se aplicaran con retroactividad.&nbsp; De plano no se la creyeron, porque todos se dieron cuenta que era un absurdo y ocurrencia intentar de imponer una nueva norma que es a todas luces inconstitucional. Es cierto que tienen ahora control sobre la Suprema Corte, pero hubiera estado muy trompudo violar tan a lo gacho la Constituci\u00f3n.&nbsp; Por lo pronto ya quitaron la mentada imposici\u00f3n de retroactividad y ahora har\u00e1n una farsa de consulta o parlamento abierto, en donde tienen hasta el lunes para opinar en un portal que no se ha abierto.&nbsp; La finta era buena&nbsp; pero no supieron manejarla. No prepararon bien la ventana g\u00f3tica.<\/p>\n\n\n\n<p><strong>LA VENTANITA G\u00d3TICA\u2026 <\/strong>Seguramente algunos se preguntar\u00e1n \u00bf Y que eso de ventana g\u00f3tica? Esto fue algo que nos aconsej\u00f3 un ejecutivo del Grupo Edel cuando se presentara alg\u00fan proyecto para que no tuviera problemas para su aprobaci\u00f3n. El ejemplo va m\u00e1s o menos as\u00ed. Cuentan que hab\u00eda un joven arquitecto muy modernista que ten\u00eda como jefe a un arquitecto conservador que en todo met\u00eda mano pero con su visi\u00f3n retardataria.&nbsp; Un d\u00eda lleg\u00f3 el proyecto de un edificio&nbsp; y present\u00f3 una propuesta de vanguardia. Pero sab\u00eda que su jefe le encontrar\u00eda algo que quitar o echar a perder. Por eso se le ocurri\u00f3 pintar en una de sus paredes una ventana g\u00f3tica. Al presentarlo su jefe le reclam\u00f3 sobre la ventana. El joven arquitecto fingi\u00f3 que hac\u00eda una enconada defensa, pero encontr\u00f3 el rechazo del jefe, quien le dijo. Mira, si quieres que esto pase, quita esa mugre ventana g\u00f3tica y adelante.&nbsp; Y miren, esto de la retroactividad huele a vil ventana g\u00f3tica.<\/p>\n\n\n\n<p><strong>BELTRONES EL ARQUITECTO\u2026 <\/strong>En su gobierno, el que aplic\u00f3 esta t\u00e9cnica de la ventana g\u00f3tica con genialidad fue el gobernador Manlio Fabio Beltrones cuando propuso reformas a la ley electoral.&nbsp; Iban varias reformas, pero una llamaba la atenci\u00f3n, y era la propuesta de que los partidos pudieran registrar hasta tres candidatos por cada cargo de elecci\u00f3n. Defendi\u00f3 el punto de manera impresionante como si fuera lo m\u00e1s importante. Lo present\u00f3 en c\u00e1maras empresariales, grupos sociales, universidades, colegios de profesionales. Todos pensaron que era lo m\u00e1s importante y por eso la oposici\u00f3n se fue con la finta y puso todo el empe\u00f1o en que no pasara. Dejaron pasar el resto, pero no la mentada candidatura triple.&nbsp; Al final se dieron cuenta que les hab\u00edan vendido una ventana g\u00f3tica y ni cuenta se dieron.&nbsp; Hoy, con la retroactividad han sido demasiados obvios.&nbsp; Ahora, van a tener que aplicar la aplanadora, porque el enga\u00f1o no les funcion\u00f3.<\/p>\n\n\n\n<p><strong>OTRO CORAJE PRESIDENCIAL\u2026 <\/strong>La presidenta Sheinbaum sigue haciendo corajes en las ma\u00f1aneras con tanto exhibicionismo de los ricachos de Morena.&nbsp; No hay semana donde no se exhiban casos de corrupci\u00f3n y de lujos de todos los niveles. Esta semana el que apareci\u00f3 haciendo gala de derroche, adem\u00e1s de Fern\u00e1ndez Noro\u00f1a, fue el Andy L\u00f3pez Beltr\u00e1n, al que exhibieron que hab\u00eda comprado una obra de un artista japonesa Yayoi Kusama valuada en medio mill\u00f3n de pesos, que es obvio que pag\u00f3 al cash porque ni modo que diga que se la fiaron. O sea que adem\u00e1s de unas lujosas vacaciones en Jap\u00f3n, tambi\u00e9n se trajo algunas chacharitas con muchos ceros. Se imaginan a la presidenta levantarse y&nbsp; leer esto, y luego morderse una oreja para no hacer coraje p\u00fablico en la ma\u00f1anera. Ahora ya no defiende a nadie, mejor opta por ocultar su molestia y decir que no entrar\u00e1 en debates. Pero por dentro que retortijones.<\/p>\n\n\n\n<p><strong>\u00bfY EL PATO?&#8230; <\/strong>Algunos se han preguntado donde anda Ernesto de Lucas, porque no se le ha visto, ni cuando anduvo por estos rumbos su dirigente nacional Jorge \u00c1lvarez M\u00e1ynez.&nbsp; Unos dicen que por prudencia y entrar en pol\u00e9micas mejor se mantiene reservado. Otros, que es una estrategia legal y est\u00e1 en el otro lado. Lo cierto es que el Pato no se le conoce de zacat\u00f3n, por lo que no debe tardar en aparecer. Adem\u00e1s, cuenta con el respaldo de su nuevo partido, que incluso est\u00e1 incluido en la lista de candidatos.&nbsp; No se preocupen, pronto lo veremos corriendo por el campo.<\/p>\n\n\n\n<p><strong>En fin, por eso mejor recuerden lo que dec\u00eda el Payo Rodr\u00edguez:&nbsp; El que madruga, es que no ten\u00eda otra cosa que hacer. Sale.<\/strong><\/p>\n\n\n\n<p><strong>S\u00edganos en la cuenta de X o Twitter @hilarioolea.<\/strong><\/p>\n\n\n\n<p><strong>Pueden vernos de lunes a viernes de 8 a 9 de la noche en nuestro canal de YouTube \u201cEntre Todos Digital\u201d.<\/strong><\/p>\n\n\n\n<p><strong>Sigan nuestras redes sociales<\/strong><\/p>\n","protected":false},"excerpt":{"rendered":"<p>Columna Corren Rumores Hilario Olea Retroactiva o ventanita g\u00f3tica Viernes 10 de octubre de 2025 UNA BUENA FINTA\u2026 Los diputados de la bancada panista ya pararon la oreja y se est\u00e1n oliendo que quer\u00edan \u2018chamaquearlos\u2019 con eso del transitorio que impon\u00eda que las nuevas normas de la Ley de Amparo se aplicaran con retroactividad.&nbsp; De [&hellip;]<\/p>\n","protected":false},"author":1,"featured_media":34657,"comment_status":"open","ping_status":"open","sticky":false,"template":"","format":"standard","meta":{"content-type":"","footnotes":""},"categories":[121],"tags":[],"class_list":{"0":"post-34656","1":"post","2":"type-post","3":"status-publish","4":"format-standard","5":"has-post-thumbnail","7":"category-hilarioolea"},"_links":{"self":[{"href":"https:\/\/www.regioncuatronoticias.com\/index.php\/wp-json\/wp\/v2\/posts\/34656","targetHints":{"allow":["GET"]}}],"collection":[{"href":"https:\/\/www.regioncuatronoticias.com\/index.php\/wp-json\/wp\/v2\/posts"}],"about":[{"href":"https:\/\/www.regioncuatronoticias.com\/index.php\/wp-json\/wp\/v2\/types\/post"}],"author":[{"embeddable":true,"href":"https:\/\/www.regioncuatronoticias.com\/index.php\/wp-json\/wp\/v2\/users\/1"}],"replies":[{"embeddable":true,"href":"https:\/\/www.regioncuatronoticias.com\/index.php\/wp-json\/wp\/v2\/comments?post=34656"}],"version-history":[{"count":1,"href":"https:\/\/www.regioncuatronoticias.com\/index.php\/wp-json\/wp\/v2\/posts\/34656\/revisions"}],"predecessor-version":[{"id":34658,"href":"https:\/\/www.regioncuatronoticias.com\/index.php\/wp-json\/wp\/v2\/posts\/34656\/revisions\/34658"}],"wp:featuredmedia":[{"embeddable":true,"href":"https:\/\/www.regioncuatronoticias.com\/index.php\/wp-json\/wp\/v2\/media\/34657"}],"wp:attachment":[{"href":"https:\/\/www.regioncuatronoticias.com\/index.php\/wp-json\/wp\/v2\/media?parent=34656"}],"wp:term":[{"taxonomy":"category","embeddable":true,"href":"https:\/\/www.regioncuatronoticias.com\/index.php\/wp-json\/wp\/v2\/categories?post=34656"},{"taxonomy":"post_tag","embeddable":true,"href":"https:\/\/www.regioncuatronoticias.com\/index.php\/wp-json\/wp\/v2\/tags?post=34656"}],"curies":[{"name":"wp","href":"https:\/\/api.w.org\/{rel}","templated":true}]}}