{"id":3398,"date":"2023-12-04T22:17:33","date_gmt":"2023-12-05T05:17:33","guid":{"rendered":"https:\/\/www.regioncuatronoticias.com\/?p=3398"},"modified":"2023-12-04T22:17:35","modified_gmt":"2023-12-05T05:17:35","slug":"victimas-de-masacre-en-celaya-eran-alumnos-de-la-universidad-latina","status":"publish","type":"post","link":"https:\/\/www.regioncuatronoticias.com\/index.php\/2023\/12\/04\/victimas-de-masacre-en-celaya-eran-alumnos-de-la-universidad-latina\/","title":{"rendered":"V\u00edctimas de masacre en Celaya eran alumnos de la Universidad Latina"},"content":{"rendered":"\n<p>Los cinco j\u00f3venes hallados muertos en Celaya eran alumnos de la Universidad Latina de M\u00e9xico, confirm\u00f3 el rector quien extern\u00f3 sus m\u00e1s sinceras condolencias<\/p>\n\n\n\n<p>Diciembre 4 de 2023<\/p>\n\n\n\n<p>La Universidad Latina de M\u00e9xico confirm\u00f3 que los cinco j\u00f3venes hallados muertos en Celaya, Guanajuato, eran alumnos de tal instituci\u00f3n.<\/p>\n\n\n\n<p>El rector Carlos Lemus Mu\u00f1oz Ledo inform\u00f3 que las v\u00edctimas eran estudiantes de Medicina.<\/p>\n\n\n\n<p>Al menos dos de los j\u00f3venes eran hermanos y un tercero primo de ambos. Uno cursaba el primer semestre mientras que otros eran de s\u00e9ptimo y noveno semestre.<\/p>\n\n\n\n<p>J\u00f3venes talentosos, (dos de ellos) pr\u00f3ximos a graduarse justamente en enero. Como todos los j\u00f3venes (eran) alegres, muy talentosos, y al interior de la Universidad con el cumplimiento acad\u00e9mico preciso\u201d, dijo en conferencia de prensa.<\/p>\n\n\n\n<p>A\u00f1adi\u00f3 que un sexto alumno permanece en calidad de desaparecido, si bien medios de comunicaci\u00f3n locales reportan el hallazgo de un sexto cuerpo cerca de d\u00f3nde fueron encontradas las cinco v\u00edctimas.<\/p>\n\n\n\n<p>El rector Mu\u00f1oz Ledo envi\u00f3 sus m\u00e1s sinceras condolencias a los padres, familiares y amigos de los alumnos, as\u00ed como a la comunidad universitaria.<\/p>\n\n\n\n<p>Es muy lamentable los hechos ocurridos; estamos consternados, estamos muy tristes\u201d, afirm\u00f3.<\/p>\n\n\n\n<p>Exigi\u00f3 a las autoridades el esclarecimiento de los hechos y dar justicia a las familias.<\/p>\n\n\n\n<p>Hacemos un llamado a toda la comunidad de nuestra universidad a seguir construyendo una nueva sociedad, a construir la justicia social desde la paz. La paz es el camino, no el destino\u201d, apunt\u00f3.<\/p>\n\n\n\n<p>La Universidad Latina de M\u00e9xico suspendi\u00f3 actividades acad\u00e9micas este lunes en solidaridad a lo ocurrido.<\/p>\n\n\n\n<p>Con informaci\u00f3n de L\u00f3pez-D\u00f3riga Digital<\/p>\n\n\n\n<figure class=\"wp-block-embed is-type-wp-embed is-provider-l-pez-d-riga-digital wp-block-embed-l-pez-d-riga-digital\"><div class=\"wp-block-embed__wrapper\">\n<blockquote class=\"wp-embedded-content\" data-secret=\"4NFIUGCUXF\"><a href=\"https:\/\/lopezdoriga.com\/nacional\/victimas-de-masacre-en-celaya-eran-alumnos-de-la-universidad-latina\/\">V\u00edctimas de masacre en Celaya eran alumnos de la Universidad Latina<\/a><\/blockquote><iframe loading=\"lazy\" class=\"wp-embedded-content\" sandbox=\"allow-scripts\" security=\"restricted\" style=\"position: absolute; clip: rect(1px, 1px, 1px, 1px);\" title=\"&#8220;V\u00edctimas de masacre en Celaya eran alumnos de la Universidad Latina&#8221; &#8212; L\u00f3pez-D\u00f3riga Digital\" src=\"https:\/\/lopezdoriga.com\/nacional\/victimas-de-masacre-en-celaya-eran-alumnos-de-la-universidad-latina\/embed\/#?secret=13aPYMriNB#?secret=4NFIUGCUXF\" data-secret=\"4NFIUGCUXF\" width=\"600\" height=\"338\" frameborder=\"0\" marginwidth=\"0\" marginheight=\"0\" scrolling=\"no\"><\/iframe>\n<\/div><\/figure>\n","protected":false},"excerpt":{"rendered":"<p>Los cinco j\u00f3venes hallados muertos en Celaya eran alumnos de la Universidad Latina de M\u00e9xico, confirm\u00f3 el rector quien extern\u00f3 sus m\u00e1s sinceras condolencias Diciembre 4 de 2023 La Universidad Latina de M\u00e9xico confirm\u00f3 que los cinco j\u00f3venes hallados muertos en Celaya, Guanajuato, eran alumnos de tal instituci\u00f3n. El rector Carlos Lemus Mu\u00f1oz Ledo inform\u00f3 [&hellip;]<\/p>\n","protected":false},"author":1,"featured_media":3399,"comment_status":"open","ping_status":"open","sticky":false,"template":"","format":"standard","meta":{"content-type":"","footnotes":""},"categories":[3,113],"tags":[],"class_list":{"0":"post-3398","1":"post","2":"type-post","3":"status-publish","4":"format-standard","5":"has-post-thumbnail","7":"category-mexico","8":"category-seguridad"},"_links":{"self":[{"href":"https:\/\/www.regioncuatronoticias.com\/index.php\/wp-json\/wp\/v2\/posts\/3398","targetHints":{"allow":["GET"]}}],"collection":[{"href":"https:\/\/www.regioncuatronoticias.com\/index.php\/wp-json\/wp\/v2\/posts"}],"about":[{"href":"https:\/\/www.regioncuatronoticias.com\/index.php\/wp-json\/wp\/v2\/types\/post"}],"author":[{"embeddable":true,"href":"https:\/\/www.regioncuatronoticias.com\/index.php\/wp-json\/wp\/v2\/users\/1"}],"replies":[{"embeddable":true,"href":"https:\/\/www.regioncuatronoticias.com\/index.php\/wp-json\/wp\/v2\/comments?post=3398"}],"version-history":[{"count":1,"href":"https:\/\/www.regioncuatronoticias.com\/index.php\/wp-json\/wp\/v2\/posts\/3398\/revisions"}],"predecessor-version":[{"id":3400,"href":"https:\/\/www.regioncuatronoticias.com\/index.php\/wp-json\/wp\/v2\/posts\/3398\/revisions\/3400"}],"wp:featuredmedia":[{"embeddable":true,"href":"https:\/\/www.regioncuatronoticias.com\/index.php\/wp-json\/wp\/v2\/media\/3399"}],"wp:attachment":[{"href":"https:\/\/www.regioncuatronoticias.com\/index.php\/wp-json\/wp\/v2\/media?parent=3398"}],"wp:term":[{"taxonomy":"category","embeddable":true,"href":"https:\/\/www.regioncuatronoticias.com\/index.php\/wp-json\/wp\/v2\/categories?post=3398"},{"taxonomy":"post_tag","embeddable":true,"href":"https:\/\/www.regioncuatronoticias.com\/index.php\/wp-json\/wp\/v2\/tags?post=3398"}],"curies":[{"name":"wp","href":"https:\/\/api.w.org\/{rel}","templated":true}]}}