{"id":33742,"date":"2025-09-16T21:45:05","date_gmt":"2025-09-17T04:45:05","guid":{"rendered":"https:\/\/www.regioncuatronoticias.com\/?p=33742"},"modified":"2025-09-16T21:45:12","modified_gmt":"2025-09-17T04:45:12","slug":"no-cuenten-conmigo","status":"publish","type":"post","link":"https:\/\/www.regioncuatronoticias.com\/index.php\/2025\/09\/16\/no-cuenten-conmigo\/","title":{"rendered":"No cuenten conmigo\u00a0\u00a0\u00a0\u00a0\u00a0\u00a0\u00a0\u00a0\u00a0\u00a0\u00a0\u00a0\u00a0\u00a0\u00a0\u00a0\u00a0\u00a0\u00a0\u00a0\u00a0\u00a0"},"content":{"rendered":"\n<p><strong>Columna Corren Rumores<\/strong><\/p>\n\n\n\n<p><strong>Hilario Olea<\/strong><\/p>\n\n\n\n<p><strong>No cuenten conmigo&nbsp;&nbsp;&nbsp;&nbsp;&nbsp;&nbsp;&nbsp;&nbsp;&nbsp; &nbsp;&nbsp;&nbsp;&nbsp;&nbsp;&nbsp;&nbsp;&nbsp;&nbsp;&nbsp;&nbsp;&nbsp;&nbsp;<\/strong><\/p>\n\n\n\n<p><strong>Mi\u00e9rcoles 17 de septiembre de 2025<\/strong><\/p>\n\n\n\n<p><strong>LILLY TELLEZ NO VA\u2026 <\/strong>Algunos aspirantes a candidatos por la oposici\u00f3n respiraron tranquilos, incluso algunos oficialistas, al saber que la combativa senadora Lilly T\u00e9llez dijo que no por la candidatura a la gubernatura en este 2027. Enf\u00e1tica dijo en entrevista para ADN40, \u201cNo, definitivamente no\u201d.&nbsp; Con esto el que se puede relajar es el actual alcalde de Hermosillo, To\u00f1o Astiazar\u00e1n, pues con esto se despeja su camino para la lucha interna en el PAN.&nbsp; Fuera de la senadora sonorense no hay quien le compita por esta candidatura&nbsp; y en el PRI no se ve alguien con suficiente estatura como para ser un contendiente que le haga sombra. Por lo mismo, se puede dar ahora por descontado de que la oposici\u00f3n no tendr\u00e1 lucha interna, a diferencia de la 4T, en donde hay un verdadero racimo de aspirantes.<\/p>\n\n\n\n<p><strong>L\u00c1STIMA QUE NO VAYA\u2026 <\/strong>El oficialismo est\u00e1 contento con que Lilly T\u00e9llez no vaya, porque sabe que tendr\u00edan una candidata muy inc\u00f3moda en todo sentido. Ya se imagina los discursos incendiarios que soltar\u00eda a lo largo de la campa\u00f1a. Otra, se volver\u00eda una dura contendiente en los debates, sobre todo por su postura cr\u00edtica y su capacidad para hablar desde la tribuna. De haberse animado, Lilly&nbsp; hubiera obligado a una buena selecci\u00f3n de candidato de parte de Morena, porque con un candidato tibio se corre el riesgo de que la gente les d\u00e9 la espalda, como pasa ya en Hermosillo.&nbsp; Ahora, con esto pueden volver a los planes originales y empujar proyectos que puedan ser cobijados sin problema por la fortaleza del sistema y ganar los sectores que son beneficiados por los Programas del Bienestar sin mayores problemas.<\/p>\n\n\n\n<p><strong>CABALLO NEGRO\u2026 <\/strong>No deben de perder de vista los llamados caballos negros, que de repente saltan de donde menos se espera. Ahorita es el caso del alcalde de Cajeme, Javier Lamarque, por el que hasta hace unas semanas nadie daba un peso. Sin embargo, entre burlas ha comenzado a remontar vuelo. Lo vemos por aqu\u00ed y por all\u00e1. Por ejemplo, se luci\u00f3 al acompa\u00f1ar al gobernador Alfonso Durazo en la reuni\u00f3n de la mesa de seguridad en la ciudad de M\u00e9xico. All\u00e1 tuvo chance de saludar a su amiga la presidenta Claudia Sheinbaum; pero, sobre todo, echarse una buena grilla con el gobernador. Ahora, a querer y no, hay que incluirlo en las cartas que se estar\u00e1n barajando el que entra.&nbsp; Que conste que se lo comentamos.<\/p>\n\n\n\n<p><strong>PARA HERMOSILLO\u2026 <\/strong>Por aqu\u00ed nos dicen que si bien es cierto que Lilly T\u00e9llez ya no va por la gubernatura, no hay nada que evite que trate de buscar la candidatura para la alcald\u00eda de Hermosillo, una plaza en donde las cosas est\u00e1n muy re\u00f1idas, como lo ha demostrado To\u00f1o Astiazar\u00e1n con dos triunfos electorales seguidos. Sin embargo, para esta posici\u00f3n s\u00ed hay competencia. Por el PAN ya levantaron la mano Ram\u00f3n Corral hijo, actual oficial mayor municipal y el exalcalde Alejandro L\u00f3pez Caballero. Por el PRI, su dirigente estatal, Lupita Soto, ya destap\u00f3 a Alfonso El\u00edas Serrano, a la tesorera Flor Ayala, y a Iris S\u00e1nchez Chiu. Por su parte el sector oficial tiene una larga lista por Morena, PT y el Verde. De esos ya hablaremos m\u00e1s adelante.&nbsp; Porque esta candidatura s\u00ed se fabricar\u00e1 en palacio de gobierno.<\/p>\n\n\n\n<p><strong>SUSPENDIERON GRITOS\u2026 <\/strong>Aqu\u00ed en Hermosillo s\u00ed hubo noche del Grito con todo y el llovid\u00f3n que cay\u00f3 el lunes por la noche. Pero no se raj\u00f3 el gobernador Alfonso Durazo para gritar vivas a los h\u00e9roes&nbsp; y la gente en su mayor\u00eda se qued\u00f3 en la Plaza Zaragoza. Sin embargo, hubo lugares donde de plano le sacaron y no por la lluvia sino por la inseguridad. Entre estos el m\u00e1s notorio fue en Culiac\u00e1n en donde la ceremonia fue casi privada porque no hubo invitados. Ah\u00ed se vio malito el gobernador Rub\u00e9n Rocha Moya, quien grit\u00f3 pero de miedo. Mal mensaje al mostrar que los que mandan en ese estado son los grupos criminales y por sus pistolas se hace lo que ellos quieren. Otros gritos suspendidos fueron en Xalatlaco, en el Estado de M\u00e9xico, por una balacera previa que dej\u00f3 cuatro muertos.&nbsp; Hubo otros dos municipios en Michoac\u00e1n y otros dos en Oaxaca, lo mismo que en Veracruz.&nbsp; \u00bfY saben que pas\u00f3? Nada.<\/p>\n\n\n\n<p><strong>En fin, pero como dijo el Perico Hoyos: No hay bien que por mal no venga. Cu\u00eddense de los males. Sale.<\/strong><\/p>\n\n\n\n<p><strong>S\u00edganos en la cuenta de X o Twitter @hilarioolea.<\/strong><\/p>\n\n\n\n<p><strong>Pueden vernos de lunes a viernes de 8 a 9 de la noche en nuestro canal de YouTube \u201cEntre Todos Digital\u201d.<\/strong><\/p>\n\n\n\n<p><strong>Sigan nuestras redes sociales<\/strong><\/p>\n","protected":false},"excerpt":{"rendered":"<p>Columna Corren Rumores Hilario Olea No cuenten conmigo&nbsp;&nbsp;&nbsp;&nbsp;&nbsp;&nbsp;&nbsp;&nbsp;&nbsp; &nbsp;&nbsp;&nbsp;&nbsp;&nbsp;&nbsp;&nbsp;&nbsp;&nbsp;&nbsp;&nbsp;&nbsp;&nbsp; Mi\u00e9rcoles 17 de septiembre de 2025 LILLY TELLEZ NO VA\u2026 Algunos aspirantes a candidatos por la oposici\u00f3n respiraron tranquilos, incluso algunos oficialistas, al saber que la combativa senadora Lilly T\u00e9llez dijo que no por la candidatura a la gubernatura en este 2027. Enf\u00e1tica dijo en entrevista [&hellip;]<\/p>\n","protected":false},"author":1,"featured_media":33743,"comment_status":"open","ping_status":"open","sticky":false,"template":"","format":"standard","meta":{"content-type":"","footnotes":""},"categories":[121],"tags":[],"class_list":{"0":"post-33742","1":"post","2":"type-post","3":"status-publish","4":"format-standard","5":"has-post-thumbnail","7":"category-hilarioolea"},"_links":{"self":[{"href":"https:\/\/www.regioncuatronoticias.com\/index.php\/wp-json\/wp\/v2\/posts\/33742","targetHints":{"allow":["GET"]}}],"collection":[{"href":"https:\/\/www.regioncuatronoticias.com\/index.php\/wp-json\/wp\/v2\/posts"}],"about":[{"href":"https:\/\/www.regioncuatronoticias.com\/index.php\/wp-json\/wp\/v2\/types\/post"}],"author":[{"embeddable":true,"href":"https:\/\/www.regioncuatronoticias.com\/index.php\/wp-json\/wp\/v2\/users\/1"}],"replies":[{"embeddable":true,"href":"https:\/\/www.regioncuatronoticias.com\/index.php\/wp-json\/wp\/v2\/comments?post=33742"}],"version-history":[{"count":1,"href":"https:\/\/www.regioncuatronoticias.com\/index.php\/wp-json\/wp\/v2\/posts\/33742\/revisions"}],"predecessor-version":[{"id":33744,"href":"https:\/\/www.regioncuatronoticias.com\/index.php\/wp-json\/wp\/v2\/posts\/33742\/revisions\/33744"}],"wp:featuredmedia":[{"embeddable":true,"href":"https:\/\/www.regioncuatronoticias.com\/index.php\/wp-json\/wp\/v2\/media\/33743"}],"wp:attachment":[{"href":"https:\/\/www.regioncuatronoticias.com\/index.php\/wp-json\/wp\/v2\/media?parent=33742"}],"wp:term":[{"taxonomy":"category","embeddable":true,"href":"https:\/\/www.regioncuatronoticias.com\/index.php\/wp-json\/wp\/v2\/categories?post=33742"},{"taxonomy":"post_tag","embeddable":true,"href":"https:\/\/www.regioncuatronoticias.com\/index.php\/wp-json\/wp\/v2\/tags?post=33742"}],"curies":[{"name":"wp","href":"https:\/\/api.w.org\/{rel}","templated":true}]}}