{"id":3344,"date":"2023-12-03T21:48:23","date_gmt":"2023-12-04T04:48:23","guid":{"rendered":"https:\/\/www.regioncuatronoticias.com\/?p=3344"},"modified":"2023-12-03T21:48:25","modified_gmt":"2023-12-04T04:48:25","slug":"celebran-diputados-de-morena-avances-del-plan-de-justicia-del-pueblo-yaqui","status":"publish","type":"post","link":"https:\/\/www.regioncuatronoticias.com\/index.php\/2023\/12\/03\/celebran-diputados-de-morena-avances-del-plan-de-justicia-del-pueblo-yaqui\/","title":{"rendered":"Celebran diputados de MORENA \u00a0avances del Plan de Justicia del Pueblo Yaqui."},"content":{"rendered":"\n<p>V\u00edcam, Sonora; 3 de diciembre de 2023.- Las y los diputados del Grupo Parlamentario de Morena celebramos el cumplimiento de los compromisos pactados entre el gobierno de M\u00e9xico y el gobierno de Sonora, despu\u00e9s de 80 a\u00f1os fue transferido a las autoridades de los ocho pueblos yaquis, la infraestructura hidroagr\u00edcola del distrito de riego 018 y la soluci\u00f3n amistosa del caso 13.001 presentado por el pueblo yaqui ante la Comisi\u00f3n Interamericana de Derechos Humanos.<\/p>\n\n\n\n<p>La coordinadora del grupo parlamentario Ernestina Castro Valenzuela, se\u00f1al\u00f3 que los acuerdos representan un hecho hist\u00f3rico, al materializarse los compromisos que se han forjado con la comunidad yaqui y la atenci\u00f3n a la demanda del gobierno federal y estatal, que desde un inicio de la administraci\u00f3n se comprometieron en resarcir los agravios que ha sufrido hist\u00f3ricamente este pueblo a partir de tres ejes fundamentales: tierra y territorio, derecho al agua y bienestar integral.<\/p>\n\n\n\n<p>Castro Valenzuela asegur\u00f3 que el Plan de Justicia del Pueblo Yaqui responde al postulado presidencial \u201cprimeros los pobres\u201d; afirm\u00f3 que es una muestra de que el gobierno de M\u00e9xico y Sonora respetan y reconocen los derechos inalienables de los pueblos y comunidades como sujetos de derecho p\u00fablico con plena capacidad de toma de decisiones.<\/p>\n\n\n\n<p>Subray\u00f3 que hasta ahora se realiza una inversi\u00f3n federal superior a los 11 millones de pesos, enfocados en las acciones exclusivas para la construcci\u00f3n del Distrito de Riego 018.<\/p>\n","protected":false},"excerpt":{"rendered":"<p>V\u00edcam, Sonora; 3 de diciembre de 2023.- Las y los diputados del Grupo Parlamentario de Morena celebramos el cumplimiento de los compromisos pactados entre el gobierno de M\u00e9xico y el gobierno de Sonora, despu\u00e9s de 80 a\u00f1os fue transferido a las autoridades de los ocho pueblos yaquis, la infraestructura hidroagr\u00edcola del distrito de riego 018 [&hellip;]<\/p>\n","protected":false},"author":1,"featured_media":3345,"comment_status":"open","ping_status":"open","sticky":false,"template":"","format":"standard","meta":{"content-type":"","footnotes":""},"categories":[119,9],"tags":[],"class_list":{"0":"post-3344","1":"post","2":"type-post","3":"status-publish","4":"format-standard","5":"has-post-thumbnail","7":"category-congreso","8":"category-sonora"},"_links":{"self":[{"href":"https:\/\/www.regioncuatronoticias.com\/index.php\/wp-json\/wp\/v2\/posts\/3344","targetHints":{"allow":["GET"]}}],"collection":[{"href":"https:\/\/www.regioncuatronoticias.com\/index.php\/wp-json\/wp\/v2\/posts"}],"about":[{"href":"https:\/\/www.regioncuatronoticias.com\/index.php\/wp-json\/wp\/v2\/types\/post"}],"author":[{"embeddable":true,"href":"https:\/\/www.regioncuatronoticias.com\/index.php\/wp-json\/wp\/v2\/users\/1"}],"replies":[{"embeddable":true,"href":"https:\/\/www.regioncuatronoticias.com\/index.php\/wp-json\/wp\/v2\/comments?post=3344"}],"version-history":[{"count":1,"href":"https:\/\/www.regioncuatronoticias.com\/index.php\/wp-json\/wp\/v2\/posts\/3344\/revisions"}],"predecessor-version":[{"id":3346,"href":"https:\/\/www.regioncuatronoticias.com\/index.php\/wp-json\/wp\/v2\/posts\/3344\/revisions\/3346"}],"wp:featuredmedia":[{"embeddable":true,"href":"https:\/\/www.regioncuatronoticias.com\/index.php\/wp-json\/wp\/v2\/media\/3345"}],"wp:attachment":[{"href":"https:\/\/www.regioncuatronoticias.com\/index.php\/wp-json\/wp\/v2\/media?parent=3344"}],"wp:term":[{"taxonomy":"category","embeddable":true,"href":"https:\/\/www.regioncuatronoticias.com\/index.php\/wp-json\/wp\/v2\/categories?post=3344"},{"taxonomy":"post_tag","embeddable":true,"href":"https:\/\/www.regioncuatronoticias.com\/index.php\/wp-json\/wp\/v2\/tags?post=3344"}],"curies":[{"name":"wp","href":"https:\/\/api.w.org\/{rel}","templated":true}]}}