{"id":3340,"date":"2023-12-03T21:44:25","date_gmt":"2023-12-04T04:44:25","guid":{"rendered":"https:\/\/www.regioncuatronoticias.com\/?p=3340"},"modified":"2023-12-03T21:44:26","modified_gmt":"2023-12-04T04:44:26","slug":"alumna-de-cecyte-sonora-gana-primer-lugar-en-concurso-nacional-de-expresion-literaria","status":"publish","type":"post","link":"https:\/\/www.regioncuatronoticias.com\/index.php\/2023\/12\/03\/alumna-de-cecyte-sonora-gana-primer-lugar-en-concurso-nacional-de-expresion-literaria\/","title":{"rendered":"Alumna de Cecyte Sonora gana primer lugar en Concurso Nacional de Expresi\u00f3n Literaria"},"content":{"rendered":"\n<p>Hermosillo, Sonora; 3 de diciembre del 2023.- Yamileth Soriano Castro, estudiante del Colegio de Estudios Cient\u00edficos y Tecnol\u00f3gicos del Estado de Sonora (Cecyte), plantel Hermosillo III El Mariachi, gan\u00f3 el primer lugar del XXIII Concurso Nacional de Expresi\u00f3n Literaria \u201cLa Juventud y la Mar\u201d 2023.<\/p>\n\n\n\n<p>Blanca Aurelia Valenzuela, directora general del subsistema, reconoci\u00f3 el esfuerzo y dedicaci\u00f3n de la joven, as\u00ed como el de sus maestros asesores quienes trabajaron con la estudiante para mejorar su desempe\u00f1o y lograr el primer lugar a nivel nacional.<\/p>\n\n\n\n<p>En la ceremonia que se llev\u00f3 a cabo en la Ciudad de M\u00e9xico, el Alto Mando de la Armada de M\u00e9xico coment\u00f3 a los j\u00f3venes que \u201cla Secretar\u00eda de Marina-Armada de M\u00e9xico apoyar\u00e1, como hasta ahora lo ha hecho, a la juventud mexicana a trav\u00e9s de cert\u00e1menes como La Juventud y la Mar, en los cuales queda comprobado la creatividad y atenci\u00f3n de la juventud por el mar\u201d.<\/p>\n\n\n\n<p>Los j\u00f3venes que obtuvieron el primer lugar se hicieron acreedores a un viaje a la Ciudad de M\u00e9xico y al Puerto de Veracruz, as\u00ed como a un paquete de obras literarias. Los segundos y terceros lugares se hicieron acreedores a un incentivo econ\u00f3mico, as\u00ed como a un paquete de obras literarias y obsequios.<\/p>\n","protected":false},"excerpt":{"rendered":"<p>Hermosillo, Sonora; 3 de diciembre del 2023.- Yamileth Soriano Castro, estudiante del Colegio de Estudios Cient\u00edficos y Tecnol\u00f3gicos del Estado de Sonora (Cecyte), plantel Hermosillo III El Mariachi, gan\u00f3 el primer lugar del XXIII Concurso Nacional de Expresi\u00f3n Literaria \u201cLa Juventud y la Mar\u201d 2023. Blanca Aurelia Valenzuela, directora general del subsistema, reconoci\u00f3 el esfuerzo [&hellip;]<\/p>\n","protected":false},"author":1,"featured_media":3341,"comment_status":"open","ping_status":"open","sticky":false,"template":"","format":"standard","meta":{"content-type":"","footnotes":""},"categories":[117,9],"tags":[],"class_list":{"0":"post-3340","1":"post","2":"type-post","3":"status-publish","4":"format-standard","5":"has-post-thumbnail","7":"category-general","8":"category-sonora"},"_links":{"self":[{"href":"https:\/\/www.regioncuatronoticias.com\/index.php\/wp-json\/wp\/v2\/posts\/3340","targetHints":{"allow":["GET"]}}],"collection":[{"href":"https:\/\/www.regioncuatronoticias.com\/index.php\/wp-json\/wp\/v2\/posts"}],"about":[{"href":"https:\/\/www.regioncuatronoticias.com\/index.php\/wp-json\/wp\/v2\/types\/post"}],"author":[{"embeddable":true,"href":"https:\/\/www.regioncuatronoticias.com\/index.php\/wp-json\/wp\/v2\/users\/1"}],"replies":[{"embeddable":true,"href":"https:\/\/www.regioncuatronoticias.com\/index.php\/wp-json\/wp\/v2\/comments?post=3340"}],"version-history":[{"count":1,"href":"https:\/\/www.regioncuatronoticias.com\/index.php\/wp-json\/wp\/v2\/posts\/3340\/revisions"}],"predecessor-version":[{"id":3342,"href":"https:\/\/www.regioncuatronoticias.com\/index.php\/wp-json\/wp\/v2\/posts\/3340\/revisions\/3342"}],"wp:featuredmedia":[{"embeddable":true,"href":"https:\/\/www.regioncuatronoticias.com\/index.php\/wp-json\/wp\/v2\/media\/3341"}],"wp:attachment":[{"href":"https:\/\/www.regioncuatronoticias.com\/index.php\/wp-json\/wp\/v2\/media?parent=3340"}],"wp:term":[{"taxonomy":"category","embeddable":true,"href":"https:\/\/www.regioncuatronoticias.com\/index.php\/wp-json\/wp\/v2\/categories?post=3340"},{"taxonomy":"post_tag","embeddable":true,"href":"https:\/\/www.regioncuatronoticias.com\/index.php\/wp-json\/wp\/v2\/tags?post=3340"}],"curies":[{"name":"wp","href":"https:\/\/api.w.org\/{rel}","templated":true}]}}