{"id":3331,"date":"2023-12-02T14:47:12","date_gmt":"2023-12-02T21:47:12","guid":{"rendered":"https:\/\/www.regioncuatronoticias.com\/?p=3331"},"modified":"2023-12-02T14:47:13","modified_gmt":"2023-12-02T21:47:13","slug":"he-decidido-no-participar-en-la-contienda-electoral-para-presidente-samuel-garcia","status":"publish","type":"post","link":"https:\/\/www.regioncuatronoticias.com\/index.php\/2023\/12\/02\/he-decidido-no-participar-en-la-contienda-electoral-para-presidente-samuel-garcia\/","title":{"rendered":"\u201cHe decidido no participar en la contienda electoral para presidente\u201d: Samuel Garc\u00eda"},"content":{"rendered":"\n<p>-Samuel Garc\u00eda confirm\u00f3 que decidi\u00f3 no participar en la contienda electoral y no har\u00e1 efectiva su licencia para ausentarse de la gubernatura de Nuevo Le\u00f3n<\/p>\n\n\n\n<p>-Si Samuel Garc\u00eda reasume como gobernador sin que el Congreso de NL revoque su licencia, estar\u00eda usurpando funciones: Juristas<\/p>\n\n\n\n<p>Diciembre &nbsp;2 de 2023<\/p>\n\n\n\n<p>Samuel Garc\u00eda confirm\u00f3 que decidi\u00f3 no participar en la contienda electoral para presidente de la Rep\u00fablica y, por ello, no har\u00e1 efectiva su licencia para ausentarse de la gubernatura de Nuevo Le\u00f3n.<\/p>\n\n\n\n<p>A trav\u00e9s de una publicaci\u00f3n en su cuenta de Instagram, Garc\u00eda Sep\u00falveda comparti\u00f3 un fragmento de un documento en el que asegura que deja la contienda.<\/p>\n\n\n\n<p>Tambi\u00e9n detalla que se reintegra a sus actividades como gobernador de Nuevo Le\u00f3n, acuerdo que entrar\u00e1 en vigor al d\u00eda siguiente de su publicaci\u00f3n en el Peri\u00f3dico Oficial del Estado.<\/p>\n\n\n\n<p>Ordena que se comunique al Congreso del estado este acuerdo para los efectos legales conducentes.<\/p>\n\n\n\n<p>Previamente, el presidente del Congreso de Nuevo Le\u00f3n, Mauro Guerra Villarreal, confirm\u00f3 que la licencia solicitada por Samuel Garc\u00eda para separarse del cargo de gobernador contin\u00faa vigente.<\/p>\n\n\n\n<p>De acuerdo con Milenio, a trav\u00e9s de un comunicado Guerra Villarreal aclar\u00f3 que la suspensi\u00f3n que se le hab\u00eda otorgado por el Tribunal Superior de Justicia para dejar sin efectos la licencia, qued\u00f3 sin efectos, pues Luis Enrique Orozco, quien fuera designado como gobernador interino del estado por el Congreso, s\u00ed asumi\u00f3 su cargo.<\/p>\n\n\n\n<p>Con informaci\u00f3n de L\u00f3pez-D\u00f3riga Digital<\/p>\n\n\n\n<p><strong>Licencia de Samuel Garc\u00eda contin\u00faa vigente, confirma Congreso de Nuevo Le\u00f3n<\/strong><\/p>\n\n\n\n<p>El Congreso de Nuevo Le\u00f3n confirm\u00f3 que la licencia solicitada por Samuel Garc\u00eda para separarse del cargo de gobernador contin\u00faa vigente<\/p>\n\n\n\n<p>Diciembre 2 de 2023<\/p>\n\n\n\n<p>El presidente del Congreso de Nuevo Le\u00f3n, Mauro Guerra Villarreal, confirm\u00f3 que la licencia solicitada por Samuel Garc\u00eda para separarse del cargo de gobernador contin\u00faa vigente.<\/p>\n\n\n\n<p>De acuerdo con Milenio, a trav\u00e9s de un comunicado Guerra Villarreal aclar\u00f3 que la suspensi\u00f3n que se le hab\u00eda otorgado por el Tribunal Superior de Justicia para dejar sin efectos la licencia, qued\u00f3 sin efectos, pues Luis Enrique Orozco, quien fuera designado como gobernador interino del estado por el Congreso, s\u00ed asumi\u00f3 su cargo.<\/p>\n\n\n\n<p>\u201cEl Poder Ejecutivo ya fue notificado de este sobreseimiento, lo cual ratifica la licencia que las diputadas y los diputados le concedimos a Samuel Garc\u00eda Sep\u00falveda para separarse del cargo del dos de diciembre del presente a\u00f1o al dos de junio de 2024\u2033,&nbsp; explic\u00f3.<\/p>\n\n\n\n<p>Detall\u00f3 que en caso de que Samuel Garc\u00eda Sep\u00falveda se quede en su cargo, ser\u00e1 de manera ilegal y bajo su responsabilidad constitucional y electoral.<\/p>\n\n\n\n<p>Garc\u00eda Sep\u00falveda dio a conocer que desist\u00eda de pedir licencia y que tom\u00f3 la decisi\u00f3n tras una serie de pugnas legales con el Congreso del estado por la persona que se quedar\u00eda al frente de la Administraci\u00f3n del estado en su ausencia.<\/p>\n\n\n\n<p>Esto luego de que alrededor de la medianoche del viernes la Suprema Corte de Justicia de la Naci\u00f3n (SCJN) determinara que Luis Enrique Orozco asumiera como gobernador interino.<\/p>\n\n\n\n<p>\u201cNuevo Le\u00f3n, ya comuniqu\u00e9 al gabinete que reasum\u00ed legal y formalmente funciones, los he convocado el d\u00eda de ma\u00f1ana a primera hora para seguir construyendo el nuevo Nuevo Le\u00f3n\u201d, apunt\u00f3 Garc\u00eda en un mensaje en la red social X (antes Twitter).<\/p>\n\n\n\n<p>En los primeros minutos de este s\u00e1bado, Orozco se encontraba en su primera rueda de prensa ya como gobernador interino cuando el secretario general de Gobierno, Javier Navarro, lo interrumpi\u00f3 para notificarle la decisi\u00f3n de Garc\u00eda de regresar al encargo por el que fue votado en las elecciones de 2021 para el periodo 2021-2027.<\/p>\n\n\n\n<p>Con informaci\u00f3n de L\u00f3pez-D\u00f3riga Digital y EFE<\/p>\n\n\n\n<p><strong>Si Samuel Garc\u00eda reasume como gobernador sin que el Congreso de NL revoque su licencia, estar\u00eda usurpando funciones: juristas<\/strong><\/p>\n\n\n\n<p>Latinus<\/p>\n\n\n\n<p>Diciembre 2, 2023<\/p>\n\n\n\n<p>Luego de que Samuel Garc\u00eda anunciara este s\u00e1bado en la madrugada que regresaba como gobernador de Nuevo Le\u00f3n tras la decisi\u00f3n de la Suprema Corte de Justicia de la Naci\u00f3n (SCJN) sobre que Luis Enrique Orozco sea gobernador interino, expertos juristas indicaron que el Congreso local debe de determinar si revoca o no la licencia otorgada.<\/p>\n\n\n\n<p>En entrevista para Latinus, el investigador de la Universidad Nacional Aut\u00f3noma de M\u00e9xico (UNAM) y abogado, Juan Jes\u00fas Garza Onofre, se\u00f1al\u00f3 que si Samuel Garc\u00eda quiere regresar como gobernador tiene que solicitar al Congreso local que le revoque la licencia que se le otorg\u00f3 por seis meses y que por el momento \u00e9l que es gobernador y en calidad de interino es Enrique Orozco.<\/p>\n\n\n\n<p>Puedes leer: Orozco acude al Palacio de Gobierno de NL y lo encuentra cerrado; descarta el uso de la fuerza p\u00fablica para asumir funciones<\/p>\n\n\n\n<p>\u201cLo que ayer hizo (Samuel Garc\u00eda) no tiene ninguna validez legal (\u2026) en cuestiones jur\u00eddicas, est\u00e1 tratando de enredar todo. En ese sentido, a m\u00ed me queda claro que lo que est\u00e1 pasando es que se les hizo bolas el engrudo\u201d.<\/p>\n\n\n\n<p>Por su parte, el profesor de derecho de la UNAM, Francisco Burgoa, indic\u00f3 que Samuel Garc\u00eda es gobernador con licencia en estos momentos y que es el Congreso local quien est\u00e1 facultado para revocar la licencia, hecho que no ha realizado el Poder Legislativo.<\/p>\n\n\n\n<p>Asimismo, se\u00f1al\u00f3 que lo que est\u00e1 haciendo Samuel Garc\u00eda al decir que ya regres\u00f3 como gobernador es usurpar funciones y \u201cesto puede convertirse como un delito\u201d.<\/p>\n\n\n\n<p>\u201cCualquier decisi\u00f3n que quiera tomar Samuel Garc\u00eda ahorita comete el delito de usurpaci\u00f3n de funciones. Eso es muy claro. Y si los servidores p\u00fablicos del Poder Ejecutivo de Nuevo Le\u00f3n le hacen caso, pues tambi\u00e9n estar\u00edan ah\u00ed, incurriendo en una falta administrativa y dependiendo de las indicaciones o de lo que estuvieran haciendo, tambi\u00e9n podr\u00edan estar cometiendo alg\u00fan delito, porque a quien tienen que hacerle caso es al gobernador interino\u201d, dijo.<\/p>\n\n\n\n<p>Francisco Burgoa, tambi\u00e9n indic\u00f3 que en estos momentos Samuel Garc\u00eda s\u00ed puede ser candidato presidencial de Movimiento Ciudadano porque si cumple con los requisitos de tiempo, pero en caso de que el Congreso local decida quitarle la licencia a \u00faltima hora ya no podr\u00eda.<\/p>\n\n\n\n<p>En la madrugada, Samuel Garc\u00eda Sep\u00falveda inform\u00f3 que regresaba como gobernador de Nuevo Le\u00f3n, se\u00f1alando que \u201cest\u00e1 garantizando la estabilidad pol\u00edtica de Nuevo Le\u00f3n, como asegur\u00f3 desde el inicio de su mandato, por esta raz\u00f3n, la gira programada para este fin de semana, se pospone hasta nuevo aviso\u201d.<\/p>\n","protected":false},"excerpt":{"rendered":"<p>-Samuel Garc\u00eda confirm\u00f3 que decidi\u00f3 no participar en la contienda electoral y no har\u00e1 efectiva su licencia para ausentarse de la gubernatura de Nuevo Le\u00f3n -Si Samuel Garc\u00eda reasume como gobernador sin que el Congreso de NL revoque su licencia, estar\u00eda usurpando funciones: Juristas Diciembre &nbsp;2 de 2023 Samuel Garc\u00eda confirm\u00f3 que decidi\u00f3 no participar [&hellip;]<\/p>\n","protected":false},"author":1,"featured_media":3332,"comment_status":"open","ping_status":"open","sticky":false,"template":"","format":"standard","meta":{"content-type":"","footnotes":""},"categories":[3,115,105],"tags":[],"class_list":{"0":"post-3331","1":"post","2":"type-post","3":"status-publish","4":"format-standard","5":"has-post-thumbnail","7":"category-mexico","8":"category-politica","9":"category-principal"},"_links":{"self":[{"href":"https:\/\/www.regioncuatronoticias.com\/index.php\/wp-json\/wp\/v2\/posts\/3331","targetHints":{"allow":["GET"]}}],"collection":[{"href":"https:\/\/www.regioncuatronoticias.com\/index.php\/wp-json\/wp\/v2\/posts"}],"about":[{"href":"https:\/\/www.regioncuatronoticias.com\/index.php\/wp-json\/wp\/v2\/types\/post"}],"author":[{"embeddable":true,"href":"https:\/\/www.regioncuatronoticias.com\/index.php\/wp-json\/wp\/v2\/users\/1"}],"replies":[{"embeddable":true,"href":"https:\/\/www.regioncuatronoticias.com\/index.php\/wp-json\/wp\/v2\/comments?post=3331"}],"version-history":[{"count":1,"href":"https:\/\/www.regioncuatronoticias.com\/index.php\/wp-json\/wp\/v2\/posts\/3331\/revisions"}],"predecessor-version":[{"id":3333,"href":"https:\/\/www.regioncuatronoticias.com\/index.php\/wp-json\/wp\/v2\/posts\/3331\/revisions\/3333"}],"wp:featuredmedia":[{"embeddable":true,"href":"https:\/\/www.regioncuatronoticias.com\/index.php\/wp-json\/wp\/v2\/media\/3332"}],"wp:attachment":[{"href":"https:\/\/www.regioncuatronoticias.com\/index.php\/wp-json\/wp\/v2\/media?parent=3331"}],"wp:term":[{"taxonomy":"category","embeddable":true,"href":"https:\/\/www.regioncuatronoticias.com\/index.php\/wp-json\/wp\/v2\/categories?post=3331"},{"taxonomy":"post_tag","embeddable":true,"href":"https:\/\/www.regioncuatronoticias.com\/index.php\/wp-json\/wp\/v2\/tags?post=3331"}],"curies":[{"name":"wp","href":"https:\/\/api.w.org\/{rel}","templated":true}]}}