{"id":3310,"date":"2023-12-01T20:55:13","date_gmt":"2023-12-02T03:55:13","guid":{"rendered":"https:\/\/www.regioncuatronoticias.com\/?p=3310"},"modified":"2023-12-01T20:55:15","modified_gmt":"2023-12-02T03:55:15","slug":"sheinbaum-fue-escoltada-por-elementos-del-ejercito-durante-su-gira-por-jalisco","status":"publish","type":"post","link":"https:\/\/www.regioncuatronoticias.com\/index.php\/2023\/12\/01\/sheinbaum-fue-escoltada-por-elementos-del-ejercito-durante-su-gira-por-jalisco\/","title":{"rendered":"Sheinbaum fue escoltada por elementos del Ej\u00e9rcito durante su gira por Jalisco"},"content":{"rendered":"\n<p>Latinus<\/p>\n\n\n\n<p>Por Amado Azueta<\/p>\n\n\n\n<p>diciembre 1, 2023<\/p>\n\n\n\n<p>En su visita a Ocotl\u00e1n, Jalisco, la aspirante presidencial Claudia Sheinbaum fue resguardada por un operativo consistente en m\u00e1s de 30 elementos del Ej\u00e9rcito que viajaban en cinco veh\u00edculos artillados y m\u00e1s de 100 elementos vestidos de civil que fueron distribuidos en diferentes puntos de la plaza central del municipio donde se llev\u00f3 a cabo el mitin de precampa\u00f1a.<\/p>\n\n\n\n<p>Los veh\u00edculos blindados se ubicaron en la calle Zaragoza, principal acceso a la zona centro del municipio, y a unas cuatro cuadras d\u00f3nde se realiz\u00f3 el acto pol\u00edtico.<\/p>\n\n\n\n<p>Decenas de militares vestidos de civil se repartieron en las vallas met\u00e1licas vigilando a los asistentes que se acercaban a pedir una foto con la morenista, otros se distribuyeron en los alrededores del templete donde dirigi\u00f3 su discurso a m\u00e1s de 500 personas reunidas.<\/p>\n\n\n\n<p>El pasado 16 de noviembre se registr\u00f3 un enfrentamiento de la Guardia Nacional con presuntos integrantes del C\u00e1rtel Jalisco Nueva Generaci\u00f3n (CJNG).<\/p>\n\n\n\n<p>En Jalisco se privilegia el conflicto<\/p>\n\n\n\n<p>La aspirante presidencial advirti\u00f3 que la inseguridad que enfrenta Jalisco, gobernado por Enrique Alfaro, obedece a que durante muchos a\u00f1os se privilegi\u00f3 el \u201cconflicto y el pleito\u201d por asuntos pol\u00edticos.<\/p>\n\n\n\n<p>Durante su mensaje en la plaza principal de Ocotl\u00e1n, la morenista asegur\u00f3 que en muchos a\u00f1os \u201cno ha habido coordinaci\u00f3n\u201d del gobierno de M\u00e9xico y el de Jalisco, gobernado por Movimiento Ciudadano, en donde \u201cse ha puesto por encima de todo el conflicto y el pleito\u201d.<\/p>\n\n\n\n<p>\u201cParte del problema de la inseguridad, parte de los problemas de Jalisco tienen que ver que sea gobernado poniendo el asunto pol\u00edtico electoral por encima de todo y eso est\u00e1 bien cuando hay elecciones, pero no cuando se gobierna todos los d\u00edas\u201d, dijo.<\/p>\n\n\n\n<p>Sheinbaum confi\u00f3 en que el pr\u00f3ximo a\u00f1o electoral gane Claudia Delgadillo, candidata de la coalici\u00f3n Morena, Partido del Trabajo y Partido Verde Ecologista, y hasta ese momento vendr\u00e1 \u201cuna nueva coordinaci\u00f3n entre los dos gobiernos\u201d.<\/p>\n\n\n\n<p>De acuerdo al Secretariado Ejecutivo del Sistema Nacional de Seguridad P\u00fablica, Jalisco alcanz\u00f3 en el mes de octubre el tercer lugar en incidencias delictivas con 11 mil 637 presuntos casos, solo por de bajo del Estado de M\u00e9xico con 34 mil y la Ciudad de M\u00e9xico con 19 mil.<\/p>\n\n\n\n<p>En sus actos proselitistas, en los municipios de Ocotl\u00e1n y Tonal\u00e1, Sheinbaum promovi\u00f3 el quinto a\u00f1o de gobierno del presidente de M\u00e9xico, Andr\u00e9s Manuel L\u00f3pez Obrador.<\/p>\n\n\n\n<p>Record\u00f3 los distintos programas sociales, principalmente el de adultos mayores, los cuales llegan a 13 millones de personas, las obras insignia del gobierno federal y el anuncio del aumento del salario m\u00ednimo para el pr\u00f3ximo a\u00f1o.<\/p>\n\n\n\n<figure class=\"wp-block-embed is-type-wp-embed is-provider-latin-us wp-block-embed-latin-us\"><div class=\"wp-block-embed__wrapper\">\n<blockquote class=\"wp-embedded-content\" data-secret=\"iwyxROrxME\"><a href=\"https:\/\/latinus.us\/2023\/12\/01\/sheinbaum-escoltada-elementos-ejercito-durante-gira-jalisco\/\">Sheinbaum fue escoltada por elementos del Ej\u00e9rcito durante su gira por Jalisco<\/a><\/blockquote><iframe loading=\"lazy\" class=\"wp-embedded-content\" sandbox=\"allow-scripts\" security=\"restricted\" style=\"position: absolute; clip: rect(1px, 1px, 1px, 1px);\" title=\"&#8220;Sheinbaum fue escoltada por elementos del Ej\u00e9rcito durante su gira por Jalisco&#8221; &#8212; Latin US\" src=\"https:\/\/latinus.us\/2023\/12\/01\/sheinbaum-escoltada-elementos-ejercito-durante-gira-jalisco\/embed\/#?secret=dmcgMF0yff#?secret=iwyxROrxME\" data-secret=\"iwyxROrxME\" width=\"600\" height=\"338\" frameborder=\"0\" marginwidth=\"0\" marginheight=\"0\" scrolling=\"no\"><\/iframe>\n<\/div><\/figure>\n","protected":false},"excerpt":{"rendered":"<p>Latinus Por Amado Azueta diciembre 1, 2023 En su visita a Ocotl\u00e1n, Jalisco, la aspirante presidencial Claudia Sheinbaum fue resguardada por un operativo consistente en m\u00e1s de 30 elementos del Ej\u00e9rcito que viajaban en cinco veh\u00edculos artillados y m\u00e1s de 100 elementos vestidos de civil que fueron distribuidos en diferentes puntos de la plaza central [&hellip;]<\/p>\n","protected":false},"author":1,"featured_media":3311,"comment_status":"open","ping_status":"open","sticky":false,"template":"","format":"standard","meta":{"content-type":"","footnotes":""},"categories":[3,115],"tags":[],"class_list":{"0":"post-3310","1":"post","2":"type-post","3":"status-publish","4":"format-standard","5":"has-post-thumbnail","7":"category-mexico","8":"category-politica"},"_links":{"self":[{"href":"https:\/\/www.regioncuatronoticias.com\/index.php\/wp-json\/wp\/v2\/posts\/3310","targetHints":{"allow":["GET"]}}],"collection":[{"href":"https:\/\/www.regioncuatronoticias.com\/index.php\/wp-json\/wp\/v2\/posts"}],"about":[{"href":"https:\/\/www.regioncuatronoticias.com\/index.php\/wp-json\/wp\/v2\/types\/post"}],"author":[{"embeddable":true,"href":"https:\/\/www.regioncuatronoticias.com\/index.php\/wp-json\/wp\/v2\/users\/1"}],"replies":[{"embeddable":true,"href":"https:\/\/www.regioncuatronoticias.com\/index.php\/wp-json\/wp\/v2\/comments?post=3310"}],"version-history":[{"count":1,"href":"https:\/\/www.regioncuatronoticias.com\/index.php\/wp-json\/wp\/v2\/posts\/3310\/revisions"}],"predecessor-version":[{"id":3312,"href":"https:\/\/www.regioncuatronoticias.com\/index.php\/wp-json\/wp\/v2\/posts\/3310\/revisions\/3312"}],"wp:featuredmedia":[{"embeddable":true,"href":"https:\/\/www.regioncuatronoticias.com\/index.php\/wp-json\/wp\/v2\/media\/3311"}],"wp:attachment":[{"href":"https:\/\/www.regioncuatronoticias.com\/index.php\/wp-json\/wp\/v2\/media?parent=3310"}],"wp:term":[{"taxonomy":"category","embeddable":true,"href":"https:\/\/www.regioncuatronoticias.com\/index.php\/wp-json\/wp\/v2\/categories?post=3310"},{"taxonomy":"post_tag","embeddable":true,"href":"https:\/\/www.regioncuatronoticias.com\/index.php\/wp-json\/wp\/v2\/tags?post=3310"}],"curies":[{"name":"wp","href":"https:\/\/api.w.org\/{rel}","templated":true}]}}