{"id":3304,"date":"2023-12-01T20:24:06","date_gmt":"2023-12-02T03:24:06","guid":{"rendered":"https:\/\/www.regioncuatronoticias.com\/?p=3304"},"modified":"2023-12-01T20:24:07","modified_gmt":"2023-12-02T03:24:07","slug":"rechaza-slim-iniciativa-para-reducir-jornada-laboral-a-40-horas-semanales","status":"publish","type":"post","link":"https:\/\/www.regioncuatronoticias.com\/index.php\/2023\/12\/01\/rechaza-slim-iniciativa-para-reducir-jornada-laboral-a-40-horas-semanales\/","title":{"rendered":"Rechaza Slim iniciativa para reducir jornada laboral a 40 horas semanales"},"content":{"rendered":"\n<p>El empresario fundador y presidente honorario vitalicio de Grupo Carso, Carlos Slim. Foto Pablo Ramos \/ Archivo<\/p>\n\n\n\n<p>Tomado de La Jornada<\/p>\n\n\n\n<p>Emir Olivares Alonso, enviado<\/p>\n\n\n\n<p>01 de diciembre de 2023 15:04<\/p>\n\n\n\n<p>Tulum, QR. El magnate Carlos Slim Hel\u00fa rechaz\u00f3 la iniciativa de reforma laboral que reducir la jornada de los trabajadores de 48 a 40 horas a la semana.<\/p>\n\n\n\n<p>Entrevistado al concluir el acto de inauguraci\u00f3n del Aeropuerto Internacional de Tulum \u201cFelipe Carrillo Puerto\u201d, el fundador y presidente honorario vitalicio de Grupo Carso tambi\u00e9n plante\u00f3 que de cara a las elecciones de 2024 ve estabilidad econ\u00f3mica en el pa\u00eds.<\/p>\n\n\n\n<p>Al t\u00e9rmino de la ceremonia, que fue encabezada por el presidente Andr\u00e9s Manuel L\u00f3pez Obrador en la sede de la nueva terminal a\u00e9rea, reporteros abordaron al empresario mexicano para interrogarlo sobre el proceso electoral y su visi\u00f3n en materia econ\u00f3mica en los pr\u00f3ximos a\u00f1os.<\/p>\n\n\n\n<p>\u201cPues va a ser 24, 25, 26, 27, son para los pr\u00f3ximos 10, 15 a\u00f1os que va a haber mucho desarrollo y mucho crecimiento\u201d, estim\u00f3.<\/p>\n\n\n\n<p>-\u00bfY c\u00f3mo ve el proceso electoral? -se le cuestion\u00f3.<\/p>\n\n\n\n<p>-Ah, pues usted sabe m\u00e1s que yo \u2014respondi\u00f3.<\/p>\n\n\n\n<p>-\u00bfVe estabilidad econ\u00f3mica?<\/p>\n\n\n\n<p>-Claro que s\u00ed, claro que s\u00ed\u201d -remarc\u00f3.<\/p>\n\n\n\n<p>Sobre la iniciativa de reforma laboral que se discute en la C\u00e1mara de Diputados y que propone reducir a 40 horas la jornada, el magnate de inmediato expres\u00f3 su desacuerdo.<\/p>\n\n\n\n<p>\u201cNo, yo creo que es mejor que las personas trabajen 48 y ganen m\u00e1s a que trabajen 40 y ganen menos, eso es muy importante para la poblaci\u00f3n tener mejor ingreso para tener mayor poder adquisitivo, y es lo que se ha logrado\u201d con las pol\u00edticas del presidente.<\/p>\n\n\n\n<p>\u201c\u00bfQu\u00e9 es mejor? \u00bfGanar mucho m\u00e1s y vivir mucho mejor o trabajar menos y ganar menos?\u201d, interrog\u00f3 el empresario; a lo que de inmediato \u00e9l mismo contest\u00f3: \u201cCreo que es mejor trabajar m\u00e1s y ganar m\u00e1s\u201d.<\/p>\n\n\n\n<p><a href=\"https:\/\/www.jornada.com.mx\/noticia\/2023\/12\/01\/politica\/rechaza-slim-iniciativa-para-reducir-jornada-laboral-a-40-horas-semanales-5384\">https:\/\/www.jornada.com.mx\/noticia\/2023\/12\/01\/politica\/rechaza-slim-iniciativa-para-reducir-jornada-laboral-a-40-horas-semanales-5384<\/a><\/p>\n","protected":false},"excerpt":{"rendered":"<p>El empresario fundador y presidente honorario vitalicio de Grupo Carso, Carlos Slim. Foto Pablo Ramos \/ Archivo Tomado de La Jornada Emir Olivares Alonso, enviado 01 de diciembre de 2023 15:04 Tulum, QR. El magnate Carlos Slim Hel\u00fa rechaz\u00f3 la iniciativa de reforma laboral que reducir la jornada de los trabajadores de 48 a 40 [&hellip;]<\/p>\n","protected":false},"author":1,"featured_media":3305,"comment_status":"open","ping_status":"open","sticky":false,"template":"","format":"standard","meta":{"content-type":"","footnotes":""},"categories":[114,117,3],"tags":[],"class_list":{"0":"post-3304","1":"post","2":"type-post","3":"status-publish","4":"format-standard","5":"has-post-thumbnail","7":"category-economia","8":"category-general","9":"category-mexico"},"_links":{"self":[{"href":"https:\/\/www.regioncuatronoticias.com\/index.php\/wp-json\/wp\/v2\/posts\/3304","targetHints":{"allow":["GET"]}}],"collection":[{"href":"https:\/\/www.regioncuatronoticias.com\/index.php\/wp-json\/wp\/v2\/posts"}],"about":[{"href":"https:\/\/www.regioncuatronoticias.com\/index.php\/wp-json\/wp\/v2\/types\/post"}],"author":[{"embeddable":true,"href":"https:\/\/www.regioncuatronoticias.com\/index.php\/wp-json\/wp\/v2\/users\/1"}],"replies":[{"embeddable":true,"href":"https:\/\/www.regioncuatronoticias.com\/index.php\/wp-json\/wp\/v2\/comments?post=3304"}],"version-history":[{"count":1,"href":"https:\/\/www.regioncuatronoticias.com\/index.php\/wp-json\/wp\/v2\/posts\/3304\/revisions"}],"predecessor-version":[{"id":3306,"href":"https:\/\/www.regioncuatronoticias.com\/index.php\/wp-json\/wp\/v2\/posts\/3304\/revisions\/3306"}],"wp:featuredmedia":[{"embeddable":true,"href":"https:\/\/www.regioncuatronoticias.com\/index.php\/wp-json\/wp\/v2\/media\/3305"}],"wp:attachment":[{"href":"https:\/\/www.regioncuatronoticias.com\/index.php\/wp-json\/wp\/v2\/media?parent=3304"}],"wp:term":[{"taxonomy":"category","embeddable":true,"href":"https:\/\/www.regioncuatronoticias.com\/index.php\/wp-json\/wp\/v2\/categories?post=3304"},{"taxonomy":"post_tag","embeddable":true,"href":"https:\/\/www.regioncuatronoticias.com\/index.php\/wp-json\/wp\/v2\/tags?post=3304"}],"curies":[{"name":"wp","href":"https:\/\/api.w.org\/{rel}","templated":true}]}}