{"id":3301,"date":"2023-12-01T20:17:56","date_gmt":"2023-12-02T03:17:56","guid":{"rendered":"https:\/\/www.regioncuatronoticias.com\/?p=3301"},"modified":"2023-12-01T20:17:58","modified_gmt":"2023-12-02T03:17:58","slug":"deseo-que-continue-la-transformacion-con-cambio-amlo","status":"publish","type":"post","link":"https:\/\/www.regioncuatronoticias.com\/index.php\/2023\/12\/01\/deseo-que-continue-la-transformacion-con-cambio-amlo\/","title":{"rendered":"Deseo que contin\u00fae la transformaci\u00f3n con cambio: AMLO"},"content":{"rendered":"\n<p>Tomado de La Jornada<\/p>\n\n\n\n<p>Emir Olivares Alonso, enviado<\/p>\n\n\n\n<p>01 de diciembre de 2023 13:52<\/p>\n\n\n\n<p>Tulum, QR. Sin dudarlo, el presidente Andr\u00e9s Manuel L\u00f3pez Obrador expres\u00f3 su m\u00e1s caro anhelo a diez meses que termine su mandato: &#8220;Deseo con toda mi alma que haya continuidad con cambio, que contin\u00fae la transformaci\u00f3n con cambio\u201d.<\/p>\n\n\n\n<p>En su mensaje para inaugurar el nuevo Aeropuerto Internacional de Tulum \u201cFelipe Carrillo Puerto\u201d, acompa\u00f1ado de invitados especiales, funcionarios de su gobierno y algunos gobernadores de estados del sureste, el jefe del Ejecutivo plante\u00f3 que \u00e9l terminar\u00e1 ya pronto su ciclo y por tal debe haber relevo.<\/p>\n\n\n\n<p>\u201cVamos nosotros a continuar con esta pol\u00edtica en el tiempo que nos falta, diez meses, y deseo con toda mi alma que haya continuidad con cambio, que contin\u00fae la transformaci\u00f3n con cambio, porque no se debe aspirar al necesariato, a creernos indispensables, a apostar ser jefes m\u00e1ximos, caudillos, hombres fuertes, caciques. \u00a1No! Ya se se cumplen un periodo\u201d, dijo a manera de ir cerrando su administraci\u00f3n.<\/p>\n\n\n\n<p>Justo al cumplir el quinto a\u00f1o de haber asumido el cargo, hoy se puso en marcha la operaci\u00f3n de esta nueva terminal a\u00e9rea.<\/p>\n\n\n\n<p>Desde la sala de documentaci\u00f3n, el mandatario se\u00f1al\u00f3: \u201cYo ya termino mi ciclo, y me voy a jubilar, me retiro por completo, ya ayud\u00e9 con muchos m\u00e1s, millones de hombres y mujeres que empezamos con ese proceso de transformaci\u00f3n\u201d.<\/p>\n\n\n\n<p>Entre los invitados destacaron empresarios como Carlos Slim y Daniel Ch\u00e1vez; los embajadores de Estados Unidos, Ken Salazar; y de Cuba, Marcos Rodr\u00edguez; entre otros.<\/p>\n\n\n\n<p>Reiter\u00f3 su visi\u00f3n de no &#8220;tenerle mucho apego ni al poder ni al dinero\u201d porque, dijo, eso no es la felicidad.<\/p>\n\n\n\n<p>\u201cLa felicidad es estar bien con uno mismo, estar bien con la conciencia y estar bien con el pr\u00f3jimo\u201d, asegur\u00f3.<\/p>\n\n\n\n<p>Al encabezar la inauguraci\u00f3n del nuevo aeropuerto de Tulum, \u201cFelipe Carrillo Puerto\u201d durante la cual asever\u00f3: \u201cHoy cumplimos cinco a\u00f1os de gobierno. Es una prueba fehaciente de lo que hemos realizado con el apoyo de muchos servidores p\u00fablicos est\u00e1n por terminarse otras, el tren maya, el proyecto constructivo m\u00e1s grande en todo el mundo\u201d.<\/p>\n\n\n\n<p>En su oportunidad, el general Ricardo Vallejo. Comandante del Agrupamiento de Ingenieros Felipe \u00c1ngeles de la Secretar\u00eda de la Defensa Nacional inform\u00f3 que el aeropuerto Felipe Carrillo Puerto se edific\u00f3 sobre mil 500 hect\u00e1reas y cuenta con una pista de 3 mil 700 metros de concreto hidr\u00e1ulico, la segunda m\u00e1s grande del pa\u00eds, solo por detr\u00e1s de las pistas gemelas del Aeropuerto Internacional Felipe \u00c1ngeles.<\/p>\n\n\n\n<p>L\u00f3pez Obrador aprovech\u00f3 el foro para en alusi\u00f3n a esta nueva obra inaugurada, reivindicar su visi\u00f3n de apostar a la inversi\u00f3n p\u00fablica como reactivador de la econom\u00eda y como factor de distribuci\u00f3n de recursos de abajo para arriba. \u201cLa inversi\u00f3n p\u00fablica contrario a lo que algunos piensan, es fundamental para el desarrollo, porque se generan muchos empleos, se distribuye el ingreso y se reactiva pronto la econom\u00eda, no es casual que en este a\u00f1o, el sureste est\u00e9 creciendo al doble que el norte del pa\u00eds. Algo que no suced\u00eda en d\u00e9cadas\u201d.<\/p>\n\n\n\n<p>El mandatario dijo que no es casual que en la actualidad, la regi\u00f3n sureste del pa\u00eds est\u00e9 creciendo al doble que el promedio nacional, algo que no suced\u00eda en d\u00e9cadas. Este comportamiento, est\u00e1 \u201c\u00edntimamente relacionado con el aumento de la inversi\u00f3n p\u00fablica que pas\u00f3 de 500 mil millones de pesos a un bill\u00f3n y fueron los estados del sureste los m\u00e1s beneficiados.<\/p>\n\n\n\n<p>L\u00f3pez Obrador dijo que la evoluci\u00f3n econ\u00f3mica y social de este periodo no s\u00f3lo se asocia a la inversi\u00f3n p\u00fablica, \u201cno s\u00f3lo es la construcci\u00f3n de infraestructura, desarrollo industrial, del petr\u00f3leo la industria el\u00e9ctrica lo que ha beneficiado al sureste, sino tambi\u00e9n \u201cson fundamentales los programas del Bienestar que han permitido dispersar recursos hasta en las peque\u00f1as comunidades del pa\u00eds. En todos los pueblos y ciudades. No hay una localidad donde no llegue un programa del bienestar\u201d.<\/p>\n\n\n\n<p>Enfatiz\u00f3 en que se est\u00e1 atendiendo a los sectores populares en este periodo lo cual ayud\u00f3 mucho, en momentos dif\u00edciles a superar las coyunturas como la pandemia, porque entonces, la gente ten\u00eda recursos, a trav\u00e9s de los programas sociales, para comprar lo b\u00e1sico.<\/p>\n\n\n\n<p>Adem\u00e1s, dijo que mediante la b\u00fasqueda de consensos entre los sectores productivos se logr\u00f3 revertir la tendencia que ten\u00eda el salario m\u00ednimo en su poder adquisitivo. A partir de su llegada al gobierno, dijo, el salario m\u00ednimo a nivel nacional pas\u00f3 de 88 pesos diarios, 2 mil 687 pesos mensuales a 249 pesos diarios, 7,508 pesos mensuales. Y en la zona libre frontera norte pasa de 88 pesos a 375 pesos diarios, 11 mil 403 pesos.<\/p>\n\n\n\n<p>Vallejo dijo que es un gran complejo aeroportuario que se construy\u00f3 con pleno respeto al medio ambiente y las zonas arqueol\u00f3gicas; tiene plataformas: una para la aviaci\u00f3n comercial, con 13 posiciones de abordaje; una base de operaciones para la aviaci\u00f3n militar.<\/p>\n\n\n\n<p>La terminal de pasajeros es un edificio con 75 mil metros cuadrados de construcci\u00f3n, en 4 niveles 5.5 millones de pasajeros; est\u00e1 edificada con reminiscencias de la cultura maya tropicalizada con con maderas y tierra calizas de la regi\u00f3n cuenta con \u00e1rea de migraci\u00f3n con 14 mostradores, 11 ba\u00f1os y un sistema de extinci\u00f3n de incendio e instalaciones guardia nacional.<\/p>\n\n\n\n<p>La gobernadora del estado, Mara Lezama, dijo que con este nuevo aeropuerto, Quintana Roo cuenta con la mayor infraestructura aeroportuaria del sureste. Anunci\u00f3 que ya est\u00e1 autorizada la operaci\u00f3n de empresas extranjeras que volar\u00e1n a Tulum: United Airlines, Delta Airlines, American Airlines y Spirit, as\u00ed como las aerol\u00edneas mexicanas Viva Aerob\u00fas, Aerom\u00e9xico y Mexicana de Aviaci\u00f3n.<\/p>\n\n\n\n<p><strong>Aterriza el primer vuelo comercial en el aeropuerto Felipe Carrillo<\/strong><\/p>\n\n\n\n<p>Emir Olivares Alonso, enviado<\/p>\n\n\n\n<p>01 de diciembre de 2023 13:31<\/p>\n\n\n\n<p>Tulum, QR. Este medio d\u00eda aterriz\u00f3 el primer avi\u00f3n comercial en el reci\u00e9n inaugurado Aeropuerto Internacional de Tulum \u201cFelipe Carrillo Puerto\u201d.<\/p>\n\n\n\n<p>Por los tradicionales arcos de agua \u2014que en la usanza de la aviaci\u00f3n se usan a manera de buenos augurios con la primera aeronave que aterriza en una terminal\u2014, se recibi\u00f3 al avi\u00f3n 737800 de Viva Aerobus.<\/p>\n\n\n\n<p>La aeronave aterriz\u00f3 con 160 pasajeros en este nuevo aeropuerto que se construy\u00f3 en menos de dos a\u00f1os y se ubica en medio de la selva de Tulum.<\/p>\n\n\n\n<p>En el acto de inauguraci\u00f3n, que encabeza el presidente Andr\u00e9s Manuel L\u00f3pez Obrador, se dio a conocer un video con aspectos de la llegada de este vuelo comercial.<\/p>\n\n\n\n<p><a href=\"https:\/\/www.jornada.com.mx\/noticia\/2023\/12\/01\/politica\/deseo-que-continue-la-transformacion-con-cambio-amlo-4472\">https:\/\/www.jornada.com.mx\/noticia\/2023\/12\/01\/politica\/deseo-que-continue-la-transformacion-con-cambio-amlo-4472<\/a><\/p>\n","protected":false},"excerpt":{"rendered":"<p>Tomado de La Jornada Emir Olivares Alonso, enviado 01 de diciembre de 2023 13:52 Tulum, QR. Sin dudarlo, el presidente Andr\u00e9s Manuel L\u00f3pez Obrador expres\u00f3 su m\u00e1s caro anhelo a diez meses que termine su mandato: &#8220;Deseo con toda mi alma que haya continuidad con cambio, que contin\u00fae la transformaci\u00f3n con cambio\u201d. En su mensaje [&hellip;]<\/p>\n","protected":false},"author":1,"featured_media":3302,"comment_status":"open","ping_status":"open","sticky":false,"template":"","format":"standard","meta":{"content-type":"","footnotes":""},"categories":[3,115,105],"tags":[],"class_list":{"0":"post-3301","1":"post","2":"type-post","3":"status-publish","4":"format-standard","5":"has-post-thumbnail","7":"category-mexico","8":"category-politica","9":"category-principal"},"_links":{"self":[{"href":"https:\/\/www.regioncuatronoticias.com\/index.php\/wp-json\/wp\/v2\/posts\/3301","targetHints":{"allow":["GET"]}}],"collection":[{"href":"https:\/\/www.regioncuatronoticias.com\/index.php\/wp-json\/wp\/v2\/posts"}],"about":[{"href":"https:\/\/www.regioncuatronoticias.com\/index.php\/wp-json\/wp\/v2\/types\/post"}],"author":[{"embeddable":true,"href":"https:\/\/www.regioncuatronoticias.com\/index.php\/wp-json\/wp\/v2\/users\/1"}],"replies":[{"embeddable":true,"href":"https:\/\/www.regioncuatronoticias.com\/index.php\/wp-json\/wp\/v2\/comments?post=3301"}],"version-history":[{"count":1,"href":"https:\/\/www.regioncuatronoticias.com\/index.php\/wp-json\/wp\/v2\/posts\/3301\/revisions"}],"predecessor-version":[{"id":3303,"href":"https:\/\/www.regioncuatronoticias.com\/index.php\/wp-json\/wp\/v2\/posts\/3301\/revisions\/3303"}],"wp:featuredmedia":[{"embeddable":true,"href":"https:\/\/www.regioncuatronoticias.com\/index.php\/wp-json\/wp\/v2\/media\/3302"}],"wp:attachment":[{"href":"https:\/\/www.regioncuatronoticias.com\/index.php\/wp-json\/wp\/v2\/media?parent=3301"}],"wp:term":[{"taxonomy":"category","embeddable":true,"href":"https:\/\/www.regioncuatronoticias.com\/index.php\/wp-json\/wp\/v2\/categories?post=3301"},{"taxonomy":"post_tag","embeddable":true,"href":"https:\/\/www.regioncuatronoticias.com\/index.php\/wp-json\/wp\/v2\/tags?post=3301"}],"curies":[{"name":"wp","href":"https:\/\/api.w.org\/{rel}","templated":true}]}}