{"id":32784,"date":"2025-08-28T02:19:43","date_gmt":"2025-08-28T09:19:43","guid":{"rendered":"https:\/\/www.regioncuatronoticias.com\/?p=32784"},"modified":"2025-08-28T02:19:45","modified_gmt":"2025-08-28T09:19:45","slug":"caminito-de-la-escuela","status":"publish","type":"post","link":"https:\/\/www.regioncuatronoticias.com\/index.php\/2025\/08\/28\/caminito-de-la-escuela\/","title":{"rendered":"Caminito de la escuela\u00a0\u00a0\u00a0\u00a0\u00a0\u00a0\u00a0\u00a0\u00a0\u00a0\u00a0\u00a0\u00a0\u00a0\u00a0\u00a0\u00a0"},"content":{"rendered":"\n<p><strong>Columna Corren Rumores<\/strong><\/p>\n\n\n\n<p><strong>Hilario Olea<\/strong><\/p>\n\n\n\n<p><strong>Caminito de la escuela&nbsp;&nbsp;&nbsp;&nbsp;&nbsp;&nbsp;&nbsp;&nbsp;&nbsp;&nbsp;&nbsp;&nbsp;&nbsp;&nbsp;&nbsp;&nbsp;&nbsp;<\/strong><\/p>\n\n\n\n<p><strong>Mi\u00e9rcoles 27 de agosto de 2025<\/strong><\/p>\n\n\n\n<p><strong>MEJOR EDUCACI\u00d3N\u2026 <\/strong>A partir del lunes 01 de septiembre miles de estudiantes regresan a clases. Unos ya iniciaron, pero se generaliza por el inicio de las escuelas de educaci\u00f3n b\u00e1sica. Hay que reconocer que hay buena organizaci\u00f3n para evitarse problemas de falta de maestros, escuelas sin mantenimiento y con problemas de servicios. Usando como referencia este inicio del ciclo escolar, un espectador del noticiero Entre Todos nos&nbsp; envi\u00f3 un interesante comentario, y que tiene mucho de cierto. Nos dice que la calidad de la educaci\u00f3n p\u00fablica sigue cuestionado, por una sencilla raz\u00f3n, porque ning\u00fan hijo de altos funcionarios y pol\u00edticos tienen a sus hijos en escuelas oficiales. Todos est\u00e1n en instituciones privadas. Desde escuelas clase medieras, hasta los que est\u00e1n en el Tec de Monterrey.&nbsp; Lo que significa que no creen en su propio sistema educativo.&nbsp; Porque todos los preparan para administrar la abundancia y eso del adoctrinamiento socialista los dejan para los jodidos.<\/p>\n\n\n\n<p><strong>UNA ENCUESTA\u2026 <\/strong>Por ello est\u00e1 proponiendo que en&nbsp; la declaraci\u00f3n patrimonial, los funcionarios digan en que escuelas est\u00e1n inscritos sus hijos. Y que digan cu\u00e1nto est\u00e1n gastando en educaci\u00f3n privada. Sobre todo los que est\u00e1n en el extranjero.&nbsp; Tiene raz\u00f3n en que si se hace una investigaci\u00f3n, se dar\u00e1n cuenta de que los primeros en rechazar la calidad educativa del sistema son los mismos funcionarios.&nbsp; Vean el caso del Junior de la familia L\u00f3pez Beltr\u00e1n que lo mandaron estudiar a Inglaterra y ahora se prepara para irse a Espa\u00f1a. \u00bfY por qu\u00e9 no entra a la Universidad Benito Ju\u00e1rez o las universidades del Bienestar? Obvio que ni de locos. Nuestro amigo espectador dice que&nbsp; nunca lo veremos.&nbsp; Porque en cuanto tienen carnita, los funcionarios se vuelven fif\u00eds y clase media trepadora.<\/p>\n\n\n\n<p><strong>EL QUE TENGA COCHIS\u2026 <\/strong>Claro, nos van a salir con la frase de que el que tenga cochis que los amarren, el que no, pues no.&nbsp; Si tienen lana, pueden mandar a sus hijos a donde quiera, total, es dinero que manejan, no digo que sea propio, pero si que lo manotean. \u00bfEst\u00e1 mal darles buena educaci\u00f3n a los hijos? Claro que no. Es el mejor patrimonio que se les puede legar.&nbsp; Pero lo malo es que andan presumiendo de pobreza franciscana. De que las instituciones oficiales son lo mejor, cuando son aberrantes acad\u00e9micamente hablando.&nbsp; Viven en la incongruencia y la educaci\u00f3n los muestra tal y como son.&nbsp; Si quieren apostar, le entramos a que la inmensa mayor\u00eda de los funcionarios tienen a sus hijos en escuelas privadas. Y entre m\u00e1s hueso, mejor escuela. Va la apuesta.<\/p>\n\n\n\n<p><strong>MERCADO MUNICIPAL\u2026 <\/strong>Ya van 90 d\u00edas de que oficialmente se inaugur\u00f3 el mercado municipal de Hermosillo y todav\u00eda no se abre oficialmente al p\u00fablico. Qued\u00f3 la obra principal, pero no han podido terminar los detalles. Hasta hace d\u00edas no ten\u00edan servicio de energ\u00eda el\u00e9ctrica para las refrigeraciones. No hab\u00eda agua.&nbsp; Se supone que qued\u00f3 listo el pasado 26 de mayo, pero algo est\u00e1 fallando. Como que es momento en que jalen orejas, porque se est\u00e1 tardando mucho esta obra que es de primera, pero no avanza a buena velocidad. Por suerte los locatarios est\u00e1n aguantando porque saben que no pueden quejarse, porque eso ser\u00eda tanto como ser limosneros&nbsp; y con garrote.&nbsp; Vamos a ver si queda para Navidad.<\/p>\n\n\n\n<p><strong>PRI DESFONDANDO\u2026 <\/strong>Alejandro Moreno lo van a recordar como Alito el Sepulturero. Y el PRI ser\u00e1 recordado como un partido Baigon, porque cada vez se hace m\u00e1s chiquito. La desbandada de militantes cada vez es m\u00e1s notoria y a este paso no habr\u00e1 quien cierre la puerta. Vamos, hasta Fern\u00e1ndez Noro\u00f1a se burla de Alito diciendo que est\u00e1 haciendo un excelente papel en desparecer su partido. La \u00faltima deserci\u00f3n fue dolorosa, porque se trat\u00f3 del senador Nestor Carrillo, y con esto el PRI se queda con 13 senadores y pierde la tercera posici\u00f3n, con lo que ya no contar\u00e1 con una vicepresidencia en el Senado.&nbsp; Este expriista aprovech\u00f3 la aviada para chapulinear y pasarse al Verde, donde todav\u00eda hay vida.&nbsp; A este paso, los priistas van a caber en un bocho.&nbsp; Y lo peor, Alito no hace nada para impedir esta desbandada. Quien lo pensar\u00eda.<\/p>\n\n\n\n<p><strong>En fin, por eso mejor recordar lo que dec\u00eda el Loco Lepe: Entre menos burros, m\u00e1s olotes; pero, ahora, ni olotes est\u00e1n dejando.<\/strong><\/p>\n\n\n\n<p><strong>S\u00edganos en la cuenta de X o Twitter @hilarioolea.<\/strong><\/p>\n\n\n\n<p><strong>Pueden vernos de lunes a viernes de 8 a 9 de la noche en nuestro canal de YouTube \u201cEntre Todos Digital\u201d.<\/strong><\/p>\n\n\n\n<p><strong>Sigan nuestras redes sociales<\/strong><\/p>\n","protected":false},"excerpt":{"rendered":"<p>Columna Corren Rumores Hilario Olea Caminito de la escuela&nbsp;&nbsp;&nbsp;&nbsp;&nbsp;&nbsp;&nbsp;&nbsp;&nbsp;&nbsp;&nbsp;&nbsp;&nbsp;&nbsp;&nbsp;&nbsp;&nbsp; Mi\u00e9rcoles 27 de agosto de 2025 MEJOR EDUCACI\u00d3N\u2026 A partir del lunes 01 de septiembre miles de estudiantes regresan a clases. Unos ya iniciaron, pero se generaliza por el inicio de las escuelas de educaci\u00f3n b\u00e1sica. Hay que reconocer que hay buena organizaci\u00f3n para evitarse problemas [&hellip;]<\/p>\n","protected":false},"author":1,"featured_media":32785,"comment_status":"open","ping_status":"open","sticky":false,"template":"","format":"standard","meta":{"content-type":"","footnotes":""},"categories":[121],"tags":[],"class_list":{"0":"post-32784","1":"post","2":"type-post","3":"status-publish","4":"format-standard","5":"has-post-thumbnail","7":"category-hilarioolea"},"_links":{"self":[{"href":"https:\/\/www.regioncuatronoticias.com\/index.php\/wp-json\/wp\/v2\/posts\/32784","targetHints":{"allow":["GET"]}}],"collection":[{"href":"https:\/\/www.regioncuatronoticias.com\/index.php\/wp-json\/wp\/v2\/posts"}],"about":[{"href":"https:\/\/www.regioncuatronoticias.com\/index.php\/wp-json\/wp\/v2\/types\/post"}],"author":[{"embeddable":true,"href":"https:\/\/www.regioncuatronoticias.com\/index.php\/wp-json\/wp\/v2\/users\/1"}],"replies":[{"embeddable":true,"href":"https:\/\/www.regioncuatronoticias.com\/index.php\/wp-json\/wp\/v2\/comments?post=32784"}],"version-history":[{"count":1,"href":"https:\/\/www.regioncuatronoticias.com\/index.php\/wp-json\/wp\/v2\/posts\/32784\/revisions"}],"predecessor-version":[{"id":32786,"href":"https:\/\/www.regioncuatronoticias.com\/index.php\/wp-json\/wp\/v2\/posts\/32784\/revisions\/32786"}],"wp:featuredmedia":[{"embeddable":true,"href":"https:\/\/www.regioncuatronoticias.com\/index.php\/wp-json\/wp\/v2\/media\/32785"}],"wp:attachment":[{"href":"https:\/\/www.regioncuatronoticias.com\/index.php\/wp-json\/wp\/v2\/media?parent=32784"}],"wp:term":[{"taxonomy":"category","embeddable":true,"href":"https:\/\/www.regioncuatronoticias.com\/index.php\/wp-json\/wp\/v2\/categories?post=32784"},{"taxonomy":"post_tag","embeddable":true,"href":"https:\/\/www.regioncuatronoticias.com\/index.php\/wp-json\/wp\/v2\/tags?post=32784"}],"curies":[{"name":"wp","href":"https:\/\/api.w.org\/{rel}","templated":true}]}}