{"id":3266,"date":"2023-11-30T22:57:30","date_gmt":"2023-12-01T05:57:30","guid":{"rendered":"https:\/\/www.regioncuatronoticias.com\/?p=3266"},"modified":"2023-11-30T22:57:33","modified_gmt":"2023-12-01T05:57:33","slug":"mayoria-de-desaparecidos-por-otis-estan-en-el-mar-amlo","status":"publish","type":"post","link":"https:\/\/www.regioncuatronoticias.com\/index.php\/2023\/11\/30\/mayoria-de-desaparecidos-por-otis-estan-en-el-mar-amlo\/","title":{"rendered":"Mayor\u00eda de desaparecidos por \u201cOtis\u201d est\u00e1n en el mar: AMLO"},"content":{"rendered":"\n<p>Noviembre 30 de 2023<\/p>\n\n\n\n<p>Por: Redacci\u00f3n AN<\/p>\n\n\n\n<p>El presidente Andr\u00e9s Manuel L\u00f3pez Obrador consider\u00f3 que la mayor\u00eda de las personas que desaparecieron tras el paso del hurac\u00e1n Otis en Guerrero se encuentran en el mar.<\/p>\n\n\n\n<p>\u201cHay 31 desaparecidos por \u201cotis\u201d y se piensa que la mayor\u00eda est\u00e1n en el mar\u201d, declar\u00f3 este jueves durante su conferencia de prensa matutina en Palacio Nacional.<\/p>\n\n\n\n<p>El mandatario se\u00f1al\u00f3 que, ante esto, la Secretar\u00eda de Marina implement\u00f3 un operativo para la b\u00fasqueda de desaparecidos con buzos.<\/p>\n\n\n\n<p>Tras m\u00e1s de un mes del hist\u00f3rico golpe del hurac\u00e1n Otis, las labores de b\u00fasqueda de personas siguen en el puerto de Acapulco.<\/p>\n\n\n\n<p>Familias han cuestionado la cifra oficial de 50 muertos y 30 desaparecidos porque los cuerpos no aparecen, en particular los de decenas de marineros.<\/p>\n\n\n\n<p>M\u00e1s de 40 mil servidores p\u00fablicos apoyan en tareas de reconstrucci\u00f3n, mientras que al menos 32 mil familias ya recibieron apoyos de 8 mil pesos para limpieza, inform\u00f3 AMLO. Esta acci\u00f3n se repetir\u00e1 hasta alcanzar los 250 mil apoyos.<\/p>\n\n\n\n<p>A partir del 7 de diciembre se entregar\u00e1n los fondos para la reconstrucci\u00f3n de las viviendas, detall\u00f3 L\u00f3pez Obrador.<\/p>\n\n\n\n<p>Adem\u00e1s, ya se alcanz\u00f3 el 68% de la energ\u00eda el\u00e9ctrica que se consum\u00eda antes del hurac\u00e1n, aclar\u00f3 el presidente.<\/p>\n\n\n\n<figure class=\"wp-block-embed\"><div class=\"wp-block-embed__wrapper\">\nhttps:\/\/www.aristeguinoticias.com\/3011\/mexico\/mayoria-de-desaparecidos-por-otis-estan-en-el-mar-amlo\/\n<\/div><\/figure>\n","protected":false},"excerpt":{"rendered":"<p>Noviembre 30 de 2023 Por: Redacci\u00f3n AN El presidente Andr\u00e9s Manuel L\u00f3pez Obrador consider\u00f3 que la mayor\u00eda de las personas que desaparecieron tras el paso del hurac\u00e1n Otis en Guerrero se encuentran en el mar. \u201cHay 31 desaparecidos por \u201cotis\u201d y se piensa que la mayor\u00eda est\u00e1n en el mar\u201d, declar\u00f3 este jueves durante su [&hellip;]<\/p>\n","protected":false},"author":1,"featured_media":3267,"comment_status":"open","ping_status":"open","sticky":false,"template":"","format":"standard","meta":{"content-type":"","footnotes":""},"categories":[117,3,105],"tags":[],"class_list":{"0":"post-3266","1":"post","2":"type-post","3":"status-publish","4":"format-standard","5":"has-post-thumbnail","7":"category-general","8":"category-mexico","9":"category-principal"},"_links":{"self":[{"href":"https:\/\/www.regioncuatronoticias.com\/index.php\/wp-json\/wp\/v2\/posts\/3266","targetHints":{"allow":["GET"]}}],"collection":[{"href":"https:\/\/www.regioncuatronoticias.com\/index.php\/wp-json\/wp\/v2\/posts"}],"about":[{"href":"https:\/\/www.regioncuatronoticias.com\/index.php\/wp-json\/wp\/v2\/types\/post"}],"author":[{"embeddable":true,"href":"https:\/\/www.regioncuatronoticias.com\/index.php\/wp-json\/wp\/v2\/users\/1"}],"replies":[{"embeddable":true,"href":"https:\/\/www.regioncuatronoticias.com\/index.php\/wp-json\/wp\/v2\/comments?post=3266"}],"version-history":[{"count":1,"href":"https:\/\/www.regioncuatronoticias.com\/index.php\/wp-json\/wp\/v2\/posts\/3266\/revisions"}],"predecessor-version":[{"id":3268,"href":"https:\/\/www.regioncuatronoticias.com\/index.php\/wp-json\/wp\/v2\/posts\/3266\/revisions\/3268"}],"wp:featuredmedia":[{"embeddable":true,"href":"https:\/\/www.regioncuatronoticias.com\/index.php\/wp-json\/wp\/v2\/media\/3267"}],"wp:attachment":[{"href":"https:\/\/www.regioncuatronoticias.com\/index.php\/wp-json\/wp\/v2\/media?parent=3266"}],"wp:term":[{"taxonomy":"category","embeddable":true,"href":"https:\/\/www.regioncuatronoticias.com\/index.php\/wp-json\/wp\/v2\/categories?post=3266"},{"taxonomy":"post_tag","embeddable":true,"href":"https:\/\/www.regioncuatronoticias.com\/index.php\/wp-json\/wp\/v2\/tags?post=3266"}],"curies":[{"name":"wp","href":"https:\/\/api.w.org\/{rel}","templated":true}]}}