{"id":3263,"date":"2023-11-30T22:55:31","date_gmt":"2023-12-01T05:55:31","guid":{"rendered":"https:\/\/www.regioncuatronoticias.com\/?p=3263"},"modified":"2023-11-30T22:55:34","modified_gmt":"2023-12-01T05:55:34","slug":"solo-26-de-ninos-de-2-anos-tiene-completa-vacunacion","status":"publish","type":"post","link":"https:\/\/www.regioncuatronoticias.com\/index.php\/2023\/11\/30\/solo-26-de-ninos-de-2-anos-tiene-completa-vacunacion\/","title":{"rendered":"Solo 26% de ni\u00f1os de 2 a\u00f1os tiene completa vacunaci\u00f3n"},"content":{"rendered":"\n<p>CDMX; noviembre 30 de 2023.- El 74 por ciento de ni\u00f1os de 2 a\u00f1os de edad y el 40 por ciento de un a\u00f1o carece de esquema completo de vacunaci\u00f3n, advirti\u00f3 el Pacto por la Primera Infancia.<\/p>\n\n\n\n<p>Ante ese panorama, Jos\u00e9 Ignacio Avalos, presidente del Consejo Directivo de esa iniciativa ciudadano dijo que se &#8220;avecina un hurac\u00e1n categor\u00eda cinco&#8221;, por lo que Jorge Alcocer, Secretario de Salud y a todas las autoridades de salud, as\u00ed como a legisladores, a implementar una estrategia de largo plazo, hasta 2036, para revertir esta situaci\u00f3n.<\/p>\n\n\n\n<p>Durante el Foro Vacunaci\u00f3n para la Ni\u00f1ez:#S\u00ed Podemos, organizado por 14 instituciones, present\u00f3 el &#8220;Diagn\u00f3stico de la Vacunaci\u00f3n Infantil en M\u00e9xico 2010-2020: Un llamado a la acci\u00f3n&#8221;.<\/p>\n\n\n\n<p>Para expertos, el plan para aumentar la cobertura de vacunaci\u00f3n infantil debe ser prioridad nacional.<\/p>\n\n\n\n<p>El esquema de vacunaci\u00f3n completo para la primera infancia contempla ocho vacunas aplicadas en 22 dosis, seis de las ocho vacunas deben ponerse antes de cumplir un a\u00f1o de edad, es decir, el 75 por ciento.<\/p>\n\n\n\n<p>Seg\u00fan el diagn\u00f3stico, desde hace tres administraciones, incluyendo la actual, hay un deterioro en la cobertura de vacunaci\u00f3n infantil que debe ser revertido.<\/p>\n\n\n\n<p>El estudio advierte que desde 2016, M\u00e9xico no ha cumplido con el compromiso de alcanzar y mantener el 90 por ciento del esquema completo en ni\u00f1os de un a\u00f1o aunque se advierte una recuperaci\u00f3n en 2021 y 2022, sin llegar al porcentaje deseado.<\/p>\n\n\n\n<p>Las instituciones que participaron en el diagn\u00f3stico son la Academia Mexicana de Pediatr\u00eda; la Asociaci\u00f3n Mexicana de Infectolog\u00eda Pedi\u00e1trica; Asociaci\u00f3n Mexicana de Vacunolog\u00eda; Centro M\u00e9dico ABC; Child Fund Christel House; Hospital Infantil de M\u00e9xico Federico G\u00f3mez, Sociedad Mexicana de Salud P\u00fablica, entre otras.<\/p>\n\n\n\n<p>www.reforma.com<\/p>\n","protected":false},"excerpt":{"rendered":"<p>CDMX; noviembre 30 de 2023.- El 74 por ciento de ni\u00f1os de 2 a\u00f1os de edad y el 40 por ciento de un a\u00f1o carece de esquema completo de vacunaci\u00f3n, advirti\u00f3 el Pacto por la Primera Infancia. Ante ese panorama, Jos\u00e9 Ignacio Avalos, presidente del Consejo Directivo de esa iniciativa ciudadano dijo que se &#8220;avecina [&hellip;]<\/p>\n","protected":false},"author":1,"featured_media":3264,"comment_status":"open","ping_status":"open","sticky":false,"template":"","format":"standard","meta":{"content-type":"","footnotes":""},"categories":[3,105,6],"tags":[],"class_list":{"0":"post-3263","1":"post","2":"type-post","3":"status-publish","4":"format-standard","5":"has-post-thumbnail","7":"category-mexico","8":"category-principal","9":"category-salud"},"_links":{"self":[{"href":"https:\/\/www.regioncuatronoticias.com\/index.php\/wp-json\/wp\/v2\/posts\/3263","targetHints":{"allow":["GET"]}}],"collection":[{"href":"https:\/\/www.regioncuatronoticias.com\/index.php\/wp-json\/wp\/v2\/posts"}],"about":[{"href":"https:\/\/www.regioncuatronoticias.com\/index.php\/wp-json\/wp\/v2\/types\/post"}],"author":[{"embeddable":true,"href":"https:\/\/www.regioncuatronoticias.com\/index.php\/wp-json\/wp\/v2\/users\/1"}],"replies":[{"embeddable":true,"href":"https:\/\/www.regioncuatronoticias.com\/index.php\/wp-json\/wp\/v2\/comments?post=3263"}],"version-history":[{"count":1,"href":"https:\/\/www.regioncuatronoticias.com\/index.php\/wp-json\/wp\/v2\/posts\/3263\/revisions"}],"predecessor-version":[{"id":3265,"href":"https:\/\/www.regioncuatronoticias.com\/index.php\/wp-json\/wp\/v2\/posts\/3263\/revisions\/3265"}],"wp:featuredmedia":[{"embeddable":true,"href":"https:\/\/www.regioncuatronoticias.com\/index.php\/wp-json\/wp\/v2\/media\/3264"}],"wp:attachment":[{"href":"https:\/\/www.regioncuatronoticias.com\/index.php\/wp-json\/wp\/v2\/media?parent=3263"}],"wp:term":[{"taxonomy":"category","embeddable":true,"href":"https:\/\/www.regioncuatronoticias.com\/index.php\/wp-json\/wp\/v2\/categories?post=3263"},{"taxonomy":"post_tag","embeddable":true,"href":"https:\/\/www.regioncuatronoticias.com\/index.php\/wp-json\/wp\/v2\/tags?post=3263"}],"curies":[{"name":"wp","href":"https:\/\/api.w.org\/{rel}","templated":true}]}}