{"id":3236,"date":"2023-11-29T22:06:44","date_gmt":"2023-11-30T05:06:44","guid":{"rendered":"https:\/\/www.regioncuatronoticias.com\/?p=3236"},"modified":"2023-11-29T22:06:45","modified_gmt":"2023-11-30T05:06:45","slug":"no-al-ecocidio-cientos-de-voces-reclaman-en-sonora-proteccion-al-rio-cocospera-y-medir-impacto-ambiental-antes-de-construir-vias-del-tren-de-nogales-a-imuris","status":"publish","type":"post","link":"https:\/\/www.regioncuatronoticias.com\/index.php\/2023\/11\/29\/no-al-ecocidio-cientos-de-voces-reclaman-en-sonora-proteccion-al-rio-cocospera-y-medir-impacto-ambiental-antes-de-construir-vias-del-tren-de-nogales-a-imuris\/","title":{"rendered":"\u201cNo al ecocidio\u201d: Cientos de voces reclaman en Sonora protecci\u00f3n al R\u00edo C\u00f3c\u00f3spera y medir impacto ambiental antes de construir v\u00edas del tren de Nogales a \u00cdmuris"},"content":{"rendered":"\n<p>Tomado de Proyecto Puente<\/p>\n\n\n\n<p>Por Redacci\u00f3n<\/p>\n\n\n\n<p>Noviembre 29 de 2023<\/p>\n\n\n\n<p>Hermosillo, Sonora.- Las voces de las y los sonorenses se hicieron escuchar en una marcha para exigir protecci\u00f3n el R\u00edo Coc\u00f3spera, en \u00cdmuris; el gobierno federal busca construir un tren sin medir el impacto ambiental.<\/p>\n\n\n\n<p>M\u00e1s de 500 personas salieron a las calles de Hermosillo a exigirle a los diferentes niveles de gobierno que la obra se realice de manera responsable, mientras que otras se niegan totalmente al proyecto ferroviario.<\/p>\n\n\n\n<p>El proyecto federal, que a\u00fan no cuenta con un Manifiesto de Impacto Ambiental, pondr\u00eda en riesgo a la flora y la fauna del lugar, afectando a especies como el puma, jaguar, venados, \u00e1guila, pitayo, encinos, robles, entre otros.<\/p>\n\n\n\n<p>Kiliaan Castellanos, estudiante de Biolog\u00eda de la Universidad de Sonora (Unison), expres\u00f3 que es injusto que uno de los pocos r\u00edos que tiene agua todo el a\u00f1o sea afectado, adem\u00e1s de las especies como el jaguar, oso, ocelotes, \u00e1guilas etc.<\/p>\n\n\n\n<p>Record\u00f3 que el movimiento no est\u00e1 en contra del tren, sino debe ser construido con base estudios previos.<\/p>\n\n\n\n<p>Las y los manifestantes exigieron ante Palacio de Gobierno revisar el proyecto y el impacto ambiental de este medio de transporte.<\/p>\n","protected":false},"excerpt":{"rendered":"<p>Tomado de Proyecto Puente Por Redacci\u00f3n Noviembre 29 de 2023 Hermosillo, Sonora.- Las voces de las y los sonorenses se hicieron escuchar en una marcha para exigir protecci\u00f3n el R\u00edo Coc\u00f3spera, en \u00cdmuris; el gobierno federal busca construir un tren sin medir el impacto ambiental. M\u00e1s de 500 personas salieron a las calles de Hermosillo [&hellip;]<\/p>\n","protected":false},"author":1,"featured_media":3237,"comment_status":"open","ping_status":"open","sticky":false,"template":"","format":"standard","meta":{"content-type":"","footnotes":""},"categories":[117,105,9],"tags":[],"class_list":{"0":"post-3236","1":"post","2":"type-post","3":"status-publish","4":"format-standard","5":"has-post-thumbnail","7":"category-general","8":"category-principal","9":"category-sonora"},"_links":{"self":[{"href":"https:\/\/www.regioncuatronoticias.com\/index.php\/wp-json\/wp\/v2\/posts\/3236","targetHints":{"allow":["GET"]}}],"collection":[{"href":"https:\/\/www.regioncuatronoticias.com\/index.php\/wp-json\/wp\/v2\/posts"}],"about":[{"href":"https:\/\/www.regioncuatronoticias.com\/index.php\/wp-json\/wp\/v2\/types\/post"}],"author":[{"embeddable":true,"href":"https:\/\/www.regioncuatronoticias.com\/index.php\/wp-json\/wp\/v2\/users\/1"}],"replies":[{"embeddable":true,"href":"https:\/\/www.regioncuatronoticias.com\/index.php\/wp-json\/wp\/v2\/comments?post=3236"}],"version-history":[{"count":1,"href":"https:\/\/www.regioncuatronoticias.com\/index.php\/wp-json\/wp\/v2\/posts\/3236\/revisions"}],"predecessor-version":[{"id":3238,"href":"https:\/\/www.regioncuatronoticias.com\/index.php\/wp-json\/wp\/v2\/posts\/3236\/revisions\/3238"}],"wp:featuredmedia":[{"embeddable":true,"href":"https:\/\/www.regioncuatronoticias.com\/index.php\/wp-json\/wp\/v2\/media\/3237"}],"wp:attachment":[{"href":"https:\/\/www.regioncuatronoticias.com\/index.php\/wp-json\/wp\/v2\/media?parent=3236"}],"wp:term":[{"taxonomy":"category","embeddable":true,"href":"https:\/\/www.regioncuatronoticias.com\/index.php\/wp-json\/wp\/v2\/categories?post=3236"},{"taxonomy":"post_tag","embeddable":true,"href":"https:\/\/www.regioncuatronoticias.com\/index.php\/wp-json\/wp\/v2\/tags?post=3236"}],"curies":[{"name":"wp","href":"https:\/\/api.w.org\/{rel}","templated":true}]}}