{"id":3221,"date":"2023-11-29T20:15:09","date_gmt":"2023-11-30T03:15:09","guid":{"rendered":"https:\/\/www.regioncuatronoticias.com\/?p=3221"},"modified":"2023-11-29T20:15:11","modified_gmt":"2023-11-30T03:15:11","slug":"lorenia-o-karem-quien-fue-primero","status":"publish","type":"post","link":"https:\/\/www.regioncuatronoticias.com\/index.php\/2023\/11\/29\/lorenia-o-karem-quien-fue-primero\/","title":{"rendered":"Lorenia o Karem \u00bfQui\u00e9n fue primero?"},"content":{"rendered":"\n<p>COLUMNA MENSAJES<\/p>\n\n\n\n<p>Gilberto Armenta Reyes<\/p>\n\n\n\n<p>Lorenia o Karem \u00bfQui\u00e9n fue primero?<\/p>\n\n\n\n<p>Noviembre 29 del 2023<\/p>\n\n\n\n<p>La ascendencia partidista y pol\u00edtica de Lorenia Valles Sampedro es perredista, del grupo de Rene Bejarano y Dolores Padierna, quienes siempre la consideraron como una cuota de poder no solo en Sonora, sino tambi\u00e9n en Durango. Producto de esto, fue diputada federal en el 2012, y luego en el 2015, funcionaria estatal en Durango, gracias a la alianza con el PAN en la elecci\u00f3n de ese a\u00f1o.<\/p>\n\n\n\n<p>Los panistas duranguenses no la trataron bien, y le estorbaron en su desempe\u00f1o, por lo que, cansada de eso, se fue a ostentar una responsabilidad en alguna oficina diplom\u00e1tica en Los \u00c1ngeles, California, en apoyo a los mexicanos radicados all\u00e1.<\/p>\n\n\n\n<p>Mientras Lorenia Valles iba y ven\u00eda como arriba les comento, en Sonora, Karem Valles Sampedro, ex perredista tambi\u00e9n, aunque no tan encumbrada como su hermana, le apost\u00f3 a Morena desde el 2014, y empez\u00f3 a moverse, con dificultades, en ese naciente partido.<\/p>\n\n\n\n<p>En el 2018, con una Karem m\u00e1s o menos firme en Morena, Lorenia es promovida por Bejarano y Padierna, y sabiendo que a Morena en Sonora le urg\u00edan perfiles pol\u00edticos con experiencia en elecciones, la mandan a competir por la diputaci\u00f3n federal, que a la postre gana, junto a sus seis asombrados compa\u00f1eros candidatos morenistas m\u00e1s, que no daban cr\u00e9dito de haberse llevado carro completo en Sonora.<\/p>\n\n\n\n<p>En ese mismo 2018, Karem se integra al gabinete de C\u00e9lida Teresa L\u00f3pez C+ardenas, que hab\u00eda ganado la alcald\u00eda de Hermosillo tambi\u00e9n por Morena, y juntas las dos hermanas, Lorenia y Karem, labran su propio camino pol\u00edtico y morenista, de ese 2018 a la fecha.<\/p>\n\n\n\n<p>Lorenia Valles est\u00e1 aprobada y bien calificada en su desempe\u00f1o, y aunque poco se conoce del de Karem Valles, no es tanto como para desaprobarlo.<\/p>\n\n\n\n<p>Aqu\u00ed hay que subrayarlo, sin demeritar a una u otra, y para irlo entendiendo: en Morena Sonora, las dos hermanas han ido avanzando por separado, favoreci\u00e9ndose como sucede en la pol\u00edtica, de las cuotas de poder, y ayud\u00e1ndose la una con la otra. Nada raro, y nada nuevo en eso.&nbsp;<\/p>\n\n\n\n<p>Decir que Karem fue nombrada comisionada del Instituto de Transparencia y Acceso a la Informaci\u00f3n, porque es hermana de Lorenia, no es correcto, no se\u00f1ores, no lo es del todo.<\/p>\n\n\n\n<p>La nueva comisionada del ISTAI fue nombrada por su esfuerzo propio, por su trabajo como funcionaria, por sus relaciones personales, y por su propia iniciativa.<\/p>\n\n\n\n<p>\u00bfQue no tiene experiencia? Bueno, ya la adquirir\u00e1. \u00bfQue fue recomendada? Bueno, d\u00edganme quien no lo ha sido. \u00bfQue se hermana Lorenia la impulso? No ser\u00eda el primer impulso entre familiares para escalar en pol\u00edtica, y no ser\u00e1 el \u00faltimo.<\/p>\n\n\n\n<p>Conociendo el perfil a medias de algunos de los aspirantes que quedaron en el camino rumbo al ISTAI, debo decir que algunos me parece han aplicado a varias convocatorias, sin \u00e9xito. Por algo ser\u00e1.<\/p>\n\n\n\n<p>Veo otros identificados con grupos pol\u00edticos de poder del pasado, y que en su momento, fueron impulsados por el PRI, o por el PAN.<\/p>\n\n\n\n<p>\u00bfCree usted que una regresi\u00f3n de esos intereses, seria apropiada para el actual gobierno estatal?<\/p>\n\n\n\n<p>S\u00ed antes se dictaban los nombres de quienes ocupar\u00edan este tipo de encargos, desde vaya usted a saber que oficinas, \u00bfnos debemos desgarrar las vestiduras ahora, porque sigue pasando?<\/p>\n\n\n\n<p>Se debe estar del otro lado de la barra, para entender c\u00f3mo se ejerce el poder, como se administra la influencia pol\u00edtica, y c\u00f3mo se protege la gobernabilidad.<\/p>\n\n\n\n<p>Necesitamos ser hartamente ingenuos para creer que existe m\u00e1s de un librito, para construir la pol\u00edtica, cuando solo existe uno, y lo utilizan todos, sin importar el partido al que pertenezcan.<\/p>\n\n\n\n<p>Ellas y ellos, los de Morena, ganaron en el 2021, y por eso les asiste el derecho para decidir c\u00f3mo construyen su entramado pol\u00edtico, y ser\u00e1 de la forma que ellos entiendan que deben hacerlo, a favor de los sonorenses.<\/p>\n\n\n\n<p>Vamos, se\u00f1ores, si le tenemos miedo al fantasma, es mejor no salir de noche. \u00a1\u00c1nimo!<\/p>\n","protected":false},"excerpt":{"rendered":"<p>COLUMNA MENSAJES Gilberto Armenta Reyes Lorenia o Karem \u00bfQui\u00e9n fue primero? Noviembre 29 del 2023 La ascendencia partidista y pol\u00edtica de Lorenia Valles Sampedro es perredista, del grupo de Rene Bejarano y Dolores Padierna, quienes siempre la consideraron como una cuota de poder no solo en Sonora, sino tambi\u00e9n en Durango. Producto de esto, fue [&hellip;]<\/p>\n","protected":false},"author":1,"featured_media":3222,"comment_status":"open","ping_status":"open","sticky":false,"template":"","format":"standard","meta":{"content-type":"","footnotes":""},"categories":[110],"tags":[],"class_list":{"0":"post-3221","1":"post","2":"type-post","3":"status-publish","4":"format-standard","5":"has-post-thumbnail","7":"category-gilberto-armenta-reyes"},"_links":{"self":[{"href":"https:\/\/www.regioncuatronoticias.com\/index.php\/wp-json\/wp\/v2\/posts\/3221","targetHints":{"allow":["GET"]}}],"collection":[{"href":"https:\/\/www.regioncuatronoticias.com\/index.php\/wp-json\/wp\/v2\/posts"}],"about":[{"href":"https:\/\/www.regioncuatronoticias.com\/index.php\/wp-json\/wp\/v2\/types\/post"}],"author":[{"embeddable":true,"href":"https:\/\/www.regioncuatronoticias.com\/index.php\/wp-json\/wp\/v2\/users\/1"}],"replies":[{"embeddable":true,"href":"https:\/\/www.regioncuatronoticias.com\/index.php\/wp-json\/wp\/v2\/comments?post=3221"}],"version-history":[{"count":1,"href":"https:\/\/www.regioncuatronoticias.com\/index.php\/wp-json\/wp\/v2\/posts\/3221\/revisions"}],"predecessor-version":[{"id":3223,"href":"https:\/\/www.regioncuatronoticias.com\/index.php\/wp-json\/wp\/v2\/posts\/3221\/revisions\/3223"}],"wp:featuredmedia":[{"embeddable":true,"href":"https:\/\/www.regioncuatronoticias.com\/index.php\/wp-json\/wp\/v2\/media\/3222"}],"wp:attachment":[{"href":"https:\/\/www.regioncuatronoticias.com\/index.php\/wp-json\/wp\/v2\/media?parent=3221"}],"wp:term":[{"taxonomy":"category","embeddable":true,"href":"https:\/\/www.regioncuatronoticias.com\/index.php\/wp-json\/wp\/v2\/categories?post=3221"},{"taxonomy":"post_tag","embeddable":true,"href":"https:\/\/www.regioncuatronoticias.com\/index.php\/wp-json\/wp\/v2\/tags?post=3221"}],"curies":[{"name":"wp","href":"https:\/\/api.w.org\/{rel}","templated":true}]}}