{"id":3218,"date":"2023-11-29T15:31:16","date_gmt":"2023-11-29T22:31:16","guid":{"rendered":"https:\/\/www.regioncuatronoticias.com\/?p=3218"},"modified":"2023-11-29T15:31:18","modified_gmt":"2023-11-29T22:31:18","slug":"reporteros-marchan-en-chilpancingo-para-exigir-justicia-tras-ola-de-ataques-a-colegas-no-se-mata-la-verdad-matando-periodistas","status":"publish","type":"post","link":"https:\/\/www.regioncuatronoticias.com\/index.php\/2023\/11\/29\/reporteros-marchan-en-chilpancingo-para-exigir-justicia-tras-ola-de-ataques-a-colegas-no-se-mata-la-verdad-matando-periodistas\/","title":{"rendered":"Reporteros marchan en Chilpancingo para exigir justicia tras ola de ataques a colegas: &#8220;\u00a1No se mata la verdad matando periodistas!&#8221;"},"content":{"rendered":"\n<p>La marcha surge despu\u00e9s de que tres reporteros de Chilpancingo quedaron heridos ayer tras un tiroteo.<\/p>\n\n\n\n<p>EFE<\/p>\n\n\n\n<p>Noviembre 29 de 2023<\/p>\n\n\n\n<p>GUERRERO.- Este mi\u00e9rcoles, comunicadores se movilizaron en Chilpancingo, la capital del estado de Guerrero, en conjunto con diversas organizaciones sociales para condenar el ataque a cuatro periodistas, resultando tres de ellos heridos, y demandar garant\u00edas para el ejercicio seguro de su labor.<\/p>\n\n\n\n<p>Los profesionales de los medios de comunicaci\u00f3n recorrieron las principales v\u00edas de la ciudad exhibiendo pancartas con el mensaje contundente de que &#8220;no se mata la verdad matando periodistas&#8221;.<\/p>\n\n\n\n<p>La caravana, conformada por reporteros y grupos sociales, hizo una parada frente al Ayuntamiento, donde expresaron su repudio hacia la presidenta municipal, Norma Otilia Hern\u00e1ndez, a quien acusan de poner en peligro a los reporteros al presentar denuncias contra cinco de ellos.<\/p>\n\n\n\n<p>Despu\u00e9s arribaron a las instalaciones de la Fiscal\u00eda General de la Rep\u00fablica (FGR), a la que acusan de complicidad en los ataques contra comunicadores, por omisi\u00f3n y falta de justicia.<\/p>\n\n\n\n<p>Violencia contra periodistas<\/p>\n\n\n\n<p>La manifestaci\u00f3n ocurre despu\u00e9s de que tres reporteros de Chilpancingo quedaron heridos el martes tras un tiroteo: V\u00edctor Mateo, colaborador de Quadrat\u00edn Guerrero; \u00d3scar Guerrero, de Primer Plano, y Jes\u00fas de la Cruz, de Reporte Guerrero.<\/p>\n\n\n\n<p>El hecho ocurre apenas d\u00edas despu\u00e9s de que en Taxco, en el norte de Guerrero, sujetos armados secuestraron a tres reporteros, quienes quedaron libres tras protestas para exigir su liberaci\u00f3n, aunque contin\u00faa sin aparecer el hijo de uno de ellos.<\/p>\n\n\n\n<p>La marcha hizo otra parada en las Oficinas del Poder Ejecutivo del Estado, donde realizaron un mitin para exigir a la gobernadora Evelyn Salgado que garantice la seguridad de la prensa.<\/p>\n\n\n\n<p>En la protesta enlazaron v\u00eda telef\u00f3nica al reportero Jes\u00fas de la Cruz, quien se sum\u00f3 a la exigencia de seguridad para el desempe\u00f1o de su labor.<\/p>\n\n\n\n<p>En altavoz, inform\u00f3 que est\u00e1 fuera de peligro, pero que la bala le qued\u00f3 alojada entre el hombro y el pecho.<\/p>\n","protected":false},"excerpt":{"rendered":"<p>La marcha surge despu\u00e9s de que tres reporteros de Chilpancingo quedaron heridos ayer tras un tiroteo. EFE Noviembre 29 de 2023 GUERRERO.- Este mi\u00e9rcoles, comunicadores se movilizaron en Chilpancingo, la capital del estado de Guerrero, en conjunto con diversas organizaciones sociales para condenar el ataque a cuatro periodistas, resultando tres de ellos heridos, y demandar [&hellip;]<\/p>\n","protected":false},"author":1,"featured_media":3219,"comment_status":"open","ping_status":"open","sticky":false,"template":"","format":"standard","meta":{"content-type":"","footnotes":""},"categories":[117,3,105],"tags":[],"class_list":{"0":"post-3218","1":"post","2":"type-post","3":"status-publish","4":"format-standard","5":"has-post-thumbnail","7":"category-general","8":"category-mexico","9":"category-principal"},"_links":{"self":[{"href":"https:\/\/www.regioncuatronoticias.com\/index.php\/wp-json\/wp\/v2\/posts\/3218","targetHints":{"allow":["GET"]}}],"collection":[{"href":"https:\/\/www.regioncuatronoticias.com\/index.php\/wp-json\/wp\/v2\/posts"}],"about":[{"href":"https:\/\/www.regioncuatronoticias.com\/index.php\/wp-json\/wp\/v2\/types\/post"}],"author":[{"embeddable":true,"href":"https:\/\/www.regioncuatronoticias.com\/index.php\/wp-json\/wp\/v2\/users\/1"}],"replies":[{"embeddable":true,"href":"https:\/\/www.regioncuatronoticias.com\/index.php\/wp-json\/wp\/v2\/comments?post=3218"}],"version-history":[{"count":1,"href":"https:\/\/www.regioncuatronoticias.com\/index.php\/wp-json\/wp\/v2\/posts\/3218\/revisions"}],"predecessor-version":[{"id":3220,"href":"https:\/\/www.regioncuatronoticias.com\/index.php\/wp-json\/wp\/v2\/posts\/3218\/revisions\/3220"}],"wp:featuredmedia":[{"embeddable":true,"href":"https:\/\/www.regioncuatronoticias.com\/index.php\/wp-json\/wp\/v2\/media\/3219"}],"wp:attachment":[{"href":"https:\/\/www.regioncuatronoticias.com\/index.php\/wp-json\/wp\/v2\/media?parent=3218"}],"wp:term":[{"taxonomy":"category","embeddable":true,"href":"https:\/\/www.regioncuatronoticias.com\/index.php\/wp-json\/wp\/v2\/categories?post=3218"},{"taxonomy":"post_tag","embeddable":true,"href":"https:\/\/www.regioncuatronoticias.com\/index.php\/wp-json\/wp\/v2\/tags?post=3218"}],"curies":[{"name":"wp","href":"https:\/\/api.w.org\/{rel}","templated":true}]}}