{"id":32169,"date":"2025-08-13T21:39:10","date_gmt":"2025-08-14T04:39:10","guid":{"rendered":"https:\/\/www.regioncuatronoticias.com\/?p=32169"},"modified":"2025-08-13T21:39:17","modified_gmt":"2025-08-14T04:39:17","slug":"imputan-a-excomandante-de-la-amic-por-presuntamente-facilitar-fuga-de-dos-agentes-en-hermosillo","status":"publish","type":"post","link":"https:\/\/www.regioncuatronoticias.com\/index.php\/2025\/08\/13\/imputan-a-excomandante-de-la-amic-por-presuntamente-facilitar-fuga-de-dos-agentes-en-hermosillo\/","title":{"rendered":"Imputan a excomandante de la AMIC por presuntamente facilitar fuga de dos agentes en Hermosillo"},"content":{"rendered":"\n<p>Tomado de N+ Noticias<\/p>\n\n\n\n<p>Redacci\u00f3n<\/p>\n\n\n\n<p>Mi\u00e9rcoles 13 de agosto de 2025<\/p>\n\n\n\n<p>El fiscal de Sonora, inform\u00f3 que el viernes 15 de agosto se resolver\u00e1 la situaci\u00f3n jur\u00eddica del excomandante de la AMIC, acusado de colaborar en la fuga de agentes que dispararon contra un abogado.<\/p>\n\n\n\n<p>Roberto \u201cN\u201d, quien fung\u00eda como comandante de la Agencia Ministerial de Investigaci\u00f3n Criminal, fue imputado por su probable responsabilidad de incumplimiento de un deber legal, delitos contra la procuraci\u00f3n, as\u00ed como la administraci\u00f3n de justicia y evasi\u00f3n de presos.<\/p>\n\n\n\n<p>Esto con relaci\u00f3n al caso de los elementos de la AMIC que presuntamente balearon a un abogado al confundirlo con un delincuente, durante un operativo ocurrido el 24 de mayo de este a\u00f1o, al sur de Hermosillo.<\/p>\n\n\n\n<p>La Fiscal\u00eda General de Justicia del Estado inform\u00f3 que el Ministerio P\u00fablico formul\u00f3 la imputaci\u00f3n en audiencia celebrada la tarde del martes 12 de agosto, en donde la defensa solicit\u00f3 la ampliaci\u00f3n del t\u00e9rmino constitucional para la audiencia de vinculaci\u00f3n, la cual ser\u00e1 el pr\u00f3ximo viernes 15 de agosto, aunque no se le dict\u00f3 prisi\u00f3n preventiva.<\/p>\n\n\n\n<p>Ambos agentes, que presuntamente dispararon contra el abogado, cuentan con \u00f3rdenes de aprehensi\u00f3n vigentes y actualmente son buscados para su detenci\u00f3n, luego de que se dieran a la fuga, situaci\u00f3n en la que podr\u00eda tener conocimiento el exmando de la AMIC.<\/p>\n\n\n\n<p><strong>FGJE Sonora buscar\u00e1 vincular a proceso al excomandante imputado<\/strong><\/p>\n\n\n\n<p>A m\u00e1s tardar el pr\u00f3ximo viernes 15 de agosto, se resolver\u00e1 la situaci\u00f3n jur\u00eddica del excomandante de la Agencia Ministerial de Investigaci\u00f3n Criminal, AMIC, acusado de facilitar la huida de dos elementos de esa corporaci\u00f3n que dispararon contra un particular el 24 de mayo pasado, en Hermosillo.<\/p>\n\n\n\n<p>Gustavo R\u00f3mulo Salas Ch\u00e1vez, fiscal general de Justicia del Estado inform\u00f3 que, a pesar de que el exservidor p\u00fablico fue imputado por los delitos de incumplimiento de un deber legal, contra la procuraci\u00f3n y administraci\u00f3n de justicia, adem\u00e1s de evasi\u00f3n de presos, no se ejecut\u00f3 orden de aprehensi\u00f3n por que present\u00f3 un amparo.<\/p>\n\n\n\n<p>Se ampli\u00f3 el t\u00e9rmino para que se resuelva en las pr\u00f3ximas horas su situaci\u00f3n jur\u00eddica, si queda o no vinculado, por supuesto para nosotros es un asunto sumamente importante, es emblem\u00e1tico el sancionar a este exservidor p\u00fablico.<\/p>\n\n\n\n<p>A trav\u00e9s de una alerta emitida de manera nacional e internacional, Salas Ch\u00e1vez dijo que se mantiene la b\u00fasqueda de los dos agentes que accionaron sus armas de fuego contra el particular, hiri\u00e9ndolo de gravedad, y despu\u00e9s huyeron del estado.<\/p>\n\n\n\n<p>Seguimos en la b\u00fasqueda en todo el pa\u00eds y tambi\u00e9n con los correspondientes servicios de ficha roja de los dos exAMIC, que no han sido capturados para que enfrenten la justicia por los hechos realizados en meses pasados.<\/p>\n\n\n\n<p><a href=\"https:\/\/www.nmas.com.mx\/sonora\/imputan-a-excomandante-de-la-amic-por-facilitar-fuga-de-agentes-en-hermosillo\">https:\/\/www.nmas.com.mx\/sonora\/imputan-a-excomandante-de-la-amic-por-facilitar-fuga-de-agentes-en-hermosillo<\/a><\/p>\n","protected":false},"excerpt":{"rendered":"<p>Tomado de N+ Noticias Redacci\u00f3n Mi\u00e9rcoles 13 de agosto de 2025 El fiscal de Sonora, inform\u00f3 que el viernes 15 de agosto se resolver\u00e1 la situaci\u00f3n jur\u00eddica del excomandante de la AMIC, acusado de colaborar en la fuga de agentes que dispararon contra un abogado. Roberto \u201cN\u201d, quien fung\u00eda como comandante de la Agencia Ministerial [&hellip;]<\/p>\n","protected":false},"author":1,"featured_media":32170,"comment_status":"open","ping_status":"open","sticky":false,"template":"","format":"standard","meta":{"content-type":"","footnotes":""},"categories":[113,9],"tags":[],"class_list":{"0":"post-32169","1":"post","2":"type-post","3":"status-publish","4":"format-standard","5":"has-post-thumbnail","7":"category-seguridad","8":"category-sonora"},"_links":{"self":[{"href":"https:\/\/www.regioncuatronoticias.com\/index.php\/wp-json\/wp\/v2\/posts\/32169","targetHints":{"allow":["GET"]}}],"collection":[{"href":"https:\/\/www.regioncuatronoticias.com\/index.php\/wp-json\/wp\/v2\/posts"}],"about":[{"href":"https:\/\/www.regioncuatronoticias.com\/index.php\/wp-json\/wp\/v2\/types\/post"}],"author":[{"embeddable":true,"href":"https:\/\/www.regioncuatronoticias.com\/index.php\/wp-json\/wp\/v2\/users\/1"}],"replies":[{"embeddable":true,"href":"https:\/\/www.regioncuatronoticias.com\/index.php\/wp-json\/wp\/v2\/comments?post=32169"}],"version-history":[{"count":1,"href":"https:\/\/www.regioncuatronoticias.com\/index.php\/wp-json\/wp\/v2\/posts\/32169\/revisions"}],"predecessor-version":[{"id":32171,"href":"https:\/\/www.regioncuatronoticias.com\/index.php\/wp-json\/wp\/v2\/posts\/32169\/revisions\/32171"}],"wp:featuredmedia":[{"embeddable":true,"href":"https:\/\/www.regioncuatronoticias.com\/index.php\/wp-json\/wp\/v2\/media\/32170"}],"wp:attachment":[{"href":"https:\/\/www.regioncuatronoticias.com\/index.php\/wp-json\/wp\/v2\/media?parent=32169"}],"wp:term":[{"taxonomy":"category","embeddable":true,"href":"https:\/\/www.regioncuatronoticias.com\/index.php\/wp-json\/wp\/v2\/categories?post=32169"},{"taxonomy":"post_tag","embeddable":true,"href":"https:\/\/www.regioncuatronoticias.com\/index.php\/wp-json\/wp\/v2\/tags?post=32169"}],"curies":[{"name":"wp","href":"https:\/\/api.w.org\/{rel}","templated":true}]}}