{"id":3208,"date":"2023-11-29T00:14:24","date_gmt":"2023-11-29T07:14:24","guid":{"rendered":"https:\/\/www.regioncuatronoticias.com\/?p=3208"},"modified":"2023-11-29T00:14:27","modified_gmt":"2023-11-29T07:14:27","slug":"karem-valle-sampedro-es-designada-como-nueva-comisionada-del-istai","status":"publish","type":"post","link":"https:\/\/www.regioncuatronoticias.com\/index.php\/2023\/11\/29\/karem-valle-sampedro-es-designada-como-nueva-comisionada-del-istai\/","title":{"rendered":"Karem Valle Sampedro es designada como nueva comisionada del Istai"},"content":{"rendered":"\n<p>Esta decisi\u00f3n la tomaron los diputados del Congreso del Estado, luego de que se ten\u00eda previsto someter a votaci\u00f3n los perfiles de los 13 aspirantes seleccionados<\/p>\n\n\n\n<p>Tomado de El Sol de Hermosillo<\/p>\n\n\n\n<p>Gil Reyes<\/p>\n\n\n\n<p>Foto: Carlos Villalba<\/p>\n\n\n\n<p>Por los pr\u00f3ximos siete a\u00f1os, Karem Luc\u00eda Valles Sampedro se desempe\u00f1ar\u00e1 como comisionada del Instituto Sonorense de Transparencia, Acceso a la Informaci\u00f3n P\u00fablica y Protecci\u00f3n de Datos Personales (Istai) en Sonora.<\/p>\n\n\n\n<p>Esta decisi\u00f3n la tomaron los diputados del Congreso del Estado, luego de que se ten\u00eda previsto someter a votaci\u00f3n los perfiles de los 13 aspirantes seleccionados para la ronda final, en la cual fue respaldada por dos terceras partes de los presentes.<\/p>\n\n\n\n<p>Fue durante la sesi\u00f3n ordinaria del martes cuando se incluy\u00f3 dentro de la orden del d\u00eda la votaci\u00f3n para dicha vacante, que fue dejada por la entonces comisionada presidenta Guadalupe Taddei Zavala, quien fue sorteada como la nueva titular del Instituto Nacional Electoral (INE) a nivel nacional.<\/p>\n\n\n\n<p>Durante los meses que no se defini\u00f3 a la persona sustituta, Rebeca Fernanda L\u00f3pez Aguirre asumi\u00f3 esa responsabilidad dentro de ese \u00f3rgano de transparencia, quien tambi\u00e9n compiti\u00f3 para ser elegida, pero no corri\u00f3 con suerte.<\/p>\n\n\n\n<p>L\u00f3pez Aguirre retomar\u00e1 su lugar como suplente de la presidenta, Ana Patricia Brise\u00f1o Torres, quien asumi\u00f3 la titularidad el pasado 19 de junio tambi\u00e9n por decisi\u00f3n de los diputados en el Poder Legislativo.<\/p>\n\n\n\n<p>Al principio del proceso fueron 14 los contendientes que buscaban ser elegidos para esa encomienda, pero solo uno de ellos no reuni\u00f3 los requisitos solicitados por los convocantes.<\/p>\n\n\n\n<p>Los diputados buscan respaldar la propuesta como una Ley para todos los Ayuntamientos \/ Foto: Cortes\u00eda | Congreso del Estado<\/p>\n\n\n\n<p>A partir de ese momento, la Comisi\u00f3n de Transparencia, que preside la diputada Blanca Cota Ponce llev\u00f3 a cabo entrevistas a cada uno de los perfiles para verificar si eran aptos o aptas para el puesto.<\/p>\n\n\n\n<p>Christian Alberto Arellano L\u00f3pez, Wilfredo Rom\u00e1n Morales Silva, Leonor Santos Navarro, Ana Maribel Salcido Jashimoto, Alan L\u00f3pez Aguirre, Francisco Rene Maldonado Navarro, Rafael Higuera Alfaro, Jos\u00e9 Emmanuel Mendoza Ibarra, Iv\u00e1n Eduardo Andrade Rembau, Santos Cecilia Mill\u00e1n Ibarra, Mar\u00eda Guadalupe F\u00e9lix Rinc\u00f3n y Rebeca Fernanda L\u00f3pez Aguirre (sigue como suplente), se quedaron en el camino.<\/p>\n\n\n\n<p>Valles Sampedro se desempe\u00f1\u00f3 como titular de la Direcci\u00f3n de Atenci\u00f3n Ciudadana de Bienes y Concesiones en el Gobierno del Estado en la actual administraci\u00f3n, adem\u00e1s fue directora de Atenci\u00f3n a la Mujer en el trienio de C\u00e9lida L\u00f3pez y es hermana de la actual directora del DIF Sonora, Lorenia Valles Sampedro.<\/p>\n","protected":false},"excerpt":{"rendered":"<p>Esta decisi\u00f3n la tomaron los diputados del Congreso del Estado, luego de que se ten\u00eda previsto someter a votaci\u00f3n los perfiles de los 13 aspirantes seleccionados Tomado de El Sol de Hermosillo Gil Reyes Foto: Carlos Villalba Por los pr\u00f3ximos siete a\u00f1os, Karem Luc\u00eda Valles Sampedro se desempe\u00f1ar\u00e1 como comisionada del Instituto Sonorense de Transparencia, [&hellip;]<\/p>\n","protected":false},"author":1,"featured_media":3209,"comment_status":"open","ping_status":"open","sticky":false,"template":"","format":"standard","meta":{"content-type":"","footnotes":""},"categories":[115,105,9],"tags":[],"class_list":{"0":"post-3208","1":"post","2":"type-post","3":"status-publish","4":"format-standard","5":"has-post-thumbnail","7":"category-politica","8":"category-principal","9":"category-sonora"},"_links":{"self":[{"href":"https:\/\/www.regioncuatronoticias.com\/index.php\/wp-json\/wp\/v2\/posts\/3208","targetHints":{"allow":["GET"]}}],"collection":[{"href":"https:\/\/www.regioncuatronoticias.com\/index.php\/wp-json\/wp\/v2\/posts"}],"about":[{"href":"https:\/\/www.regioncuatronoticias.com\/index.php\/wp-json\/wp\/v2\/types\/post"}],"author":[{"embeddable":true,"href":"https:\/\/www.regioncuatronoticias.com\/index.php\/wp-json\/wp\/v2\/users\/1"}],"replies":[{"embeddable":true,"href":"https:\/\/www.regioncuatronoticias.com\/index.php\/wp-json\/wp\/v2\/comments?post=3208"}],"version-history":[{"count":1,"href":"https:\/\/www.regioncuatronoticias.com\/index.php\/wp-json\/wp\/v2\/posts\/3208\/revisions"}],"predecessor-version":[{"id":3210,"href":"https:\/\/www.regioncuatronoticias.com\/index.php\/wp-json\/wp\/v2\/posts\/3208\/revisions\/3210"}],"wp:featuredmedia":[{"embeddable":true,"href":"https:\/\/www.regioncuatronoticias.com\/index.php\/wp-json\/wp\/v2\/media\/3209"}],"wp:attachment":[{"href":"https:\/\/www.regioncuatronoticias.com\/index.php\/wp-json\/wp\/v2\/media?parent=3208"}],"wp:term":[{"taxonomy":"category","embeddable":true,"href":"https:\/\/www.regioncuatronoticias.com\/index.php\/wp-json\/wp\/v2\/categories?post=3208"},{"taxonomy":"post_tag","embeddable":true,"href":"https:\/\/www.regioncuatronoticias.com\/index.php\/wp-json\/wp\/v2\/tags?post=3208"}],"curies":[{"name":"wp","href":"https:\/\/api.w.org\/{rel}","templated":true}]}}