{"id":32051,"date":"2025-08-12T00:02:23","date_gmt":"2025-08-12T07:02:23","guid":{"rendered":"https:\/\/www.regioncuatronoticias.com\/?p=32051"},"modified":"2025-08-12T00:02:27","modified_gmt":"2025-08-12T07:02:27","slug":"surgira-en-sonora-otro-dato-protegido-rumbo-al-2027","status":"publish","type":"post","link":"https:\/\/www.regioncuatronoticias.com\/index.php\/2025\/08\/12\/surgira-en-sonora-otro-dato-protegido-rumbo-al-2027\/","title":{"rendered":"\u00bfSurgir\u00e1 en Sonora otro Dato Protegido rumbo al 2027?"},"content":{"rendered":"\n<p><strong>Columna Haz y Env\u00e9s<\/strong><\/p>\n\n\n\n<p><strong>Armando Fava Ruelas<\/strong><\/p>\n\n\n\n<p><strong>\u00bfSurgir\u00e1 en Sonora otro Dato Protegido rumbo al 2027?<\/strong><\/p>\n\n\n\n<p><strong>Martes 12 de agosto de 2025<\/strong><\/p>\n\n\n\n<p>Por fin han quedado atr\u00e1s los 30 largos d\u00edas durante los cuales Karla Mar\u00eda Estrella Murrieta se vio obligada a ofrecer una disculpa p\u00fablica a la diputada federal por el distrito 3 de Hermosillo Norte, Diana Karina Barreras Samaniego, derivado esto de la denuncia interpuesta por la legisladora del Partido del Trabajo, alegando que un comentario publicado en redes sociales por la ciudadana en menci\u00f3n, se &nbsp;ejerci\u00f3 en su contra violencia pol\u00edtica en raz\u00f3n de g\u00e9nero lo que le caus\u00f3 un da\u00f1o moral.<\/p>\n\n\n\n<p>La confrontaci\u00f3n escal\u00f3 a niveles insospechados con resultados desastrosos para la imagen de la aspirante a la candidatura petista (cuando menos) a la alcald\u00eda de Hermosillo, debido a la severidad de la resoluci\u00f3n del TEPJF, instancia que resolvi\u00f3 aplicar a Karla Mar\u00eda una sanci\u00f3n econ\u00f3mica, obligarla a publicar durante 30 d\u00edas de una disculpa p\u00fablica a la diputada petista a quien se le denomin\u00f3 DATO PROTEGIDO, penalizaci\u00f3n que por cierto lleg\u00f3 a su fin el pasado domingo, as\u00ed como recibir capacitaci\u00f3n en temas de violencia pol\u00edtica en raz\u00f3n de g\u00e9nero y -dicen las malas lenguas- que adem\u00e1s le impusieron tres peregrinaciones al Cerrito de la Virgen de rodillas antes del 11 de diciembre pr\u00f3ximo.<\/p>\n\n\n\n<p>Mucho se ha especulado al respecto, sobre todo por la p\u00e9sima asesor\u00eda pol\u00edtica que desde el&nbsp; principio recibi\u00f3 Diana Karina y por el involucramiento (inevitable, pues es su esposo) del influyente diputado morenista, todav\u00eda presidente de la Mesa Directiva de la C\u00e1mara de Diputados, Sergio Guti\u00e9rrez Luna.<\/p>\n\n\n\n<p>Esto \u00faltimo empeor\u00f3 las cosas. En redes sociales y medios de comunicaci\u00f3n les sacaron a ambos cuanto trapo sucio ten\u00edan escondido debajo de la cama, como se dice en lenguaje popular. Hasta la presidenta Sheinbaum pudo darse cuenta de que no hab\u00eda manera de ayudarles y opt\u00f3 por un ol\u00edmpico deslinde, eso s\u00ed, clav\u00e1ndoles un pu\u00f1al al decir que \u201cel poder se ejerce con humildad\u201d.<\/p>\n\n\n\n<p>Todo el mundo, principalmente del lado oficialista, aprovech\u00f3 esta confrontaci\u00f3n Diana Karina-Karla Mar\u00eda, para tupirle duro y a la cabeza a la \u201csuper cool\u201d pareja de diputados, por los excesos en su estilo de vida rodeada de lujos, adem\u00e1s de que ambos exhibieron su talante soberbio y autoritario. Solitos de echaron la soga al cuello.<\/p>\n\n\n\n<p>El resto ser\u00e1 la historia que ambos vivir\u00e1n como consecuencia de su tozudez.<\/p>\n\n\n\n<p>Los sabihondos en pol\u00edtica aseguran que este es el Waterloo de Diana Karina Barreras y de su esposo Sergio Guti\u00e9rrez Luna, aunque no creemos que eso &nbsp;suceda sino que MORENA y la 4T les lavar\u00e1n la cara y estar\u00e1n listos para dar la batalla en el 2027. Al tiempo.<\/p>\n\n\n\n<p>Pero, el incidente deja varias cosas en claro.<\/p>\n\n\n\n<p>Primero. La tendencia bajo este r\u00e9gimen es de coartar con el pretexto que sea, la libre expresi\u00f3n de las ideas, en especial a los medios de comunicaci\u00f3n donde hay una oposici\u00f3n m\u00e1s tangible y decidida que en los mismos partidos que as\u00ed se asumen. Lo ocurrido en Puebla,&nbsp; Campeche, Jalisco y Tamaulipas, por citar solo unos casos, as\u00ed lo indica.<\/p>\n\n\n\n<p>Segundo. Nadie en el PT, ni en MORENA, ni en resto de la coalici\u00f3n oficialista que integran esos y otros partidos, sali\u00f3 en defensa de la causa de Diana Karina. Nadie.<\/p>\n\n\n\n<p>Tercero. Diana Karina es parte de la bancada sonorense en San L\u00e1zaro en la que tambi\u00e9n est\u00e1n Alma Higuera, Anabel Acosta, Patricia Mercado Castro, as\u00ed como Alicia Moreno M\u00e9ndez. Ninguna sac\u00f3 la cara por ella, al contrario, lo cual nos indica que estas mujeres s\u00ed saben que si se dedican a la pol\u00edtica, de seguro se les pueden aparecer fantasmas.<\/p>\n\n\n\n<p>Cuarto. Ni en Sonora, ni a nivel nacional recibi\u00f3 Diana Karina apoyo alguno, a no ser el del TEPJF con los resultados ya conocidos. Y eso que aqu\u00ed hay un buen n\u00famero de mujeres de alto nivel que ya est\u00e1n en la pelea, entre las que destacan la senadora Lorenia Iveth Valles Sampedro y la alcaldesa de Guaymas Karla C\u00f3rdova, funcionarias estatales, municipales y diputadas locales; pero todas ellas asumieron una postura alejada del tema. &nbsp;&nbsp;&nbsp;&nbsp;&nbsp;<\/p>\n\n\n\n<p>Quinto. Todo parece indicar que a Diana Karina el Partido del Trabajo no le dar\u00eda otra oportunidad si las elecciones fueran el a\u00f1o que entra; aunque falta un buen tramo para el 2027 y la oficialidad podr\u00eda alcanzar a lavarle la cara a la representante de la mitad de los hermosillenses, como dijo ella en alg\u00fan momento.<\/p>\n\n\n\n<p>Ya veremos si Karla Mar\u00eda Estrella recibi\u00f3 un escarmiento o no por parte del TEPJF y si, de aqu\u00ed en adelante cuida y mide sus palabras, porque no le convendr\u00eda ser una reincidente.<\/p>\n\n\n\n<p>Y ya veremos tambi\u00e9n si las dem\u00e1s mujeres metidas en pol\u00edtica, aspirantes a un cargo de elecci\u00f3n popular y por lo mismo potenciales quejosas de violencia pol\u00edtica en raz\u00f3n de g\u00e9nero en su contra, se animan a seguir los pasos de la diputada petista.<\/p>\n\n\n\n<p>Sin duda TODAS habr\u00e1n de pensarla m\u00e1s de dos veces antes de acudir a las instancias electorales para exigir castigo en contra sus cr\u00edticos en esta etapa del &nbsp;proceso electoral o m\u00e1s adelante.<\/p>\n\n\n\n<p>Por supuesto que los organismos y autoridades electorales estar\u00e1n de su lado y fallar\u00e1n a su favor. Es la tendencia, repetimos; pero, es alt\u00edsimo el riesgo de que sufran el descr\u00e9dito y el desprecio de la sociedad que, de esa manera fija su postura ante el avance de medidas que tienden a coartar la libre expresi\u00f3n de las ideas. Esto \u00faltimo, lo quiera aceptar o no el gobierno.<\/p>\n\n\n\n<p>Cada quien escoger\u00e1 sus riesgos.<\/p>\n\n\n\n<p><strong>&nbsp;D\u00e9jeme su opini\u00f3n en @FAVAA, mi cuenta de X, (antes Twitter)<\/strong><\/p>\n\n\n\n<p><strong>En Facebook me puede encontrar como Armando Fava Ruelas<\/strong><\/p>\n\n\n\n<p><strong>Correo electr\u00f3nico: armandof52@msn.com<\/strong><\/p>\n\n\n\n<p><strong>O bien, esc\u00fachenos los martes a las 14:00 horas en el Noticiero de Oralia Acosta por La Poderosa 88.9 FM de Radiorama<\/strong><\/p>\n\n\n\n<p><strong>Los mi\u00e9rcoles participamos en el podcast de Periodistas en Charla Abierta que conduce Gilberto Armenta Reyes @mensajero 34<\/strong><\/p>\n\n\n\n<p><strong>Visite nuestro portal <a href=\"http:\/\/www.Regi\u00f3nCuatroNoticias.com\">www.Regi\u00f3nCuatroNoticias.com<\/a> y sus redes sociales \u201cX\u201d y Facebook&nbsp;&nbsp;<\/strong><\/p>\n","protected":false},"excerpt":{"rendered":"<p>Columna Haz y Env\u00e9s Armando Fava Ruelas \u00bfSurgir\u00e1 en Sonora otro Dato Protegido rumbo al 2027? Martes 12 de agosto de 2025 Por fin han quedado atr\u00e1s los 30 largos d\u00edas durante los cuales Karla Mar\u00eda Estrella Murrieta se vio obligada a ofrecer una disculpa p\u00fablica a la diputada federal por el distrito 3 de [&hellip;]<\/p>\n","protected":false},"author":1,"featured_media":32052,"comment_status":"open","ping_status":"open","sticky":false,"template":"","format":"standard","meta":{"content-type":"","footnotes":""},"categories":[111],"tags":[],"class_list":{"0":"post-32051","1":"post","2":"type-post","3":"status-publish","4":"format-standard","5":"has-post-thumbnail","7":"category-armando-fava-ruelas"},"_links":{"self":[{"href":"https:\/\/www.regioncuatronoticias.com\/index.php\/wp-json\/wp\/v2\/posts\/32051","targetHints":{"allow":["GET"]}}],"collection":[{"href":"https:\/\/www.regioncuatronoticias.com\/index.php\/wp-json\/wp\/v2\/posts"}],"about":[{"href":"https:\/\/www.regioncuatronoticias.com\/index.php\/wp-json\/wp\/v2\/types\/post"}],"author":[{"embeddable":true,"href":"https:\/\/www.regioncuatronoticias.com\/index.php\/wp-json\/wp\/v2\/users\/1"}],"replies":[{"embeddable":true,"href":"https:\/\/www.regioncuatronoticias.com\/index.php\/wp-json\/wp\/v2\/comments?post=32051"}],"version-history":[{"count":1,"href":"https:\/\/www.regioncuatronoticias.com\/index.php\/wp-json\/wp\/v2\/posts\/32051\/revisions"}],"predecessor-version":[{"id":32053,"href":"https:\/\/www.regioncuatronoticias.com\/index.php\/wp-json\/wp\/v2\/posts\/32051\/revisions\/32053"}],"wp:featuredmedia":[{"embeddable":true,"href":"https:\/\/www.regioncuatronoticias.com\/index.php\/wp-json\/wp\/v2\/media\/32052"}],"wp:attachment":[{"href":"https:\/\/www.regioncuatronoticias.com\/index.php\/wp-json\/wp\/v2\/media?parent=32051"}],"wp:term":[{"taxonomy":"category","embeddable":true,"href":"https:\/\/www.regioncuatronoticias.com\/index.php\/wp-json\/wp\/v2\/categories?post=32051"},{"taxonomy":"post_tag","embeddable":true,"href":"https:\/\/www.regioncuatronoticias.com\/index.php\/wp-json\/wp\/v2\/tags?post=32051"}],"curies":[{"name":"wp","href":"https:\/\/api.w.org\/{rel}","templated":true}]}}