{"id":3193,"date":"2023-11-28T23:50:16","date_gmt":"2023-11-29T06:50:16","guid":{"rendered":"https:\/\/www.regioncuatronoticias.com\/?p=3193"},"modified":"2023-11-28T23:50:19","modified_gmt":"2023-11-29T06:50:19","slug":"no-me-van-a-doblar-vamos-a-dar-la-vuelta-a-la-eleccion-en-6-meses-xochitl-galvez","status":"publish","type":"post","link":"https:\/\/www.regioncuatronoticias.com\/index.php\/2023\/11\/28\/no-me-van-a-doblar-vamos-a-dar-la-vuelta-a-la-eleccion-en-6-meses-xochitl-galvez\/","title":{"rendered":"No me van a doblar, vamos a dar la vuelta a la elecci\u00f3n en 6 meses: X\u00f3chitl G\u00e1lvez"},"content":{"rendered":"\n<p>X\u00f3chitl G\u00e1lvez, candidata presidencial de la oposici\u00f3n, dijo que en esta elecci\u00f3n enfrenta \u201cal aparato m\u00e1s brutal\u201d de Gobierno en la historia<\/p>\n\n\n\n<p>Noviembre 28, 2023<\/p>\n\n\n\n<p>X\u00f3chitl G\u00e1lvez, precandidata presidencial del Frente Amplio por M\u00e9xico, dej\u00f3 en claro que a poco m\u00e1s de seis meses de la elecci\u00f3n de 2024, no tiene la menor duda de que ser\u00e1 la primera presidenta de M\u00e9xico.<\/p>\n\n\n\n<p>En entrevista con Joaqu\u00edn L\u00f3pez-D\u00f3riga en Radio F\u00f3rmula, G\u00e1lvez Ruiz pidi\u00f3 a la gente que la ayude en esta elecci\u00f3n debido a que est\u00e1 enfrentando \u201cal aparato m\u00e1s brutal\u201d de Gobierno en la historia, y recalc\u00f3 que le va a dar la vuelta a las encuestas que la tienen abajo de la morenista Claudia Sheinbaum.<\/p>\n\n\n\n<p>Voy a ganar, no tengo ninguna duda, la gente y le pido que me ayuden, Yo no tengo los millones de Sheinbaum, los necesito porque estoy enfrentando el aparato m\u00e1s brutal, yo creo que ni en los tiempos en los que tanto se quejaron eran tan autoritarios como hoy\u201d, dijo.<\/p>\n\n\n\n<p>\u201cSi el que me est\u00e1 viendo se pone las pilas, no tengo duda de que le damos la vuelta. Faltan seis meses, tenemos todo por delante. Ellos van a tratar de darles informaci\u00f3n para que se derroten, pero a mi no me van a derrotar, soy una mujer que est\u00e1 acostumbrada a pelear y a pelear duro, soy fuerte y con mucho coraz\u00f3n\u201d, declar\u00f3.<\/p>\n\n\n\n<p>\u201cMucha de la gente no est\u00e1 en modo campa\u00f1a todav\u00eda, faltan seis meses, va a entrar en modo campa\u00f1a en febrero-marzo, ahorita es muy complicado decir una propuesta porque el INE te sanciona\u201d, expres\u00f3.<\/p>\n\n\n\n<p>Indic\u00f3 que la campa\u00f1a va \u201ccaminando\u201d, y que la pr\u00f3xima semana presentar\u00e1 a su equipo de campa\u00f1a y al grupo de expertos que la acompa\u00f1ar\u00e1 en los pr\u00f3ximos seis meses.<\/p>\n\n\n\n<p>\u201cLa campa\u00f1a en la calle va bien, con la gente conectada, feliz, el \u00e1nimo es muy bueno. Vamos sumando equipo, sumando a m\u00e1s personas. La semana que entra, el martes, voy a presentar el equipo de campa\u00f1a y el mi\u00e9rcoles el equipo de expertos. Se trata de construir de muchos mexicanas y mexicanos talentosos que se integran\u201d, extern\u00f3.<\/p>\n\n\n\n<p>Estamos reforzando el equipo. A m\u00ed no me van a doblar, no me van a vencer, estoy acostumbrada a venir de atr\u00e1s, a venir desde abajo\u201d, manifest\u00f3.<\/p>\n\n\n\n<p>\u201cElecci\u00f3n de 2024 es entre dos mujeres\u201d; minimiza presencia de Samuel Garc\u00eda<\/p>\n\n\n\n<p>Sobre la irrupci\u00f3n de Samuel Garc\u00eda como precandidato de Movimiento Ciudadano a la Presidencia, la candidata de la oposici\u00f3n minimiz\u00f3 dicha presencia, ya que la elecci\u00f3n de 2024 ser\u00e1 entre dos mujeres:; Claudia Sheinbaum y ella.<\/p>\n\n\n\n<p>La verdad es que est\u00e9 es un tema entre dos: la se\u00f1ora de enfrente y una servidora, este pa\u00eds va a tener una presidenta mujer, all\u00e1 \u00e9l y sus motivaciones que tenga\u201d, indic\u00f3.<\/p>\n\n\n\n<p>Al opinar sobre Sheinbaum Pardo, la pol\u00edtico hidalguense, refiri\u00f3 \u201cque ella es incapaz de hacer algo por su propio pensamiento\u201d,<\/p>\n\n\n\n<p>A ella le ordenan, no puede tener una decisi\u00f3n propia ella va a continuar con el mismo proyecto de M\u00e9xico de odio, dividido, no la veo cerrando la farmacia grandota, que no va a resolver el problema de las medicinas\u201d, argument\u00f3.<\/p>\n\n\n\n<p>\u201cSer\u00e1 muy buena cient\u00edfica, y no es nada contra cient\u00edficos, pero no tuvo la capacidad para resolver el problema del Metro, \u00bfpor qu\u00e9 se le cay\u00f3 el Metro? Por ineptos por corruptos\u201d, agreg\u00f3,<\/p>\n\n\n\n<p>\u00bfCon qu\u00e9 se queda X\u00f3chitl G\u00e1lvez del Gobierno de AMLO y qu\u00e9 desechar\u00eda?<\/p>\n\n\n\n<p>X\u00f3chitl G\u00e1lvez mencion\u00f3 que como buena ingeniera \u201ccomo buena ingeniera\u201d, hay cosas buenas del actual sexenio con las que continuar\u00eda en caso de llegar a la Presidencia de la Rep\u00fablica, otras donde debe mejorarse y unas m\u00e1s que se deben desechar.<\/p>\n\n\n\n<p>\u201cLo que est\u00e1 bien se queda, lo que est\u00e1 m\u00e1s o menos se mejora y lo que est\u00e1 mal se quita. Lo que est\u00e1 bien, es por ejemplo el Tren Trans\u00edstmico, me parece un gran acierto, lo que est\u00e1 m\u00e1s o menos y lo que hay que mejorar son los programas sociales (\u2026), y de plano lo que est\u00e1 mal, porque hay cosas que s\u00ed est\u00e1n muy mal, yo no le voy a seguir metiendo dinero a Pemex a lo g\u00fcey, hay que modernizarla y seguirla haciendo eficiente. Esas son mis tres l\u00edneas, y de esa manera vas a ver c\u00f3mo vamos a arreglar el pa\u00eds\u201d, explic\u00f3.<\/p>\n\n\n\n<p>Tenemos dos visiones distintas de pa\u00eds, le dir\u00eda a los mexicanos que hay de dos sopas: seguimos con estamos, inseguros, sin medicamentos, sin apoyos para el campo; estoy convencida de que la gente quiere salir adelante y que solo espere una oportunidad\u201d, sentenci\u00f3<\/p>\n\n\n\n<p>Con informaci\u00f3n de L\u00f3pez-D\u00f3riga Digital<\/p>\n","protected":false},"excerpt":{"rendered":"<p>X\u00f3chitl G\u00e1lvez, candidata presidencial de la oposici\u00f3n, dijo que en esta elecci\u00f3n enfrenta \u201cal aparato m\u00e1s brutal\u201d de Gobierno en la historia Noviembre 28, 2023 X\u00f3chitl G\u00e1lvez, precandidata presidencial del Frente Amplio por M\u00e9xico, dej\u00f3 en claro que a poco m\u00e1s de seis meses de la elecci\u00f3n de 2024, no tiene la menor duda de [&hellip;]<\/p>\n","protected":false},"author":1,"featured_media":3194,"comment_status":"open","ping_status":"open","sticky":false,"template":"","format":"standard","meta":{"content-type":"","footnotes":""},"categories":[3,115,105],"tags":[],"class_list":{"0":"post-3193","1":"post","2":"type-post","3":"status-publish","4":"format-standard","5":"has-post-thumbnail","7":"category-mexico","8":"category-politica","9":"category-principal"},"_links":{"self":[{"href":"https:\/\/www.regioncuatronoticias.com\/index.php\/wp-json\/wp\/v2\/posts\/3193","targetHints":{"allow":["GET"]}}],"collection":[{"href":"https:\/\/www.regioncuatronoticias.com\/index.php\/wp-json\/wp\/v2\/posts"}],"about":[{"href":"https:\/\/www.regioncuatronoticias.com\/index.php\/wp-json\/wp\/v2\/types\/post"}],"author":[{"embeddable":true,"href":"https:\/\/www.regioncuatronoticias.com\/index.php\/wp-json\/wp\/v2\/users\/1"}],"replies":[{"embeddable":true,"href":"https:\/\/www.regioncuatronoticias.com\/index.php\/wp-json\/wp\/v2\/comments?post=3193"}],"version-history":[{"count":1,"href":"https:\/\/www.regioncuatronoticias.com\/index.php\/wp-json\/wp\/v2\/posts\/3193\/revisions"}],"predecessor-version":[{"id":3195,"href":"https:\/\/www.regioncuatronoticias.com\/index.php\/wp-json\/wp\/v2\/posts\/3193\/revisions\/3195"}],"wp:featuredmedia":[{"embeddable":true,"href":"https:\/\/www.regioncuatronoticias.com\/index.php\/wp-json\/wp\/v2\/media\/3194"}],"wp:attachment":[{"href":"https:\/\/www.regioncuatronoticias.com\/index.php\/wp-json\/wp\/v2\/media?parent=3193"}],"wp:term":[{"taxonomy":"category","embeddable":true,"href":"https:\/\/www.regioncuatronoticias.com\/index.php\/wp-json\/wp\/v2\/categories?post=3193"},{"taxonomy":"post_tag","embeddable":true,"href":"https:\/\/www.regioncuatronoticias.com\/index.php\/wp-json\/wp\/v2\/tags?post=3193"}],"curies":[{"name":"wp","href":"https:\/\/api.w.org\/{rel}","templated":true}]}}