{"id":3174,"date":"2023-11-28T23:17:47","date_gmt":"2023-11-29T06:17:47","guid":{"rendered":"https:\/\/www.regioncuatronoticias.com\/?p=3174"},"modified":"2023-11-28T23:17:49","modified_gmt":"2023-11-29T06:17:49","slug":"amlo-pide-permiso-al-senado-para-que-militares-de-eu-ingresen-armados-a-mexico-para-dar-adiestramiento","status":"publish","type":"post","link":"https:\/\/www.regioncuatronoticias.com\/index.php\/2023\/11\/28\/amlo-pide-permiso-al-senado-para-que-militares-de-eu-ingresen-armados-a-mexico-para-dar-adiestramiento\/","title":{"rendered":"AMLO pide permiso al Senado para que militares de EU ingresen armados a M\u00e9xico para dar adiestramiento"},"content":{"rendered":"\n<p>La delegaci\u00f3n ingresar\u00eda a bordo de la aeronave C-130 H\u00e9rcules, de la Fuerza A\u00e9rea de los Estados Unidos de Am\u00e9rica, y aterrizar\u00eda en el AIFA<\/p>\n\n\n\n<p>El permiso es del 23 de enero al 21 de marzo del 2024.<\/p>\n\n\n\n<p>Tomado de EL UNIVERSAL<\/p>\n\n\n\n<p>Noviembre 28 2023<\/p>\n\n\n\n<p>Luis Carlos Rodr\u00edguez<\/p>\n\n\n\n<p>El presidente Andr\u00e9s Manuel L\u00f3pez Obrador solicit\u00f3 al Senado aprobar la solicitud de permiso para que 11 militares de Estados Unidos ingresen armados a M\u00e9xico y est\u00e9n en el pa\u00eds por casi dos meses para otorgar adiestramiento a tropas mexicanas.<\/p>\n\n\n\n<p>En la Gaceta del Senado se public\u00f3 la \u201csolicitud de autorizaci\u00f3n para que se permita el ingreso del personal militar del Ej\u00e9rcito de los Estados Unidos de Am\u00e9rica, por el territorio nacional\u201d del 23 de enero al 21 de marzo del 2024.<\/p>\n\n\n\n<p>El oficio firmado por el titular de la Unidad de Enlace de la Presidencia de la Rep\u00fablica, Esteban Mart\u00ednez, expone que la presencia de estos militares es \u201ca efecto de que participen en la actividad de adiestramiento denominada Fortalecer las Capacidades de las Fuerzas Especiales de la Secretar\u00eda de la Defensa Nacional&#8221;.<\/p>\n\n\n\n<p>Este adiestramiento militar se realizar\u00e1 en las instalaciones del Centro de Adiestramiento de Fuerzas Especiales, en Temamatla, Estado de M\u00e9xico y el Centro de Adiestramiento Regional de la 1 Regi\u00f3n Militar, en San Miguel de los Jag\u00fceyes, Estado de M\u00e9xico.<\/p>\n\n\n\n<p>Se inform\u00f3 al Senado que este grupo de militares ingresar\u00eda a territorio nacional: \u201cUna delegaci\u00f3n conformada por 11 elementos instructores del 7\/o. Grupo de Fuerzas Especiales del Comando de Operaciones Especiales Norte del Ej\u00e9rcito de los Estados Unidos de Am\u00e9rica\u201d.<\/p>\n\n\n\n<p>La delegaci\u00f3n ingresar\u00eda a bordo de la aeronave C-130 H\u00e9rcules, de la Fuerza A\u00e9rea de los Estados Unidos de Am\u00e9rica, aterrizar\u00eda en el Aeropuerto Internacional &#8220;Felipe \u00c1ngeles&#8221;, Estado de M\u00e9xico, el 22 de enero de 2024, para salir del pa\u00eds el 22 de marzo de 2024.<\/p>\n\n\n\n<p>\u201cPara el adiestramiento militar, la delegaci\u00f3n ingresar\u00eda con el armamento, municiones y equipo descritos en el anexo \u00fanico\u201d, se subraya.<\/p>\n\n\n\n<p>Cabe recordar que el presidente L\u00f3pez Obrador, el pasado 22 de abril en Veracruz, envi\u00f3 un mensaje a Estados Unidos: \u201cNo aceptamos ninguna intervenci\u00f3n\u201d, aun trat\u00e1ndose de un aparente apoyo bien intencionado.<\/p>\n\n\n\n<p>\u201cEn nuestros d\u00edas, que se habla en Estados Unidos de intervenir y de enfrentar a la delincuencia organizada, a los narcotraficantes, d\u00e1ndoles un trato de terroristas, y que por ese motivo van a venir (tropas estadunidenses) a ayudarnos, a apoyarnos para enfrentar a la delincuencia organizada, desde aqu\u00ed, desde el puerto de Veracruz les decimos, y que se oiga bien y que se oiga lejos: no aceptamos ninguna intervenci\u00f3n\u201d, dijo en su discurso.<\/p>\n","protected":false},"excerpt":{"rendered":"<p>La delegaci\u00f3n ingresar\u00eda a bordo de la aeronave C-130 H\u00e9rcules, de la Fuerza A\u00e9rea de los Estados Unidos de Am\u00e9rica, y aterrizar\u00eda en el AIFA El permiso es del 23 de enero al 21 de marzo del 2024. Tomado de EL UNIVERSAL Noviembre 28 2023 Luis Carlos Rodr\u00edguez El presidente Andr\u00e9s Manuel L\u00f3pez Obrador solicit\u00f3 [&hellip;]<\/p>\n","protected":false},"author":1,"featured_media":3175,"comment_status":"open","ping_status":"open","sticky":false,"template":"","format":"standard","meta":{"content-type":"","footnotes":""},"categories":[117,3,115],"tags":[],"class_list":{"0":"post-3174","1":"post","2":"type-post","3":"status-publish","4":"format-standard","5":"has-post-thumbnail","7":"category-general","8":"category-mexico","9":"category-politica"},"_links":{"self":[{"href":"https:\/\/www.regioncuatronoticias.com\/index.php\/wp-json\/wp\/v2\/posts\/3174","targetHints":{"allow":["GET"]}}],"collection":[{"href":"https:\/\/www.regioncuatronoticias.com\/index.php\/wp-json\/wp\/v2\/posts"}],"about":[{"href":"https:\/\/www.regioncuatronoticias.com\/index.php\/wp-json\/wp\/v2\/types\/post"}],"author":[{"embeddable":true,"href":"https:\/\/www.regioncuatronoticias.com\/index.php\/wp-json\/wp\/v2\/users\/1"}],"replies":[{"embeddable":true,"href":"https:\/\/www.regioncuatronoticias.com\/index.php\/wp-json\/wp\/v2\/comments?post=3174"}],"version-history":[{"count":1,"href":"https:\/\/www.regioncuatronoticias.com\/index.php\/wp-json\/wp\/v2\/posts\/3174\/revisions"}],"predecessor-version":[{"id":3176,"href":"https:\/\/www.regioncuatronoticias.com\/index.php\/wp-json\/wp\/v2\/posts\/3174\/revisions\/3176"}],"wp:featuredmedia":[{"embeddable":true,"href":"https:\/\/www.regioncuatronoticias.com\/index.php\/wp-json\/wp\/v2\/media\/3175"}],"wp:attachment":[{"href":"https:\/\/www.regioncuatronoticias.com\/index.php\/wp-json\/wp\/v2\/media?parent=3174"}],"wp:term":[{"taxonomy":"category","embeddable":true,"href":"https:\/\/www.regioncuatronoticias.com\/index.php\/wp-json\/wp\/v2\/categories?post=3174"},{"taxonomy":"post_tag","embeddable":true,"href":"https:\/\/www.regioncuatronoticias.com\/index.php\/wp-json\/wp\/v2\/tags?post=3174"}],"curies":[{"name":"wp","href":"https:\/\/api.w.org\/{rel}","templated":true}]}}