{"id":3156,"date":"2023-11-28T01:01:08","date_gmt":"2023-11-28T08:01:08","guid":{"rendered":"https:\/\/www.regioncuatronoticias.com\/?p=3156"},"modified":"2023-11-28T01:01:10","modified_gmt":"2023-11-28T08:01:10","slug":"lopez-obrador-recibe-a-gobernadores-y-abordan-censo-de-personas-desaparecidas","status":"publish","type":"post","link":"https:\/\/www.regioncuatronoticias.com\/index.php\/2023\/11\/28\/lopez-obrador-recibe-a-gobernadores-y-abordan-censo-de-personas-desaparecidas\/","title":{"rendered":"L\u00f3pez Obrador recibe a gobernadores y abordan censo de personas desaparecidas"},"content":{"rendered":"\n<p>En un encuentro que se prolong\u00f3 por m\u00e1s de cuatro horas, el presidente L\u00f3pez Obrador se reuni\u00f3 con gobernadores del pa\u00eds, con quienes abord\u00f3 el censo de personas desaparecidas<\/p>\n\n\n\n<p>Tomado de Excelsior<\/p>\n\n\n\n<p>Isabel Gonz\u00e1lez<\/p>\n\n\n\n<p>El presidente de M\u00e9xico, Andr\u00e9s Manuel L\u00f3pez Obrador, recibi\u00f3 en Palacio Nacional a la mayor\u00eda de los gobernadores del pa\u00eds. Foto: Presidencia<\/p>\n\n\n\n<p>El presidente de M\u00e9xico, Andr\u00e9s Manuel L\u00f3pez Obrador, recibi\u00f3 en Palacio Nacional a la mayor\u00eda de los gobernadores del pa\u00eds para abordar el censo de personas desaparecidas en territorio nacional.<\/p>\n\n\n\n<p>Previo a su encuentro con los mandatarios estatales que se prolong\u00f3 por casi cuatro horas, el presidente L\u00f3pez Obrador dijo que es muy probable que al iniciar el mes de diciembre pr\u00f3ximo se d\u00e9 a conocer el registro de personas no localizadas de la Ciudad de M\u00e9xico, luego de que el nivel de avance en las revisiones est\u00e1 pr\u00e1cticamente concluido.<\/p>\n\n\n\n<p>Tambi\u00e9n puntualiz\u00f3 que el m\u00e9todo de preguntar e indagar casa por casa se replicar\u00e1 en todo el pa\u00eds con la intenci\u00f3n de tener informaci\u00f3n precisa y exacta de cu\u00e1l es la situaci\u00f3n de las personas reportadas como desaparecidas por sus familiares.<\/p>\n\n\n\n<p>&#8220;Yo pienso que s\u00ed, en diciembre podemos ya informar. El modelo Ciudad de M\u00e9xico ya casi est\u00e1 terminado, ese es el que podr\u00edamos dar a conocer lo m\u00e1s pronto posible y lo vamos a acordar hoy que vamos a tener la reuni\u00f3n. Ya se est\u00e1 replicando el modelo de la Ciudad de M\u00e9xico en todo el pa\u00eds, casa por casa porque resulta que se encuentran personas que estaban consideradas desaparecidas afortunadamente o, que est\u00e1n en otros lugares, a veces ni los familiares lo sab\u00edan y \u00bfqu\u00e9 sucedi\u00f3? Que no se actualiz\u00f3 el censo,&nbsp; el registro y tambi\u00e9n hubo mala fe de nuestros adversarios que quisieron enga\u00f1ar diciendo que hab\u00edan m\u00e1s desaparecidos que nunca y que coincid\u00eda con nuestro gobierno&#8221;, insisti\u00f3 el presidente en su conferencia de prensa de este lunes.<\/p>\n\n\n\n<p>Adem\u00e1s de reiterar las acusaciones contra sus adversarios y la ex titular de la Comisi\u00f3n Nacional de B\u00fasqueda, Karla Quintana, el presidente asegur\u00f3 que su gobierno no tiene nada qu\u00e9 ocultar; tambi\u00e9n aprovech\u00f3 para acusar &#8211; sin dar nombres &#8211; a una organizaci\u00f3n religiosa de ayudar a generar mentiras y calumnias en contra&nbsp; de su gobierno.<\/p>\n\n\n\n<p>&#8220;Muy mala fe de organizaciones pseudo no gubernamentales, de la sociedad civil y hasta religiosas que yo respetaba mucho pero se han derechizado por completo y se les olvida que no hay que mentir que es la verdad la que nos hace libres; entonces, en el af\u00e1n de afectarnos inventan, son capaces de calumniar y de hacer da\u00f1o&#8221;, reprob\u00f3 el mandatario.<\/p>\n\n\n\n<p>De acuerdo con el presidente los de la derecha &#8211; hip\u00f3critas y autoritarios &#8211;&nbsp; se sienten enojados con su gobierno y por eso act\u00faan as\u00ed.<\/p>\n\n\n\n<p>Los gobernadores que asistieron al encuentro que concluy\u00f3 a las 3 de la tarde de este lunes fueron los de Baja California, Baja California Sur, Campeche, Ciudad de M\u00e9xico, Colima, Chiapas,<\/p>\n\n\n\n<p>Estado de M\u00e9xico, Hidalgo, Morelos, Nayarit, Oaxaca, Puebla, Quintana Roo, Sinaloa, Sonora, Tabasco, Tamaulipas, Tlaxcala, Veracruz y Zacatecas.<\/p>\n\n\n\n<p>Adem\u00e1s estuvieron presentes en la reuni\u00f3n de trabajo la nueva comisionada de b\u00fasqueda, Teresa Reyes Sahag\u00fan; el subsecretario de derechos humanos de la secretar\u00eda de gobernaci\u00f3n, F\u00e9lix Arturo Medina; la secretaria de relaciones exteriores, Alicia B\u00e1rcena y el secretario de marina, Rafael Ojeda Dur\u00e1n.<\/p>\n\n\n\n<p>jcp<\/p>\n","protected":false},"excerpt":{"rendered":"<p>En un encuentro que se prolong\u00f3 por m\u00e1s de cuatro horas, el presidente L\u00f3pez Obrador se reuni\u00f3 con gobernadores del pa\u00eds, con quienes abord\u00f3 el censo de personas desaparecidas Tomado de Excelsior Isabel Gonz\u00e1lez El presidente de M\u00e9xico, Andr\u00e9s Manuel L\u00f3pez Obrador, recibi\u00f3 en Palacio Nacional a la mayor\u00eda de los gobernadores del pa\u00eds. Foto: [&hellip;]<\/p>\n","protected":false},"author":1,"featured_media":3157,"comment_status":"open","ping_status":"open","sticky":false,"template":"","format":"standard","meta":{"content-type":"","footnotes":""},"categories":[3,115,105],"tags":[],"class_list":{"0":"post-3156","1":"post","2":"type-post","3":"status-publish","4":"format-standard","5":"has-post-thumbnail","7":"category-mexico","8":"category-politica","9":"category-principal"},"_links":{"self":[{"href":"https:\/\/www.regioncuatronoticias.com\/index.php\/wp-json\/wp\/v2\/posts\/3156","targetHints":{"allow":["GET"]}}],"collection":[{"href":"https:\/\/www.regioncuatronoticias.com\/index.php\/wp-json\/wp\/v2\/posts"}],"about":[{"href":"https:\/\/www.regioncuatronoticias.com\/index.php\/wp-json\/wp\/v2\/types\/post"}],"author":[{"embeddable":true,"href":"https:\/\/www.regioncuatronoticias.com\/index.php\/wp-json\/wp\/v2\/users\/1"}],"replies":[{"embeddable":true,"href":"https:\/\/www.regioncuatronoticias.com\/index.php\/wp-json\/wp\/v2\/comments?post=3156"}],"version-history":[{"count":1,"href":"https:\/\/www.regioncuatronoticias.com\/index.php\/wp-json\/wp\/v2\/posts\/3156\/revisions"}],"predecessor-version":[{"id":3158,"href":"https:\/\/www.regioncuatronoticias.com\/index.php\/wp-json\/wp\/v2\/posts\/3156\/revisions\/3158"}],"wp:featuredmedia":[{"embeddable":true,"href":"https:\/\/www.regioncuatronoticias.com\/index.php\/wp-json\/wp\/v2\/media\/3157"}],"wp:attachment":[{"href":"https:\/\/www.regioncuatronoticias.com\/index.php\/wp-json\/wp\/v2\/media?parent=3156"}],"wp:term":[{"taxonomy":"category","embeddable":true,"href":"https:\/\/www.regioncuatronoticias.com\/index.php\/wp-json\/wp\/v2\/categories?post=3156"},{"taxonomy":"post_tag","embeddable":true,"href":"https:\/\/www.regioncuatronoticias.com\/index.php\/wp-json\/wp\/v2\/tags?post=3156"}],"curies":[{"name":"wp","href":"https:\/\/api.w.org\/{rel}","templated":true}]}}