{"id":3147,"date":"2023-11-28T00:47:42","date_gmt":"2023-11-28T07:47:42","guid":{"rendered":"https:\/\/www.regioncuatronoticias.com\/?p=3147"},"modified":"2023-11-28T00:47:44","modified_gmt":"2023-11-28T07:47:44","slug":"frenan-por-tiempo-indefinido-uso-de-fideicomisos-del-poder-judicial-de-la-federacion","status":"publish","type":"post","link":"https:\/\/www.regioncuatronoticias.com\/index.php\/2023\/11\/28\/frenan-por-tiempo-indefinido-uso-de-fideicomisos-del-poder-judicial-de-la-federacion\/","title":{"rendered":"Frenan por tiempo indefinido uso de fideicomisos del Poder Judicial de la Federaci\u00f3n"},"content":{"rendered":"\n<p>Tomado del sitio web Para los de a pie<\/p>\n\n\n\n<p>Ciudad de M\u00e9xico.- Una jueza federal suspendi\u00f3 en forma indefinida la extinci\u00f3n de los 13 fideicomisos con 15 mil millones de pesos del Poder Judicial de la Federaci\u00f3n (PJF) y prohibi\u00f3 destinar sus recursos a una &#8220;emergencia de atenci\u00f3n prioritaria&#8221;<\/p>\n\n\n\n<p>&nbsp;La medida cautelar impedir\u00e1 que el PJF negocie los recursos de los fideicomisos para los damnificados del hurac\u00e1n &#8220;Otis&#8221; en Acapulco, como lo hab\u00eda propuesto el Presidente Andr\u00e9s Manuel L\u00f3pez Obrador.<\/p>\n\n\n\n<p>&nbsp;Elizabeth Trejo Gal\u00e1n, Jueza Noveno de Distrito en Materia Administrativa en la Ciudad de M\u00e9xico, concedi\u00f3 la suspensi\u00f3n definitiva a la Asociaci\u00f3n Nacional de Magistrados de Circuito y Jueces de Distrito del PJF (JUFED) en contra de esta reforma.<\/p>\n\n\n\n<p>&nbsp;Es la primera suspensi\u00f3n definitiva que se dicta contra la totalidad del decreto, es decir, contra la extinci\u00f3n de todos los instrumentos afectados del PJF, incluidos los de la Suprema Corte de Justicia de la Naci\u00f3n.<\/p>\n\n\n\n<p>&nbsp;El pasado 10 de noviembre, Juan Fernando Lu\u00e9vano Ovalle, Juez D\u00e9cimo Segundo de Distrito en Chihuahua, otorg\u00f3 una medida cautelar con ese alcance, pero s\u00f3lo abarcaba los fideicomisos administrados por el Consejo de la Judicatura Federal.<\/p>\n\n\n\n<p>&nbsp;&#8220;Hasta este momento, no existen elementos objetivos que permitan considerar que la disposici\u00f3n de los recursos de los fideicomisos paraliza o compromete la actividad de respuesta del Estado para hacer frente a alg\u00fan compromiso o emergencia de atenci\u00f3n prioritaria&#8221;, dict\u00f3 la juzgadora.<\/p>\n\n\n\n<p>&nbsp;&#8220;Los efectos de esta medida cautelar, a pesar de que se solicit\u00f3 solamente por la Asociaci\u00f3n Nacional de Magistrados de Circuito y Jueces de Distrito del PJF, tiene como consecuencia natural, l\u00f3gica y jur\u00eddica efectos generales, ya que la medida cautelar de efectos concretos para la quejosa tambi\u00e9n impacta a todos los servidores p\u00fablicos del PJF, ello porque, en esencia lo que se reclama en el presente asunto&#8221;.<\/p>\n\n\n\n<p>&nbsp;El fallo de la jueza suspende indefinidamente el decreto de reforma publicado el 27 de octubre pasado en el Diario Oficial de la Federaci\u00f3n, lo que significa que el Gobierno Federal no podr\u00e1 disponer de los fideicomisos hasta que exista una sentencia en el juicio de amparo, salvo que sea revocada la medida cautelar.<\/p>\n\n\n\n<p>&nbsp;&#8220;(Se ordena a que) no se disponga de los recursos a que hace alusi\u00f3n el Decreto reclamado, en detrimento de los derechos adquiridos de miembros del PJF en materia de trabajo y seguridad social, ligados a sus Condiciones Generales de Trabajo y diversos acuerdos generales emitidos por el Pleno del CJF&#8221;, dice el fallo.<\/p>\n\n\n\n<p>&nbsp;&#8220;No se concentren los aprovechamientos en la Tesorer\u00eda de la Federaci\u00f3n y no se destinen por la Secretar\u00eda de Hacienda y Cr\u00e9dito P\u00fablico a ning\u00fan programa del Plan Nacional de Desarrollo&#8221;.<\/p>\n\n\n\n<p>&nbsp;La jueza tambi\u00e9n prohibi\u00f3 al PJF entregar a la Tesorer\u00eda de la Federaci\u00f3n los fondos, recursos remanentes, as\u00ed como los productos y aprovechamientos derivados de los fideicomisos.<\/p>\n\n\n\n<p>&nbsp;Por lo anterior, tambi\u00e9n instruy\u00f3 al Poder Judicial abstenerse de tratar con las instituciones que funjan como fiduciarias, para extinguir los fideicomisos y suscribir los convenios de extinci\u00f3n o terminaci\u00f3n de estos instrumentos financieros.<\/p>\n\n\n\n<p>&nbsp;Al mismo tiempo, la juzgadora instruy\u00f3 informar su resoluci\u00f3n a la Segunda Sala de la Suprema Corte de Justicia de la Naci\u00f3n, para que defina si ejerce la facultad de atracci\u00f3n que le ha solicitado la Consejer\u00eda Jur\u00eddica de la Presidencia.<\/p>\n\n\n\n<p>&nbsp;Sobre esta \u00faltima petici\u00f3n del Ejecutivo, la Corte ya aclar\u00f3 que no puede atraer demandas de amparo en tr\u00e1mite. S\u00f3lo las impugnaciones contra las suspensiones y quejas, entre otros recursos.<\/p>\n\n\n\n<p>www.reforma.com<\/p>\n","protected":false},"excerpt":{"rendered":"<p>Tomado del sitio web Para los de a pie Ciudad de M\u00e9xico.- Una jueza federal suspendi\u00f3 en forma indefinida la extinci\u00f3n de los 13 fideicomisos con 15 mil millones de pesos del Poder Judicial de la Federaci\u00f3n (PJF) y prohibi\u00f3 destinar sus recursos a una &#8220;emergencia de atenci\u00f3n prioritaria&#8221; &nbsp;La medida cautelar impedir\u00e1 que el [&hellip;]<\/p>\n","protected":false},"author":1,"featured_media":3148,"comment_status":"open","ping_status":"open","sticky":false,"template":"","format":"standard","meta":{"content-type":"","footnotes":""},"categories":[117,115,105],"tags":[],"class_list":{"0":"post-3147","1":"post","2":"type-post","3":"status-publish","4":"format-standard","5":"has-post-thumbnail","7":"category-general","8":"category-politica","9":"category-principal"},"_links":{"self":[{"href":"https:\/\/www.regioncuatronoticias.com\/index.php\/wp-json\/wp\/v2\/posts\/3147","targetHints":{"allow":["GET"]}}],"collection":[{"href":"https:\/\/www.regioncuatronoticias.com\/index.php\/wp-json\/wp\/v2\/posts"}],"about":[{"href":"https:\/\/www.regioncuatronoticias.com\/index.php\/wp-json\/wp\/v2\/types\/post"}],"author":[{"embeddable":true,"href":"https:\/\/www.regioncuatronoticias.com\/index.php\/wp-json\/wp\/v2\/users\/1"}],"replies":[{"embeddable":true,"href":"https:\/\/www.regioncuatronoticias.com\/index.php\/wp-json\/wp\/v2\/comments?post=3147"}],"version-history":[{"count":1,"href":"https:\/\/www.regioncuatronoticias.com\/index.php\/wp-json\/wp\/v2\/posts\/3147\/revisions"}],"predecessor-version":[{"id":3149,"href":"https:\/\/www.regioncuatronoticias.com\/index.php\/wp-json\/wp\/v2\/posts\/3147\/revisions\/3149"}],"wp:featuredmedia":[{"embeddable":true,"href":"https:\/\/www.regioncuatronoticias.com\/index.php\/wp-json\/wp\/v2\/media\/3148"}],"wp:attachment":[{"href":"https:\/\/www.regioncuatronoticias.com\/index.php\/wp-json\/wp\/v2\/media?parent=3147"}],"wp:term":[{"taxonomy":"category","embeddable":true,"href":"https:\/\/www.regioncuatronoticias.com\/index.php\/wp-json\/wp\/v2\/categories?post=3147"},{"taxonomy":"post_tag","embeddable":true,"href":"https:\/\/www.regioncuatronoticias.com\/index.php\/wp-json\/wp\/v2\/tags?post=3147"}],"curies":[{"name":"wp","href":"https:\/\/api.w.org\/{rel}","templated":true}]}}