{"id":3138,"date":"2023-11-28T00:41:56","date_gmt":"2023-11-28T07:41:56","guid":{"rendered":"https:\/\/www.regioncuatronoticias.com\/?p=3138"},"modified":"2023-11-28T00:41:58","modified_gmt":"2023-11-28T07:41:58","slug":"la-cuenta-de-vicente-fox-en-la-red-social-x-fue-eliminada-luego-de-polemica-por-comentarios-misoginos","status":"publish","type":"post","link":"https:\/\/www.regioncuatronoticias.com\/index.php\/2023\/11\/28\/la-cuenta-de-vicente-fox-en-la-red-social-x-fue-eliminada-luego-de-polemica-por-comentarios-misoginos\/","title":{"rendered":"La cuenta de Vicente Fox en la red social X fue eliminada luego de pol\u00e9mica por comentarios mis\u00f3ginos"},"content":{"rendered":"\n<p>Latinus<\/p>\n\n\n\n<p>noviembre 27, 2023<\/p>\n\n\n\n<p>vicente-fox-cuenta-twitter<\/p>\n\n\n\n<p>Foto: Cuartoscuro<\/p>\n\n\n\n<p>La cuenta de X, antes Twitter, del expresidente Vicente Fox fue eliminada de la plataforma esta tarde, despu\u00e9s de los se\u00f1alamientos contra Mariana Rodr\u00edguez, esposa del precandidato de Movimiento Ciudadano, Samuel Garc\u00eda.<\/p>\n\n\n\n<p>Hasta el momento no se ha precisado si fue el exmandatario el que borr\u00f3 su cuenta o la misma plataforma.<\/p>\n\n\n\n<p>A trav\u00e9s de sus redes sociales, Fox calific\u00f3 este fin de semana a Mariana Rodr\u00edguez como \u201cdama de compa\u00f1\u00eda\u201d.<\/p>\n\n\n\n<p>Posteriormente, Mariana Rodr\u00edguez escribi\u00f3: \u201cLo que usted hizo, se llama violencia. Por cierto, hoy es el D\u00eda Internacional de la Violencia contra las Mujeres y las ni\u00f1as. T\u00f3melo en cuenta\u201d.<\/p>\n\n\n\n<p>Tras este se\u00f1alamiento, el coordinador de la precampa\u00f1a de Samuel Garc\u00eda, Jorge \u00c1lvarez M\u00e1ynez, present\u00f3 una denuncia por violencia pol\u00edtica de g\u00e9nero contra el exmandatario en la que exige una disculpa p\u00fablica y retirar publicaciones de su cuenta.<\/p>\n\n\n\n<p>Una cuenta de X puede ser suspendida de manera temporal o permanente si se presentan denuncias por comportamientos abusivos.<\/p>\n\n\n\n<p>No te pierdas: X\u00f3chitl G\u00e1lvez reprende a Fox por llamar \u201cdama de compa\u00f1\u00eda\u201d a Mariana Rodr\u00edguez: \u201cSi atacan a una, nos atacan a todas\u201d<\/p>\n\n\n\n<p>Los usuarios de la plataforma pueden denunciar las cuentas y en su caso, la plataforma podr\u00eda enviar una advertencia al usuario o suspender definitivamente la cuenta.<\/p>\n\n\n\n<p>Las reglas de X se\u00f1alan que los usuarios no deben usar un discurso violento, tener conductas de odio o vender productos ilegales.<\/p>\n\n\n\n<p>\u201cLas conversaciones sanas no pueden desarrollarse cuando se usa el discurso de incitaci\u00f3n a la violencia para transmitir un mensaje. Como resultado, podemos eliminar o reducir la visibilidad de los discursos de incitaci\u00f3n a la violencia\u201d, se\u00f1ala en su reglamento.<\/p>\n\n\n\n<p>Sin embargo, los usuarios tambi\u00e9n pueden desactivar o eliminar su cuenta.<\/p>\n\n\n\n<p>La desactivaci\u00f3n tiene un plazo de 30 d\u00edas, en caso de que no se reactive, la cuenta se elimina.<\/p>\n","protected":false},"excerpt":{"rendered":"<p>Latinus noviembre 27, 2023 vicente-fox-cuenta-twitter Foto: Cuartoscuro La cuenta de X, antes Twitter, del expresidente Vicente Fox fue eliminada de la plataforma esta tarde, despu\u00e9s de los se\u00f1alamientos contra Mariana Rodr\u00edguez, esposa del precandidato de Movimiento Ciudadano, Samuel Garc\u00eda. Hasta el momento no se ha precisado si fue el exmandatario el que borr\u00f3 su cuenta [&hellip;]<\/p>\n","protected":false},"author":1,"featured_media":3139,"comment_status":"open","ping_status":"open","sticky":false,"template":"","format":"standard","meta":{"content-type":"","footnotes":""},"categories":[117,3,115],"tags":[],"class_list":{"0":"post-3138","1":"post","2":"type-post","3":"status-publish","4":"format-standard","5":"has-post-thumbnail","7":"category-general","8":"category-mexico","9":"category-politica"},"_links":{"self":[{"href":"https:\/\/www.regioncuatronoticias.com\/index.php\/wp-json\/wp\/v2\/posts\/3138","targetHints":{"allow":["GET"]}}],"collection":[{"href":"https:\/\/www.regioncuatronoticias.com\/index.php\/wp-json\/wp\/v2\/posts"}],"about":[{"href":"https:\/\/www.regioncuatronoticias.com\/index.php\/wp-json\/wp\/v2\/types\/post"}],"author":[{"embeddable":true,"href":"https:\/\/www.regioncuatronoticias.com\/index.php\/wp-json\/wp\/v2\/users\/1"}],"replies":[{"embeddable":true,"href":"https:\/\/www.regioncuatronoticias.com\/index.php\/wp-json\/wp\/v2\/comments?post=3138"}],"version-history":[{"count":1,"href":"https:\/\/www.regioncuatronoticias.com\/index.php\/wp-json\/wp\/v2\/posts\/3138\/revisions"}],"predecessor-version":[{"id":3140,"href":"https:\/\/www.regioncuatronoticias.com\/index.php\/wp-json\/wp\/v2\/posts\/3138\/revisions\/3140"}],"wp:featuredmedia":[{"embeddable":true,"href":"https:\/\/www.regioncuatronoticias.com\/index.php\/wp-json\/wp\/v2\/media\/3139"}],"wp:attachment":[{"href":"https:\/\/www.regioncuatronoticias.com\/index.php\/wp-json\/wp\/v2\/media?parent=3138"}],"wp:term":[{"taxonomy":"category","embeddable":true,"href":"https:\/\/www.regioncuatronoticias.com\/index.php\/wp-json\/wp\/v2\/categories?post=3138"},{"taxonomy":"post_tag","embeddable":true,"href":"https:\/\/www.regioncuatronoticias.com\/index.php\/wp-json\/wp\/v2\/tags?post=3138"}],"curies":[{"name":"wp","href":"https:\/\/api.w.org\/{rel}","templated":true}]}}