{"id":3129,"date":"2023-11-28T00:29:17","date_gmt":"2023-11-28T07:29:17","guid":{"rendered":"https:\/\/www.regioncuatronoticias.com\/?p=3129"},"modified":"2023-11-28T00:29:18","modified_gmt":"2023-11-28T07:29:18","slug":"senadores-avalan-en-comision-la-idoneidad-de-las-aspirantes-a-nueva-ministra-de-la-scjn","status":"publish","type":"post","link":"https:\/\/www.regioncuatronoticias.com\/index.php\/2023\/11\/28\/senadores-avalan-en-comision-la-idoneidad-de-las-aspirantes-a-nueva-ministra-de-la-scjn\/","title":{"rendered":"Senadores avalan en Comisi\u00f3n la idoneidad de las aspirantes a nueva ministra de la SCJN"},"content":{"rendered":"\n<p>Por Redacci\u00f3n El Economista<\/p>\n\n\n\n<p>Lunes 27 de Noviembre de 2023<\/p>\n\n\n\n<p>Las tres aspirantes comparecieron este lunes ante la Comisi\u00f3n de Justicia, presidida por la senadora Olga S\u00e1nchez Cordero.<\/p>\n\n\n\n<p>La Comisi\u00f3n de Justicia del Senado de la Rep\u00fablica aval\u00f3 el dictamen que determina la idoneidad de las tres aspirantes a ministra de la Suprema Corte de Justicia de la Naci\u00f3n (SCJN) propuestas por el presidente Andr\u00e9s Manuel L\u00f3pez Obrador.<\/p>\n\n\n\n<p>Con 12 votos a favor, cinco en contra y una abstenci\u00f3n, se aprob\u00f3 que Bertha Mar\u00eda Alcalde Luj\u00e1n, Lenia Batres Guadarrama y Mar\u00eda Estela R\u00edos Gonz\u00e1lez, &nbsp;cumplen con los requisitos constitucionales y legales para ocupar el cargo que dej\u00f3 recientemente Arturo Zald\u00edvar Lelo de Larrea.<\/p>\n\n\n\n<p>Las tres aspirantes comparecieron este lunes ante la Comisi\u00f3n de Justicia, presidida por la senadora Olga S\u00e1nchez Cordero.<\/p>\n\n\n\n<p>La C\u00e1mara de Senadores planea designar a la nueva ministra de la SCJN durante el actual periodo de sesiones ordinarias que concluir\u00e1 a m\u00e1s tardar el pr\u00f3ximo 15 de diciembre.<\/p>\n\n\n\n<p>Cabe recordar que para la elecci\u00f3n de la nueva ministra se requiere de mayor\u00eda calificada.<\/p>\n\n\n\n<p>La Constituci\u00f3n establece que si el Senado no logra designar &#8220;dentro del improrrogable plazo de treinta d\u00edas&#8221; a quien ocupar\u00e1 la vacante, a partir de la terna sometida por el presidente, &#8220;ocupar\u00e1 el cargo de ministro la persona que, dentro de dicha terna, designe el presidente de la Rep\u00fablica&#8221;.<\/p>\n\n\n\n<p>Seg\u00fan el art\u00edculo 94 de la Constituci\u00f3n, los ministros de la SCJN suelen ocupar el cargo durante 15 a\u00f1os, sin embargo, al retirarse Arturo Zald\u00edvar a un a\u00f1o y un mes de que se completara su periodo, la persona que le reemplace s\u00f3lo ocupar\u00e1 el puesto en el tiempo que resta.<\/p>\n\n\n\n<p>El ahora ex ministro Arturo Zald\u00edvar present\u00f3 su renuncia al cargo el pasado 7 de noviembre y el Pleno del Senado aval\u00f3 esta solicitud el 15 de noviembre.<\/p>\n\n\n\n<p>kg<\/p>\n","protected":false},"excerpt":{"rendered":"<p>Por Redacci\u00f3n El Economista Lunes 27 de Noviembre de 2023 Las tres aspirantes comparecieron este lunes ante la Comisi\u00f3n de Justicia, presidida por la senadora Olga S\u00e1nchez Cordero. La Comisi\u00f3n de Justicia del Senado de la Rep\u00fablica aval\u00f3 el dictamen que determina la idoneidad de las tres aspirantes a ministra de la Suprema Corte de [&hellip;]<\/p>\n","protected":false},"author":1,"featured_media":3130,"comment_status":"open","ping_status":"open","sticky":false,"template":"","format":"standard","meta":{"content-type":"","footnotes":""},"categories":[3,115,105],"tags":[],"class_list":{"0":"post-3129","1":"post","2":"type-post","3":"status-publish","4":"format-standard","5":"has-post-thumbnail","7":"category-mexico","8":"category-politica","9":"category-principal"},"_links":{"self":[{"href":"https:\/\/www.regioncuatronoticias.com\/index.php\/wp-json\/wp\/v2\/posts\/3129","targetHints":{"allow":["GET"]}}],"collection":[{"href":"https:\/\/www.regioncuatronoticias.com\/index.php\/wp-json\/wp\/v2\/posts"}],"about":[{"href":"https:\/\/www.regioncuatronoticias.com\/index.php\/wp-json\/wp\/v2\/types\/post"}],"author":[{"embeddable":true,"href":"https:\/\/www.regioncuatronoticias.com\/index.php\/wp-json\/wp\/v2\/users\/1"}],"replies":[{"embeddable":true,"href":"https:\/\/www.regioncuatronoticias.com\/index.php\/wp-json\/wp\/v2\/comments?post=3129"}],"version-history":[{"count":1,"href":"https:\/\/www.regioncuatronoticias.com\/index.php\/wp-json\/wp\/v2\/posts\/3129\/revisions"}],"predecessor-version":[{"id":3131,"href":"https:\/\/www.regioncuatronoticias.com\/index.php\/wp-json\/wp\/v2\/posts\/3129\/revisions\/3131"}],"wp:featuredmedia":[{"embeddable":true,"href":"https:\/\/www.regioncuatronoticias.com\/index.php\/wp-json\/wp\/v2\/media\/3130"}],"wp:attachment":[{"href":"https:\/\/www.regioncuatronoticias.com\/index.php\/wp-json\/wp\/v2\/media?parent=3129"}],"wp:term":[{"taxonomy":"category","embeddable":true,"href":"https:\/\/www.regioncuatronoticias.com\/index.php\/wp-json\/wp\/v2\/categories?post=3129"},{"taxonomy":"post_tag","embeddable":true,"href":"https:\/\/www.regioncuatronoticias.com\/index.php\/wp-json\/wp\/v2\/tags?post=3129"}],"curies":[{"name":"wp","href":"https:\/\/api.w.org\/{rel}","templated":true}]}}