{"id":3126,"date":"2023-11-26T23:48:42","date_gmt":"2023-11-27T06:48:42","guid":{"rendered":"https:\/\/www.regioncuatronoticias.com\/?p=3126"},"modified":"2023-11-26T23:48:45","modified_gmt":"2023-11-27T06:48:45","slug":"mexicana-de-aviacion-posterga-vuelos-hasta-junio-de-2024-pero-compensa-con-viaje-gratis","status":"publish","type":"post","link":"https:\/\/www.regioncuatronoticias.com\/index.php\/2023\/11\/26\/mexicana-de-aviacion-posterga-vuelos-hasta-junio-de-2024-pero-compensa-con-viaje-gratis\/","title":{"rendered":"Mexicana de Aviaci\u00f3n posterga vuelos hasta junio de 2024, pero compensa con viaje gratis"},"content":{"rendered":"\n<p>Noviembre 25, 2023<\/p>\n\n\n\n<p>Pool CEO-Negocios<\/p>\n\n\n\n<p>Mexicana de Aviaci\u00f3n inform\u00f3 a los usuarios que sus vuelos reservados para el pr\u00f3ximo 2 de diciembre ser\u00e1n pospuestos para el segundo semestre de 2024 debido a cambios en sus destinos operativos; a cambio, la aerol\u00ednea estatal otorgar\u00e1 un viaje gratis.<\/p>\n\n\n\n<p>Mediante un correo electr\u00f3nico enviado este s\u00e1bado a las personas que reservaron, Mexicana de Aviaci\u00f3n comunic\u00f3 que conceder\u00e1 un certificado de viaje en vuelo sencillo o redondo de acuerdo a su solicitud original, el cual ser\u00e1 v\u00e1lido para cualquiera de sus destinos nacionales.<\/p>\n\n\n\n<p>Debido a la falta de aviones para que Mexicana arranque operaciones en tiempo y forma, el proyecto prioritario de Andr\u00e9s Manuel L\u00f3pez Obrador (AMLO) tuvo que reducir sus rutas proyectadas de 20 a 9 destinos nacionales, lo que conduce a la aerol\u00ednea a no operar su itinerario original previamente reservado.<\/p>\n\n\n\n<p>\u201cComprendemos que este cambio puede generar inconvenientes y queremos asegurarle que estamos comprometidos en minimizar cualquier impacto negativo en su experiencia de viaje\u201d.<\/p>\n\n\n\n<p>La empresa a\u00e9rea detall\u00f3 que el certificado estar\u00e1 vigente para que los usuarios realicen su vuelo a partir del 1 de junio de 2024 hasta el 15 de diciembre del mismo a\u00f1o.<\/p>\n\n\n\n<p>Para que las personas puedan hacer v\u00e1lida esta compensaci\u00f3n deber\u00e1n dar respuesta al correo electr\u00f3nico m\u00ednimo con 10 d\u00edas de anticipaci\u00f3n a su vuelo, indicando ruta, fecha y horario.<\/p>\n\n\n\n<p>Mexicana de Aviaci\u00f3n arrancar\u00e1 operaciones a finales de diciembre<\/p>\n\n\n\n<p>El arranque de Mexicana de Aviaci\u00f3n estaba programado para el pr\u00f3ximo 2 de diciembre; sin embargo, ante la promesa fallida del presidente de arrendar 10 aviones Boeing con capacidad para 250 pasajeros y la falta de claridad en el plan de negocios de la aerol\u00ednea, pospuso la inauguraci\u00f3n para el 26 de diciembre.<\/p>\n\n\n\n<p>El primer vuelo de Mexicana se tiene contemplado que despegue en un avi\u00f3n Embraer 145 de TAR Aerol\u00edneas, el cual s\u00f3lo tiene capacidad para 50 personas y tiene 23.8 a\u00f1os de antig\u00fcedad.<\/p>\n","protected":false},"excerpt":{"rendered":"<p>Noviembre 25, 2023 Pool CEO-Negocios Mexicana de Aviaci\u00f3n inform\u00f3 a los usuarios que sus vuelos reservados para el pr\u00f3ximo 2 de diciembre ser\u00e1n pospuestos para el segundo semestre de 2024 debido a cambios en sus destinos operativos; a cambio, la aerol\u00ednea estatal otorgar\u00e1 un viaje gratis. Mediante un correo electr\u00f3nico enviado este s\u00e1bado a las [&hellip;]<\/p>\n","protected":false},"author":1,"featured_media":3127,"comment_status":"open","ping_status":"open","sticky":false,"template":"","format":"standard","meta":{"content-type":"","footnotes":""},"categories":[3,2,105],"tags":[],"class_list":{"0":"post-3126","1":"post","2":"type-post","3":"status-publish","4":"format-standard","5":"has-post-thumbnail","7":"category-mexico","8":"category-negocios","9":"category-principal"},"_links":{"self":[{"href":"https:\/\/www.regioncuatronoticias.com\/index.php\/wp-json\/wp\/v2\/posts\/3126","targetHints":{"allow":["GET"]}}],"collection":[{"href":"https:\/\/www.regioncuatronoticias.com\/index.php\/wp-json\/wp\/v2\/posts"}],"about":[{"href":"https:\/\/www.regioncuatronoticias.com\/index.php\/wp-json\/wp\/v2\/types\/post"}],"author":[{"embeddable":true,"href":"https:\/\/www.regioncuatronoticias.com\/index.php\/wp-json\/wp\/v2\/users\/1"}],"replies":[{"embeddable":true,"href":"https:\/\/www.regioncuatronoticias.com\/index.php\/wp-json\/wp\/v2\/comments?post=3126"}],"version-history":[{"count":1,"href":"https:\/\/www.regioncuatronoticias.com\/index.php\/wp-json\/wp\/v2\/posts\/3126\/revisions"}],"predecessor-version":[{"id":3128,"href":"https:\/\/www.regioncuatronoticias.com\/index.php\/wp-json\/wp\/v2\/posts\/3126\/revisions\/3128"}],"wp:featuredmedia":[{"embeddable":true,"href":"https:\/\/www.regioncuatronoticias.com\/index.php\/wp-json\/wp\/v2\/media\/3127"}],"wp:attachment":[{"href":"https:\/\/www.regioncuatronoticias.com\/index.php\/wp-json\/wp\/v2\/media?parent=3126"}],"wp:term":[{"taxonomy":"category","embeddable":true,"href":"https:\/\/www.regioncuatronoticias.com\/index.php\/wp-json\/wp\/v2\/categories?post=3126"},{"taxonomy":"post_tag","embeddable":true,"href":"https:\/\/www.regioncuatronoticias.com\/index.php\/wp-json\/wp\/v2\/tags?post=3126"}],"curies":[{"name":"wp","href":"https:\/\/api.w.org\/{rel}","templated":true}]}}