{"id":3123,"date":"2023-11-26T23:35:29","date_gmt":"2023-11-27T06:35:29","guid":{"rendered":"https:\/\/www.regioncuatronoticias.com\/?p=3123"},"modified":"2023-11-26T23:35:33","modified_gmt":"2023-11-27T06:35:33","slug":"por-favor-no-abusen","status":"publish","type":"post","link":"https:\/\/www.regioncuatronoticias.com\/index.php\/2023\/11\/26\/por-favor-no-abusen\/","title":{"rendered":"\u00a1Por favor, no abusen!"},"content":{"rendered":"\n<p>COLUMNA MENSAJES<\/p>\n\n\n\n<p>Gilberto Armenta Reyes<\/p>\n\n\n\n<p>\u00a1Por favor, no abusen!<\/p>\n\n\n\n<p>Noviembre 26 del 2023<\/p>\n\n\n\n<p>En el 2018, la diputada federal Ana Bernal fue la suplente de Ana Guevara y, al renunciar la propietaria para convertirse en la titular de la CONADE, la carrera pol\u00edtica de la ahora pol\u00e9mica Ana Bernal inici\u00f3.<\/p>\n\n\n\n<p>Su representaci\u00f3n federal del distrito II con cabecera en Nogales, del 2018 al 2021, fue deficiente y altamente criticable, ya que durante ese trienio, no tuvo representaci\u00f3n en su distrito; no visit\u00f3 los municipios que lo conforman; jam\u00e1s se reuni\u00f3 con los alcaldes de \u00e9stos, y no hay un solo registro de alguna reuni\u00f3n con la ahora ex gobernadora Claudia Pavlovich. Estuvo, pues, totalmente becada, y con residencia permanente en el centro del pa\u00eds.<\/p>\n\n\n\n<p>Por cierto, con un buen n\u00famero de ausencias y \u201cllegadas tarde\u201d a las sesiones de la C\u00e1mara Baja.<\/p>\n\n\n\n<p>En el periodo de precampa\u00f1a, en el 2021, y cuando se dio cuenta que pod\u00eda perder la beca (sueldo como diputada), se le ocurri\u00f3 buscar la re elecci\u00f3n, y entonces s\u00ed, sus visitas a los municipios de su distrito (II federal) se multiplicaron, acompa\u00f1ada de un peque\u00f1o \u201cvalet de j\u00f3venes\u201d, que celulares en mano, la filmaban y fotografiaban como si ella, Ana Bernal, fuese una \u201cinfluencer\u201d o artista de Hollywood.<\/p>\n\n\n\n<p>Coincid\u00ed con ella, en dos ocasiones en la cabina de una radio de Nogales, -Radio Xeny-, en la vual yo colaboro, y donde ella fue entrevistada. La escuch\u00e9 jurar y perjurar que volver\u00eda a Nogales y a todo su distrito si le daban la confianza del voto, y se reeleg\u00eda como diputada.<\/p>\n\n\n\n<p>Pues bien, le dieron la confianza, ella gan\u00f3 la rea elecci\u00f3n; conserv\u00f3 su beca como diputada federal.<\/p>\n\n\n\n<p>\u00a1PERO JAM\u00c1S REGRES\u00d3 A NOGALES NI A SU DISTRITO! cumpli\u00e9ndose as\u00ed mi se\u00f1alamiento cuando, ah\u00ed, en esa misma cabina de radio, le dije que no volver\u00eda a acordarse de Novales, hasta la elecci\u00f3n del 2024.<\/p>\n\n\n\n<p>Me miro con desd\u00e9n y con esa arrogancia que la caracteriza, me dijo: \u201cYa veremos\u201d.<\/p>\n\n\n\n<p>Pues ese \u201cya veremos\u201d se convirti\u00f3 en una constante ausencia desde el 2021 hasta hace una semana, que, a esta flamante diputada federal, se le ocurri\u00f3 presentar un informe de actividades, en un evento desangelado, sin asistencia, y sin la presencia del resto de diputados federales.<\/p>\n\n\n\n<p>Pero, de alguna forma ten\u00eda que acercarse, como dice el dicho, \u201ccon la cola entre las patas\u201d, porque ya vienen pizcas electorales. Y ahora se le ocurre hacer -lo que ella haya tenido que hacer-, \u00a1para ganarse un premio como \u201cLa Diputada Federal del A\u00f1o!<\/p>\n\n\n\n<p>\u00a1H\u00e1game usted el bendito favor! \u00a1JAJAJAJA! \u00a1\u201cDiputada Federal del A\u00f1o\u201d!<\/p>\n\n\n\n<p>Claro, la se\u00f1ora Ana Bernal quiere ser diputada federal, seguramente no sabe qu\u00e9 har\u00e1 sin la beca, sin ese sueldo, y debe andar hartamente desesperada y ansiosa por seguirlo cobrando.<\/p>\n\n\n\n<p>El electorado de este distrito II federal es inteligente, y sabe, quiero yo entenderlo, que ella ya no se merece la confianza de volver a votarla.<\/p>\n\n\n\n<p>S\u00e9 que el PT en Sonora tambi\u00e9n lo es, y s\u00e9 que Ram\u00f3n Flores tiene bien claro que a su partido le convienen -y le interesan- buenas mujeres pol\u00edticas, y no recomendaciones banales.<\/p>\n\n\n\n<p>Son los tiempos del hambre, sin duda; pero por favor \u00a1no abusen!<\/p>\n","protected":false},"excerpt":{"rendered":"<p>COLUMNA MENSAJES Gilberto Armenta Reyes \u00a1Por favor, no abusen! Noviembre 26 del 2023 En el 2018, la diputada federal Ana Bernal fue la suplente de Ana Guevara y, al renunciar la propietaria para convertirse en la titular de la CONADE, la carrera pol\u00edtica de la ahora pol\u00e9mica Ana Bernal inici\u00f3. Su representaci\u00f3n federal del distrito [&hellip;]<\/p>\n","protected":false},"author":1,"featured_media":3124,"comment_status":"open","ping_status":"open","sticky":false,"template":"","format":"standard","meta":{"content-type":"","footnotes":""},"categories":[110],"tags":[],"class_list":{"0":"post-3123","1":"post","2":"type-post","3":"status-publish","4":"format-standard","5":"has-post-thumbnail","7":"category-gilberto-armenta-reyes"},"_links":{"self":[{"href":"https:\/\/www.regioncuatronoticias.com\/index.php\/wp-json\/wp\/v2\/posts\/3123","targetHints":{"allow":["GET"]}}],"collection":[{"href":"https:\/\/www.regioncuatronoticias.com\/index.php\/wp-json\/wp\/v2\/posts"}],"about":[{"href":"https:\/\/www.regioncuatronoticias.com\/index.php\/wp-json\/wp\/v2\/types\/post"}],"author":[{"embeddable":true,"href":"https:\/\/www.regioncuatronoticias.com\/index.php\/wp-json\/wp\/v2\/users\/1"}],"replies":[{"embeddable":true,"href":"https:\/\/www.regioncuatronoticias.com\/index.php\/wp-json\/wp\/v2\/comments?post=3123"}],"version-history":[{"count":1,"href":"https:\/\/www.regioncuatronoticias.com\/index.php\/wp-json\/wp\/v2\/posts\/3123\/revisions"}],"predecessor-version":[{"id":3125,"href":"https:\/\/www.regioncuatronoticias.com\/index.php\/wp-json\/wp\/v2\/posts\/3123\/revisions\/3125"}],"wp:featuredmedia":[{"embeddable":true,"href":"https:\/\/www.regioncuatronoticias.com\/index.php\/wp-json\/wp\/v2\/media\/3124"}],"wp:attachment":[{"href":"https:\/\/www.regioncuatronoticias.com\/index.php\/wp-json\/wp\/v2\/media?parent=3123"}],"wp:term":[{"taxonomy":"category","embeddable":true,"href":"https:\/\/www.regioncuatronoticias.com\/index.php\/wp-json\/wp\/v2\/categories?post=3123"},{"taxonomy":"post_tag","embeddable":true,"href":"https:\/\/www.regioncuatronoticias.com\/index.php\/wp-json\/wp\/v2\/tags?post=3123"}],"curies":[{"name":"wp","href":"https:\/\/api.w.org\/{rel}","templated":true}]}}