{"id":3111,"date":"2023-11-26T22:52:33","date_gmt":"2023-11-27T05:52:33","guid":{"rendered":"https:\/\/www.regioncuatronoticias.com\/?p=3111"},"modified":"2023-11-26T22:52:36","modified_gmt":"2023-11-27T05:52:36","slug":"loretta-ortiz-se-rebela-contra-amlo-se-opone-a-que-ministros-sean-electos-por-voto-no-es-adecuado","status":"publish","type":"post","link":"https:\/\/www.regioncuatronoticias.com\/index.php\/2023\/11\/26\/loretta-ortiz-se-rebela-contra-amlo-se-opone-a-que-ministros-sean-electos-por-voto-no-es-adecuado\/","title":{"rendered":"Loretta Ortiz se rebela contra AMLO, se opone a que ministros sean electos por voto: \u2018no es adecuado\u2019"},"content":{"rendered":"\n<p>La ministra fue propuesta por AMLO y ha estado a favor de varias de los proyectos del mandatario<\/p>\n\n\n\n<p>La integrante de la SCJN se\u00f1al\u00f3 que los aspirantes a ministros deb\u00edan cumplir con un perfil espec\u00edfico<\/p>\n\n\n\n<p>Tomado del portal Pol\u00edtico MX<\/p>\n\n\n\n<p>Noviembre 26 del 2023<\/p>\n\n\n\n<p>La ministra de la Suprema Corte de Justicia de la Naci\u00f3n (SCJN), Loretta Ortiz se posicion\u00f3 en contra de que los ministros y jueces sean electos por medio del voto popular, pues dijo que no era un sistema adecuado.<\/p>\n\n\n\n<p>Durante el seminario &#8220;El Derecho a la Informaci\u00f3n, la importancia de la transparencia&#8221; de la Feria Internacional del Liro (FIL) Gudalajara, la ministra expuso su opini\u00f3n sobre el tema al ser cuestionada por la periodista Carmen Aristegui derivado de la opini\u00f3n de Arturo Zald\u00edvar.<\/p>\n\n\n\n<p>Se\u00f1al\u00f3 que ha reflexionado sobre el asunto y lo compar\u00f3 con el caso de Estados Unidos, en donde algunos jueces y ministros son electos. \u201cYo no considero que sea un sistema adecuado\u201d, se\u00f1al\u00f3 la ministra.<\/p>\n\n\n\n<p>Pues consider\u00f3 que \u201cel perfil para llegar a la Corte, los abogados que necesita la Corte, son ahogados que necesitan un perfil espec\u00edfico y que ese perfil no se puede alcanzar siendo electos\u201d.<\/p>\n\n\n\n<p>Derivado de esto record\u00f3 cuando la Secretar\u00eda de Relaciones Exteriores le pidi\u00f3 que se reuniera con varios jueces, cuando se discuti\u00f3 la pena muerte en Texas. Mencion\u00f3 que uno de ellos hab\u00eda condenado a muerte a un mexicano y que se encontraron pruebas de que no era responsable.<\/p>\n\n\n\n<p>Al cuestionarlo sobre su decisi\u00f3n, este le respondi\u00f3 que lo hab\u00eda hecho porque elev\u00f3 su popularidad y le ayud\u00f3 a ascender en su carrera: \u201cEso es lo que no nos podemos permitir, o sea, no podemos los que aspiramos a ser ministros llegar por un voto popular\u201d.<\/p>\n\n\n\n<p>Al seminario tambi\u00e9n asistieron Alberto P\u00e9rez Day\u00e1n y la ministra Margarita R\u00edos Farjat, quienes opinaron de igual modo en contra de la elecci\u00f3n de los miembros del Poder Judicial, propuesta por AMLO y Morena.<\/p>\n\n\n\n<p>Cabe se\u00f1alar que Loretta Ortiz fue propuesta por L\u00f3pez Obrador para ser ministra y ha estado a favor de diversas propuestas del presidente, como la aprobaci\u00f3n del \u2018decretazo\u2019 con el que planea blindar sus megaproyectos o declarar infundada la omisi\u00f3n del Senado a la hora de nombrar a los comisionados del INAI.<\/p>\n","protected":false},"excerpt":{"rendered":"<p>La ministra fue propuesta por AMLO y ha estado a favor de varias de los proyectos del mandatario La integrante de la SCJN se\u00f1al\u00f3 que los aspirantes a ministros deb\u00edan cumplir con un perfil espec\u00edfico Tomado del portal Pol\u00edtico MX Noviembre 26 del 2023 La ministra de la Suprema Corte de Justicia de la Naci\u00f3n [&hellip;]<\/p>\n","protected":false},"author":1,"featured_media":3112,"comment_status":"open","ping_status":"open","sticky":false,"template":"","format":"standard","meta":{"content-type":"","footnotes":""},"categories":[3,115,105],"tags":[],"class_list":{"0":"post-3111","1":"post","2":"type-post","3":"status-publish","4":"format-standard","5":"has-post-thumbnail","7":"category-mexico","8":"category-politica","9":"category-principal"},"_links":{"self":[{"href":"https:\/\/www.regioncuatronoticias.com\/index.php\/wp-json\/wp\/v2\/posts\/3111","targetHints":{"allow":["GET"]}}],"collection":[{"href":"https:\/\/www.regioncuatronoticias.com\/index.php\/wp-json\/wp\/v2\/posts"}],"about":[{"href":"https:\/\/www.regioncuatronoticias.com\/index.php\/wp-json\/wp\/v2\/types\/post"}],"author":[{"embeddable":true,"href":"https:\/\/www.regioncuatronoticias.com\/index.php\/wp-json\/wp\/v2\/users\/1"}],"replies":[{"embeddable":true,"href":"https:\/\/www.regioncuatronoticias.com\/index.php\/wp-json\/wp\/v2\/comments?post=3111"}],"version-history":[{"count":1,"href":"https:\/\/www.regioncuatronoticias.com\/index.php\/wp-json\/wp\/v2\/posts\/3111\/revisions"}],"predecessor-version":[{"id":3113,"href":"https:\/\/www.regioncuatronoticias.com\/index.php\/wp-json\/wp\/v2\/posts\/3111\/revisions\/3113"}],"wp:featuredmedia":[{"embeddable":true,"href":"https:\/\/www.regioncuatronoticias.com\/index.php\/wp-json\/wp\/v2\/media\/3112"}],"wp:attachment":[{"href":"https:\/\/www.regioncuatronoticias.com\/index.php\/wp-json\/wp\/v2\/media?parent=3111"}],"wp:term":[{"taxonomy":"category","embeddable":true,"href":"https:\/\/www.regioncuatronoticias.com\/index.php\/wp-json\/wp\/v2\/categories?post=3111"},{"taxonomy":"post_tag","embeddable":true,"href":"https:\/\/www.regioncuatronoticias.com\/index.php\/wp-json\/wp\/v2\/tags?post=3111"}],"curies":[{"name":"wp","href":"https:\/\/api.w.org\/{rel}","templated":true}]}}