{"id":3102,"date":"2023-11-26T22:43:12","date_gmt":"2023-11-27T05:43:12","guid":{"rendered":"https:\/\/www.regioncuatronoticias.com\/?p=3102"},"modified":"2023-11-26T22:43:13","modified_gmt":"2023-11-27T05:43:13","slug":"valores-honorabilidad-y-compromiso-atributos-carentes-en-la-politica-actual-beltrones","status":"publish","type":"post","link":"https:\/\/www.regioncuatronoticias.com\/index.php\/2023\/11\/26\/valores-honorabilidad-y-compromiso-atributos-carentes-en-la-politica-actual-beltrones\/","title":{"rendered":"Valores, honorabilidad y compromiso, atributos carentes en la pol\u00edtica actual: Beltrones"},"content":{"rendered":"\n<p>Reconocen trayectoria pol\u00edtica del priista Abraham Zaied Dabdoub<\/p>\n\n\n\n<p>Nogales, Sonora. 25 de noviembre de 2023. Los valores, honorabilidad y compromiso, son atributos carentes en la pol\u00edtica del gobierno actual, pero que son un emblema caracter\u00edstico de un priista reconocido de Nogales, Abraham Zaied Dabdoub, manifest\u00f3 Manlio Fabio Beltrones Rivera.<\/p>\n\n\n\n<p>&nbsp;Durante la ceremonia de reconocimiento a Abraham Zaied por su gran trayectoria como priista, realizada por el Comit\u00e9 Directivo Estatal del PRI a trav\u00e9s de Fundaci\u00f3n Colosio en Sonora, Beltrones Rivera record\u00f3 el trabajo que como alcalde de esta ciudad fronteriza hizo junto a su gobierno en el periodo de 1994-1997, en donde prevaleci\u00f3 el orden del cual se carec\u00eda totalmente.<\/p>\n\n\n\n<p>Describi\u00f3 a un pol\u00edtico que confrontaba con autenticidad las adversidades que se antepon\u00edan en su camino, pero que con sabidur\u00eda supo enfrentarlos para lograr un mejor Nogales para sus habitantes, lo que le permiti\u00f3 ser de nuevo alcalde en el periodo 2000-2003.<\/p>\n\n\n\n<p>&nbsp;\u201cAbraham es alguien que mucho ayud\u00f3 a su amigo cuando era gobernador de Sonora, momentos en los cuales se le insisti\u00f3 en que asumiera una candidatura, despu\u00e9s una presidencia municipal, lo hizo muy comprometido con el entonces gobernador que era su amigo, y me dijo, yo lo que quiero es ayudar, por eso cuando se encontr\u00f3 con su primer problema de tener solo tres patrullas funcionando, en la v\u00edspera de ayudar le dije, ahora m\u00e9tele de tu bolsa para ayudar, y as\u00ed lo hizo y despu\u00e9s me dijo, pero te lo voy a cobrar como margen de piso para Nogales\u201d, record\u00f3 entre risas.<\/p>\n\n\n\n<p>Rogelio D\u00edaz Brown, presidente del Comit\u00e9 Directivo del PRI en Sonora honr\u00f3 la gran labor que el dos veces presidente municipal de Nogales realiz\u00f3 en su gesti\u00f3n y donde con carencias y dificultades que se enfrentaban en el estado y a nivel pa\u00eds, antepuso a los nogalenses ante cualquier adversidad.<\/p>\n\n\n\n<p>Tambi\u00e9n reconoci\u00f3 el trabajo que por d\u00e9cadas ha realizado Manlio Fabio Beltrones desde los diferentes cargos que ha asumido, siempre buscando el bien de Sonora y de los sonorenses.<\/p>\n\n\n\n<p>\u201cEs un honor el d\u00eda de hoy estar en el marco de que tenemos dos grandes figuras sonorenses que hoy toman una gran relevancia, dadas las circunstancias que estamos viviendo en donde pareciera que el pa\u00eds se le est\u00e1n llevando a un hoyo las decisiones del gobierno, tener el reflejo de hombres que hac\u00edan que las cosas sucedieran, que tomaban las decisiones pensando siempre en la sociedad\u201d, resalt\u00f3.<\/p>\n\n\n\n<p>B\u00falmaro Pacheco Moreno, presidente de Fundaci\u00f3n Colosio en Sonora, indic\u00f3 que reconocer a Abraham Zaied es hacer honor a su fortaleza, honradez y gran labor por la sociedad.<\/p>\n\n\n\n<p>&nbsp;\u201c\u00bfPor qu\u00e9 homenajear a Abraham Zaied? \u00bfPor qu\u00e9 apenas a sus 85 a\u00f1os? Pues porque es una persona con gran experiencia y aportaciones a Sonora, a Nogales y a M\u00e9xico. Don Abraham es un hombre pol\u00e9mico, de controversia, porque no se dejaba, asumi\u00f3 el poder, resolv\u00eda problemas, con un gobierno de puertas abiertas y el \u00fanico presidente municipal en los \u00faltimos 80 a\u00f1os electo dos veces\u201d, asever\u00f3.<\/p>\n\n\n\n<p>&nbsp;Miguel \u00c1ngel Murillo Aispuro record\u00f3 la trayectoria que Abraham ha tenido, en donde con estilo, fuerza y convicci\u00f3n ha logrado tener un aporte fundamental en la historia del estado, con su trabajo incansable, valent\u00eda y generosidad siempre como atributos personales.<\/p>\n\n\n\n<p>\u201cTodos unidos por Nogales\u2019 fue el lema de la campa\u00f1a pol\u00edtica que lo llev\u00f3, con el voto popular, al honroso cargo de presidente municipal en 1994 a 1997 y poco despu\u00e9s, con otro lema, \u2018Porque t\u00fa ya me conoces\u2019, Abraham Zaied recordaba a los ciudadanos sus demostradas habilidades para la administraci\u00f3n p\u00fablica, siempre orientado al beneficio de la comunidad y de nuevo elegido presidente municipal en el a\u00f1o 2000\u201d, resalt\u00f3.<\/p>\n\n\n\n<p>Abraham Zaied Dabdoub agradeci\u00f3 este reconocimiento que se le hizo, as\u00ed como a quienes formaron parte de sus administraciones municipales&nbsp; d\u00e9cadas atr\u00e1s.<\/p>\n\n\n\n<p>La Organizaci\u00f3n de Mujeres (OMPRI) en Nogales, as\u00ed como el Sindicato del Ayuntamiento de Nogales, tambi\u00e9n hizo entrega de reconocimientos a Abraham Zaied por el impacto que ha tenido en estas organizaciones.<\/p>\n\n\n\n<p>Durante la ceremonia, el dirigente del PRI en Sonora tom\u00f3 protesta a Araceli Mart\u00ednez como la nueva presidenta de la Fundaci\u00f3n Colosio en Nogales.<\/p>\n\n\n\n<p>&nbsp;En el evento estuvieron presentes el presidente del PRI Nogales, Adalberto Rubio; la secretaria general del PRI Sonora, Iris S\u00e1nchez Chiu; familiares de Abraham Zaied, as\u00ed como integrantes del Comit\u00e9 Directivo Estatal, regidores del cabildo municipal de Nogales y distinguidos priistas de Sonora.<\/p>\n","protected":false},"excerpt":{"rendered":"<p>Reconocen trayectoria pol\u00edtica del priista Abraham Zaied Dabdoub Nogales, Sonora. 25 de noviembre de 2023. Los valores, honorabilidad y compromiso, son atributos carentes en la pol\u00edtica del gobierno actual, pero que son un emblema caracter\u00edstico de un priista reconocido de Nogales, Abraham Zaied Dabdoub, manifest\u00f3 Manlio Fabio Beltrones Rivera. &nbsp;Durante la ceremonia de reconocimiento a [&hellip;]<\/p>\n","protected":false},"author":1,"featured_media":3103,"comment_status":"open","ping_status":"open","sticky":false,"template":"","format":"standard","meta":{"content-type":"","footnotes":""},"categories":[115,105,9],"tags":[],"class_list":{"0":"post-3102","1":"post","2":"type-post","3":"status-publish","4":"format-standard","5":"has-post-thumbnail","7":"category-politica","8":"category-principal","9":"category-sonora"},"_links":{"self":[{"href":"https:\/\/www.regioncuatronoticias.com\/index.php\/wp-json\/wp\/v2\/posts\/3102","targetHints":{"allow":["GET"]}}],"collection":[{"href":"https:\/\/www.regioncuatronoticias.com\/index.php\/wp-json\/wp\/v2\/posts"}],"about":[{"href":"https:\/\/www.regioncuatronoticias.com\/index.php\/wp-json\/wp\/v2\/types\/post"}],"author":[{"embeddable":true,"href":"https:\/\/www.regioncuatronoticias.com\/index.php\/wp-json\/wp\/v2\/users\/1"}],"replies":[{"embeddable":true,"href":"https:\/\/www.regioncuatronoticias.com\/index.php\/wp-json\/wp\/v2\/comments?post=3102"}],"version-history":[{"count":1,"href":"https:\/\/www.regioncuatronoticias.com\/index.php\/wp-json\/wp\/v2\/posts\/3102\/revisions"}],"predecessor-version":[{"id":3104,"href":"https:\/\/www.regioncuatronoticias.com\/index.php\/wp-json\/wp\/v2\/posts\/3102\/revisions\/3104"}],"wp:featuredmedia":[{"embeddable":true,"href":"https:\/\/www.regioncuatronoticias.com\/index.php\/wp-json\/wp\/v2\/media\/3103"}],"wp:attachment":[{"href":"https:\/\/www.regioncuatronoticias.com\/index.php\/wp-json\/wp\/v2\/media?parent=3102"}],"wp:term":[{"taxonomy":"category","embeddable":true,"href":"https:\/\/www.regioncuatronoticias.com\/index.php\/wp-json\/wp\/v2\/categories?post=3102"},{"taxonomy":"post_tag","embeddable":true,"href":"https:\/\/www.regioncuatronoticias.com\/index.php\/wp-json\/wp\/v2\/tags?post=3102"}],"curies":[{"name":"wp","href":"https:\/\/api.w.org\/{rel}","templated":true}]}}