{"id":3084,"date":"2023-11-26T21:17:22","date_gmt":"2023-11-27T04:17:22","guid":{"rendered":"https:\/\/www.regioncuatronoticias.com\/?p=3084"},"modified":"2023-11-26T21:17:23","modified_gmt":"2023-11-27T04:17:23","slug":"el-ala-autoritaria-de-morena-quiere-convencer-a-amlo-para-que-su-poder-se-extienda-mas-alla-de-este-sexenio-acusa-alejandro-rojas","status":"publish","type":"post","link":"https:\/\/www.regioncuatronoticias.com\/index.php\/2023\/11\/26\/el-ala-autoritaria-de-morena-quiere-convencer-a-amlo-para-que-su-poder-se-extienda-mas-alla-de-este-sexenio-acusa-alejandro-rojas\/","title":{"rendered":"El \u201cala autoritaria\u201d de Morena quiere convencer a AMLO para que su poder se extienda m\u00e1s all\u00e1 de este sexenio, acusa Alejandro Rojas"},"content":{"rendered":"\n<p>Latinus<\/p>\n\n\n\n<p>noviembre 25, 2023<\/p>\n\n\n\n<p>El ala autoritaria de Morena quiere convencer a AMLO para que su poder se extienda m\u00e1s all\u00e1 de su sexenio: Alejandro Rojas<\/p>\n\n\n\n<p>Foto: Alejandro Rojas D\u00edaz \/ Redes<\/p>\n\n\n\n<p>Alejandro Rojas D\u00edaz acus\u00f3 este s\u00e1bado al \u201cala autoritaria\u201d en Morena de operar para que dejara la curul en el Senado \u2014que ocup\u00f3 tras la licencia que solicit\u00f3 Ricardo Monreal, de quien es el suplente en la C\u00e1mara Alta\u2014 debido a que este grupo quiere imponer un pensamiento \u00fanico en el pa\u00eds, por lo que tiene secuestrada a la dirigencia del partido.<\/p>\n\n\n\n<p>\u201cQuieren ellos convencer al presidente de la Rep\u00fablica para que su poder y su influencia se extienda m\u00e1s all\u00e1 de este sexenio. Quieren instaurar en M\u00e9xico un maximato pol\u00edtico, ideol\u00f3gico y militar, quieren instaurar el pensamiento \u00fanico\u201d, asegur\u00f3 Rojas D\u00edaz en un video publicado en redes sociales.<\/p>\n\n\n\n<p>Alejandro Rojas dej\u00f3 la curul en el Senado luego de que el pasado 23 de noviembre Ricardo Monreal present\u00f3 su carta de reincorporaci\u00f3n a sus tareas legislativas. Ante ello, el coordinador morenista, Eduardo Ram\u00edrez, declar\u00f3 que \u00e9l invit\u00f3 a Monreal a regresar a su esca\u00f1o para que haya unidad en las votaciones de Morena, ya que Rojas D\u00edaz Dur\u00e1n, su suplente, piensa distinto.<\/p>\n\n\n\n<p>En el video difundido este s\u00e1bado, Rojas D\u00edaz asegur\u00f3 que no se est\u00e1 cumpliendo con el proyecto que inici\u00f3 Morena en 2018; asimismo, destac\u00f3 las principales promesas del partido en 2018 no se han llevado a cabo, adem\u00e1s de que ya en el gobierno, han llegado a violar sistem\u00e1ticamente la autonom\u00eda del Poder Judicial y de la Suprema Corte de Justicia de la Naci\u00f3n.<\/p>\n\n\n\n<p>\u201cQuieren ver una Corte sometida a los caprichos del presidente de la Rep\u00fablica y quieren tener un Poder Legislativo que no le cambie ni una coma a ninguna iniciativa presidencial ni a una reforma constitucional, cuando ofrecimos autonom\u00eda plena de los poderes p\u00fablicos\u201d, acus\u00f3. Asimismo, coment\u00f3 que el ala autoritaria tambi\u00e9n oblig\u00f3 a la precandidata presidencial de Morena, Claudia Sheinbaum, a desconocer los acuerdos a los que hab\u00eda llegado con el excanciller Marcelo Ebrard, quien particip\u00f3 en las encuestas para elegir al candidato morenista, y ante<\/p>\n","protected":false},"excerpt":{"rendered":"<p>Latinus noviembre 25, 2023 El ala autoritaria de Morena quiere convencer a AMLO para que su poder se extienda m\u00e1s all\u00e1 de su sexenio: Alejandro Rojas Foto: Alejandro Rojas D\u00edaz \/ Redes Alejandro Rojas D\u00edaz acus\u00f3 este s\u00e1bado al \u201cala autoritaria\u201d en Morena de operar para que dejara la curul en el Senado \u2014que ocup\u00f3 [&hellip;]<\/p>\n","protected":false},"author":1,"featured_media":3085,"comment_status":"open","ping_status":"open","sticky":false,"template":"","format":"standard","meta":{"content-type":"","footnotes":""},"categories":[3,115,105],"tags":[],"class_list":{"0":"post-3084","1":"post","2":"type-post","3":"status-publish","4":"format-standard","5":"has-post-thumbnail","7":"category-mexico","8":"category-politica","9":"category-principal"},"_links":{"self":[{"href":"https:\/\/www.regioncuatronoticias.com\/index.php\/wp-json\/wp\/v2\/posts\/3084","targetHints":{"allow":["GET"]}}],"collection":[{"href":"https:\/\/www.regioncuatronoticias.com\/index.php\/wp-json\/wp\/v2\/posts"}],"about":[{"href":"https:\/\/www.regioncuatronoticias.com\/index.php\/wp-json\/wp\/v2\/types\/post"}],"author":[{"embeddable":true,"href":"https:\/\/www.regioncuatronoticias.com\/index.php\/wp-json\/wp\/v2\/users\/1"}],"replies":[{"embeddable":true,"href":"https:\/\/www.regioncuatronoticias.com\/index.php\/wp-json\/wp\/v2\/comments?post=3084"}],"version-history":[{"count":1,"href":"https:\/\/www.regioncuatronoticias.com\/index.php\/wp-json\/wp\/v2\/posts\/3084\/revisions"}],"predecessor-version":[{"id":3086,"href":"https:\/\/www.regioncuatronoticias.com\/index.php\/wp-json\/wp\/v2\/posts\/3084\/revisions\/3086"}],"wp:featuredmedia":[{"embeddable":true,"href":"https:\/\/www.regioncuatronoticias.com\/index.php\/wp-json\/wp\/v2\/media\/3085"}],"wp:attachment":[{"href":"https:\/\/www.regioncuatronoticias.com\/index.php\/wp-json\/wp\/v2\/media?parent=3084"}],"wp:term":[{"taxonomy":"category","embeddable":true,"href":"https:\/\/www.regioncuatronoticias.com\/index.php\/wp-json\/wp\/v2\/categories?post=3084"},{"taxonomy":"post_tag","embeddable":true,"href":"https:\/\/www.regioncuatronoticias.com\/index.php\/wp-json\/wp\/v2\/tags?post=3084"}],"curies":[{"name":"wp","href":"https:\/\/api.w.org\/{rel}","templated":true}]}}