{"id":3081,"date":"2023-11-26T21:13:31","date_gmt":"2023-11-27T04:13:31","guid":{"rendered":"https:\/\/www.regioncuatronoticias.com\/?p=3081"},"modified":"2023-11-26T21:13:33","modified_gmt":"2023-11-27T04:13:33","slug":"abuchean-a-la-dirigente-de-morena-en-nayarit-en-mitin-de-sheinbaum-que-se-traen-cabrones-increpa-norona","status":"publish","type":"post","link":"https:\/\/www.regioncuatronoticias.com\/index.php\/2023\/11\/26\/abuchean-a-la-dirigente-de-morena-en-nayarit-en-mitin-de-sheinbaum-que-se-traen-cabrones-increpa-norona\/","title":{"rendered":"Abuchean a la dirigente de Morena en Nayarit en mitin de Sheinbaum; \u201c\u00bfQu\u00e9 se traen, cabrones?\u201d, increpa Noro\u00f1a"},"content":{"rendered":"\n<p>Latinus<\/p>\n\n\n\n<p>Jos\u00e9 Gerardo Mej\u00eda<\/p>\n\n\n\n<p>Noviembre 25, 2023<\/p>\n\n\n\n<p>Cuando Zaira Iturbe Quirarte, dirigente estatal de Morena en Nayarit, tom\u00f3 la palabra en el mitin que encabez\u00f3 Claudia Sheinbaum en el municipio de Xalisco, comenz\u00f3 el abucheo de la llamada militancia de la cuarta transformaci\u00f3n y los gritos de \u201c\u00a1Fuera! \u00a1Fuera! \u00a1Fuera!\u201d.<\/p>\n\n\n\n<p>Luego de un breve titubeo, Iturbe Quirarte recuper\u00f3 el aplomo y afirm\u00f3 que \u201cestamos en momentos de unidad, de caminar todos de la mano, no estamos en momento de hacer ning\u00fan tipo de separaci\u00f3n\u201d.<\/p>\n\n\n\n<p>Ent\u00e9rate: \u201cApenas van cinco d\u00edas de precampa\u00f1a presidencial y ya vamos en segundo lugar\u201d, afirma Samuel Garc\u00eda en Jalisco<\/p>\n\n\n\n<p>\u201cEl pueblo de Xalisco es su casa, vienen a entregarle aqu\u00ed el coraz\u00f3n. Que no sea m\u00e1s grande un ego personal, que un proyecto de naci\u00f3n\u201d, concluy\u00f3 tras echar porras a Sheinbaum.<\/p>\n\n\n\n<p>Gerardo Fern\u00e1ndez Noro\u00f1a aprovech\u00f3 su intervenci\u00f3n para salir en defensa de la dirigente estatal de Morena,<\/p>\n\n\n\n<p>\u201c\u00bfQu\u00e9 pas\u00f3? \u00bfQu\u00e9 se traen, cabrones?\u201d, increp\u00f3 el vocero y diputado federal del Partido del Trabajo (PT).<\/p>\n\n\n\n<p>\u201cBienvenidos Zaira, (Jasmine) Bugar\u00ednm Jorge Fugio Ortiz. A ver compa\u00f1eros y compa\u00f1eras, la unidad por m\u00e1s diferencias que haya, la unidad del pueblo y del movimiento y de los partidos es fundamental\u201d, asever\u00f3.<\/p>\n\n\n\n<p>En su defensa, Fern\u00e1ndez Noro\u00f1a acab\u00f3 d\u00e1ndose un balazo en el pie luego de resaltar que el priismo est\u00e1 en proceso de extinci\u00f3n.<\/p>\n\n\n\n<p>\u201cEl PRI, que era el partido invencible, porque eran bien pinches tramposos y hac\u00edan fraude electoral, est\u00e1 a punto de desaparecer. Yo les digo en tribuna que ya no nos manden m\u00e1s cuadros del PRI porque ya no caben\u201d, subray\u00f3.<\/p>\n\n\n\n<p>Frente a Fern\u00e1ndez Noro\u00f1a estaba en primera fila el gobernador Miguel \u00c1ngel Navarro, quien milit\u00f3 durante 29 a\u00f1os en el Partido Revolucionario Institucional, aunque este s\u00e1bado se dijo \u201capantallado\u201d por el apoyo de los simpatizantes, que acudieron al mitin en m\u00e1s de 80 camiones.<\/p>\n\n\n\n<p>Atr\u00e1s de \u00e9l, en el templete, lo escuchaba Jasmine Bugar\u00edn, quien fue diputada federal del tricolor hasta el 2018, y se sum\u00f3 a las filas del Partido Verde, luego del triunfo de Andr\u00e9s Manuel L\u00f3pez Obrador.<\/p>\n\n\n\n<p>Tambi\u00e9n Sheinbaum tuvo palabras de reconocimiento a la labor del gobernador, a quien consideran l\u00edder moral y pol\u00edtico de Morena en Nayarit y el pa\u00eds.<\/p>\n\n\n\n<p>En su intervenci\u00f3n, Sheinbaum afirm\u00f3 que promover\u00e1 la erradicaci\u00f3n de la violencia, principalmente contra las mujeres, aunque omiti\u00f3 mencionar a Louise Birkenbach, empresaria, quien desapareci\u00f3 en octubre en San Blas, Nayarit, para luego ser encontrada sin vida.<\/p>\n\n\n\n<p>La aspirante presidencial tampoco mencion\u00f3 el asesinato del periodista Luis Mart\u00edn S\u00e1nchez, registrado en julio pasado a las afueras de Tepic.<\/p>\n\n\n\n<p>Sheinbaum resalt\u00f3 en su mensaje que \u201cla mayor\u00eda del pueblo de M\u00e9xico est\u00e1 con la transformaci\u00f3n, ya del otro lado hay muy poca gente, se est\u00e1n quedando solos\u201d, asegur\u00f3 sin mencionar a la oposici\u00f3n.<\/p>\n\n\n\n<p>Sheinbaum continu\u00f3 su precampa\u00f1a en Compostela y Xalisco, Nayarit, a menos de 20 d\u00edas que Alba Cristal Espinoza fuera destituida como l\u00edder de la bancada de Morena y presidenta del Congreso estatal con la firma de once de los quince legisladores guindas.<\/p>\n\n\n\n<p>La exalcaldesa de Tepic, Geraldine Ponce, quien aspira a ser postulada al Senado, no recibi\u00f3 ninguna menci\u00f3n en los m\u00edtines de este s\u00e1bado.<\/p>\n\n\n\n<p>Ponce subi\u00f3 una foto con la aspirante presidencial en sus redes sociales.<\/p>\n\n\n\n<p>\u201cEstoy segura que ser\u00e1 una gran presidenta\u201d, expres\u00f3 sin mencionar el pleito que mantiene desde septiembre pasado cuando detuvieron a Alejandro Galv\u00e1n, que era su jefe de gabinete.<\/p>\n\n\n\n<p>En medio de esos frentes abiertos, la dirigente estatal de Morena cerr\u00f3 su intervenci\u00f3n con la exigencia de \u201c\u201dque no sea m\u00e1s grande un ego personal que un proyecto de naci\u00f3n\u201d.<\/p>\n","protected":false},"excerpt":{"rendered":"<p>Latinus Jos\u00e9 Gerardo Mej\u00eda Noviembre 25, 2023 Cuando Zaira Iturbe Quirarte, dirigente estatal de Morena en Nayarit, tom\u00f3 la palabra en el mitin que encabez\u00f3 Claudia Sheinbaum en el municipio de Xalisco, comenz\u00f3 el abucheo de la llamada militancia de la cuarta transformaci\u00f3n y los gritos de \u201c\u00a1Fuera! \u00a1Fuera! \u00a1Fuera!\u201d. Luego de un breve titubeo, [&hellip;]<\/p>\n","protected":false},"author":1,"featured_media":3082,"comment_status":"open","ping_status":"open","sticky":false,"template":"","format":"standard","meta":{"content-type":"","footnotes":""},"categories":[3,115,105],"tags":[],"class_list":{"0":"post-3081","1":"post","2":"type-post","3":"status-publish","4":"format-standard","5":"has-post-thumbnail","7":"category-mexico","8":"category-politica","9":"category-principal"},"_links":{"self":[{"href":"https:\/\/www.regioncuatronoticias.com\/index.php\/wp-json\/wp\/v2\/posts\/3081","targetHints":{"allow":["GET"]}}],"collection":[{"href":"https:\/\/www.regioncuatronoticias.com\/index.php\/wp-json\/wp\/v2\/posts"}],"about":[{"href":"https:\/\/www.regioncuatronoticias.com\/index.php\/wp-json\/wp\/v2\/types\/post"}],"author":[{"embeddable":true,"href":"https:\/\/www.regioncuatronoticias.com\/index.php\/wp-json\/wp\/v2\/users\/1"}],"replies":[{"embeddable":true,"href":"https:\/\/www.regioncuatronoticias.com\/index.php\/wp-json\/wp\/v2\/comments?post=3081"}],"version-history":[{"count":1,"href":"https:\/\/www.regioncuatronoticias.com\/index.php\/wp-json\/wp\/v2\/posts\/3081\/revisions"}],"predecessor-version":[{"id":3083,"href":"https:\/\/www.regioncuatronoticias.com\/index.php\/wp-json\/wp\/v2\/posts\/3081\/revisions\/3083"}],"wp:featuredmedia":[{"embeddable":true,"href":"https:\/\/www.regioncuatronoticias.com\/index.php\/wp-json\/wp\/v2\/media\/3082"}],"wp:attachment":[{"href":"https:\/\/www.regioncuatronoticias.com\/index.php\/wp-json\/wp\/v2\/media?parent=3081"}],"wp:term":[{"taxonomy":"category","embeddable":true,"href":"https:\/\/www.regioncuatronoticias.com\/index.php\/wp-json\/wp\/v2\/categories?post=3081"},{"taxonomy":"post_tag","embeddable":true,"href":"https:\/\/www.regioncuatronoticias.com\/index.php\/wp-json\/wp\/v2\/tags?post=3081"}],"curies":[{"name":"wp","href":"https:\/\/api.w.org\/{rel}","templated":true}]}}