{"id":3056,"date":"2023-11-25T18:15:11","date_gmt":"2023-11-26T01:15:11","guid":{"rendered":"https:\/\/www.regioncuatronoticias.com\/?p=3056"},"modified":"2023-11-25T18:15:14","modified_gmt":"2023-11-26T01:15:14","slug":"vamos-a-continuar-con-la-4t-no-habra-regresiones-sheinbaum","status":"publish","type":"post","link":"https:\/\/www.regioncuatronoticias.com\/index.php\/2023\/11\/25\/vamos-a-continuar-con-la-4t-no-habra-regresiones-sheinbaum\/","title":{"rendered":"Vamos a continuar con la 4T; no habr\u00e1 regresiones: Sheinbaum"},"content":{"rendered":"\n<p>\u00a0\u201cSomos los \u00fanicos que tenemos procesos democr\u00e1ticos en el interior de nuestro movimiento y eso nos hace invencibles&#8221;. Foto cortes\u00eda<\/p>\n\n\n\n<p>Tomado de La Jornada<\/p>\n\n\n\n<p>Elio Henr\u00edquez, corresponsal<\/p>\n\n\n\n<p>23 de noviembre de 2023 21:31<\/p>\n\n\n\n<p>Al iniciar en Palenque una gira de dos d\u00edas por Chiapas, Claudia Sheinbaum, precandidata \u00fanica a la Presidencia por Morena, PT y PVEM, se comprometi\u00f3 a construir \u201cla mayor alianza que se haya construido\u201d con los pueblos de esta entidad.<\/p>\n\n\n\n<p>\u201cLo que vengo a plantearles es que vamos a continuar con la cuarta transformaci\u00f3n, no habr\u00e1 regresiones, al contrario habr\u00e1 m\u00e1s apoyos a nuestros pueblos y al sureste de M\u00e9xico. Vamos a ser equipo con Eduardo Ram\u00edrez (virtual candidato a la gubernatura) y vamos a seguir invirtiendo en este maravilloso estado de Chiapas, con consulta con sus pueblos, no haremos nada que est\u00e9 en contra de los habitantes\u201d, agreg\u00f3.<\/p>\n\n\n\n<p>Ante miles de simpatizantes que acudieron al acto realizado en Palenque, \u201cdonde va a vivir nuestro presidente\u201d Andr\u00e9s Manuel L\u00f3pez Obrador, dijo que \u201ces importante c\u00f3mo hemos construido la unidad en nuestro movimiento; somos el \u00fanico en el que estamos varios partidos (Morena, PVEM y PT), pero lo m\u00e1s importante es que somos el \u00fanico partido que reivindica la unidad con el pueblo de M\u00e9xico\u201d.<\/p>\n\n\n\n<p>Remarc\u00f3: \u201cNo se puede hablar de unidad en las c\u00fapulas, la unidad se establece desde abajo, con la gente, con el pueblo, con los pueblos originarios, con quienes menos tienen. Esta es la verdadera unidad para la transformaci\u00f3n\u201d.<\/p>\n\n\n\n<p>En alusi\u00f3n a la colaci\u00f3n formada por el PRI y el PAN, cuya precandidata es X\u00f3chitl G\u00e1lvez, manifest\u00f3 que \u201cse llaman Frente, pero en realidad es el PRI y el PAN juntos, el PRIAN.<\/p>\n\n\n\n<p>Ah\u00ed no hay unidad m\u00e1s que con los intereses de unos cuantos; la unidad basada en la corrupci\u00f3n, mientras que la nuestra, adem\u00e1s de estar sustentada en una unidad desde abajo, con el pueblo, se construye a partir de un m\u00e9todo para elegir a nuestros coordinadores nacionales y estatales que son las encuestas\u201d.<\/p>\n\n\n\n<p>Continu\u00f3: \u201cSomos los \u00fanicos que tenemos procesos democr\u00e1ticos en el interior de nuestro movimiento y eso nos hace invencibles. Invencibles. No ha habido ninguna ruptura ni las habr\u00e1 en nuestro movimiento porque todos sabemos que lo m\u00e1s importante es el proyecto de transformaci\u00f3n y eso nos hace \u00fanicos no s\u00f3lo en M\u00e9xico, sino en muchos pa\u00edses del mundo\u201d.<\/p>\n\n\n\n<p>Acompa\u00f1ada por Ram\u00edrez Aguilar; por el dirigente nacional de Morena, Mario Delgado y por el coordinador de vocer\u00edas y v\u00ednculo con organizaciones sociales y civiles, Gerardo Fern\u00e1ndez Noro\u00f1a, entre otros, expres\u00f3 que \u201clo que los gobiernos del pasado presum\u00edan al mundo era la mano de obra en vez de decir que M\u00e9xico es grandioso por sus pueblos originarios, por los mayas que crearon las maravilla que tenemos en el sur; en vez de reconocer la grandeza cultural, nuestros recursos naturales y su historia\u201d.<\/p>\n\n\n\n<p>Entre gritos de \u201cpresidenta\u201d, se\u00f1al\u00f3 que L\u00f3pez Obrador \u201cconstruy\u00f3 el tren maya, el m\u00e1s grande del mundo, que traer\u00e1 bienestar y desarrollo, reconociendo a los pueblos originarios y ahora s\u00ed reconociendo la grandeza de M\u00e9xico por nuestra historia y lo que significan los pueblos originarios\u201d.<\/p>\n","protected":false},"excerpt":{"rendered":"<p>\u00a0\u201cSomos los \u00fanicos que tenemos procesos democr\u00e1ticos en el interior de nuestro movimiento y eso nos hace invencibles&#8221;. Foto cortes\u00eda Tomado de La Jornada Elio Henr\u00edquez, corresponsal 23 de noviembre de 2023 21:31 Al iniciar en Palenque una gira de dos d\u00edas por Chiapas, Claudia Sheinbaum, precandidata \u00fanica a la Presidencia por Morena, PT y [&hellip;]<\/p>\n","protected":false},"author":1,"featured_media":3057,"comment_status":"open","ping_status":"open","sticky":false,"template":"","format":"standard","meta":{"content-type":"","footnotes":""},"categories":[3,115,105],"tags":[],"class_list":{"0":"post-3056","1":"post","2":"type-post","3":"status-publish","4":"format-standard","5":"has-post-thumbnail","7":"category-mexico","8":"category-politica","9":"category-principal"},"_links":{"self":[{"href":"https:\/\/www.regioncuatronoticias.com\/index.php\/wp-json\/wp\/v2\/posts\/3056","targetHints":{"allow":["GET"]}}],"collection":[{"href":"https:\/\/www.regioncuatronoticias.com\/index.php\/wp-json\/wp\/v2\/posts"}],"about":[{"href":"https:\/\/www.regioncuatronoticias.com\/index.php\/wp-json\/wp\/v2\/types\/post"}],"author":[{"embeddable":true,"href":"https:\/\/www.regioncuatronoticias.com\/index.php\/wp-json\/wp\/v2\/users\/1"}],"replies":[{"embeddable":true,"href":"https:\/\/www.regioncuatronoticias.com\/index.php\/wp-json\/wp\/v2\/comments?post=3056"}],"version-history":[{"count":1,"href":"https:\/\/www.regioncuatronoticias.com\/index.php\/wp-json\/wp\/v2\/posts\/3056\/revisions"}],"predecessor-version":[{"id":3058,"href":"https:\/\/www.regioncuatronoticias.com\/index.php\/wp-json\/wp\/v2\/posts\/3056\/revisions\/3058"}],"wp:featuredmedia":[{"embeddable":true,"href":"https:\/\/www.regioncuatronoticias.com\/index.php\/wp-json\/wp\/v2\/media\/3057"}],"wp:attachment":[{"href":"https:\/\/www.regioncuatronoticias.com\/index.php\/wp-json\/wp\/v2\/media?parent=3056"}],"wp:term":[{"taxonomy":"category","embeddable":true,"href":"https:\/\/www.regioncuatronoticias.com\/index.php\/wp-json\/wp\/v2\/categories?post=3056"},{"taxonomy":"post_tag","embeddable":true,"href":"https:\/\/www.regioncuatronoticias.com\/index.php\/wp-json\/wp\/v2\/tags?post=3056"}],"curies":[{"name":"wp","href":"https:\/\/api.w.org\/{rel}","templated":true}]}}