{"id":3047,"date":"2023-11-24T07:21:17","date_gmt":"2023-11-24T14:21:17","guid":{"rendered":"https:\/\/www.regioncuatronoticias.com\/?p=3047"},"modified":"2023-11-24T07:21:19","modified_gmt":"2023-11-24T14:21:19","slug":"acuerdan-sec-sonora-e-isssteson-establecer-acciones-educativas-en-beneficio-de-estudiantes-hospitalizados","status":"publish","type":"post","link":"https:\/\/www.regioncuatronoticias.com\/index.php\/2023\/11\/24\/acuerdan-sec-sonora-e-isssteson-establecer-acciones-educativas-en-beneficio-de-estudiantes-hospitalizados\/","title":{"rendered":"Acuerdan SEC Sonora e Isssteson establecer acciones educativas en beneficio de estudiantes hospitalizados"},"content":{"rendered":"\n<p>Hermosillo, Sonora; 23 de noviembre de 2023.- Tomando como punto de partida que la educaci\u00f3n y la salud son servicios p\u00fablicos a los que deben tener acceso todas las ni\u00f1as, ni\u00f1os y adolescentes como derecho fundamental, el Gobierno de Sonora brindar\u00e1 atenci\u00f3n educativa y cultural a estudiantes internados en el Centro M\u00e9dico &#8220;Dr. Ignacio Ch\u00e1vez&#8221;.<\/p>\n\n\n\n<p>Aar\u00f3n Grageda Bustamante, secretario de Educaci\u00f3n y Cultura, y Froyl\u00e1n G\u00e1mez Gamboa, director general del Instituto de Seguridad y Servicios Sociales de los Trabajadores del Estado de Sonora (Isssteson) firmaron el convenio de colaboraci\u00f3n para beneficiar al alumnado que se ve ocasionalmente impedido de continuar con sus estudios de educaci\u00f3n b\u00e1sica de forma temporal.<\/p>\n\n\n\n<p>El titular de la SEC resalt\u00f3 que dicho convenio, nombrado \u201cSigamos aprendiendo en el hospital\u201d, va acorde a los principios de la Nueva Escuela Mexicana (NEM) que impulsa trayectorias educativas completas, continuas y de excelencia, adem\u00e1s de responder a la transversalidad que promueve el gobernador Alfonso Durazo Monta\u00f1o.<\/p>\n\n\n\n<p>Reconoci\u00f3 que se trata de un reto significativo, por tratarse de un entorno que no est\u00e1 dise\u00f1ado para los procesos de aprendizaje, pero asegur\u00f3 que ambas instituciones cuentan con el compromiso y profesionalismo para atender de forma permanente a las infancias.<\/p>\n\n\n\n<p>Por su parte, Froyl\u00e1n G\u00e1mez Gamboa agradeci\u00f3 la vinculaci\u00f3n con la SEC para concretar el proyecto, que en un inicio beneficiar\u00e1 a 15 ni\u00f1as, ni\u00f1os y adolescentes, adem\u00e1s de garantizar el apoyo del personal de Isssteson para que las condiciones de infraestructura y el material a utilizar sean los adecuados.<\/p>\n\n\n\n<p>A\u00f1adi\u00f3 que la atenci\u00f3n educativa de los menores hospitalizados responde a una inquietud externada por los padres y madres de familia ante la interrupci\u00f3n de sus estudios derivado de estancias prolongadas por cuestiones de salud.<\/p>\n\n\n\n<p>Puntualiz\u00f3 que este convenio tendr\u00e1 un impacto positivo en la recuperaci\u00f3n de ni\u00f1as, ni\u00f1as y adolescentes, quienes conservan sus facultades cognitivas en condici\u00f3n de atender el aprendizaje, sin que ello les signifique cargas que compliquen su condici\u00f3n y por lo contrario, favorecen su buen \u00e1nimo y condici\u00f3n psicoemocional.<\/p>\n","protected":false},"excerpt":{"rendered":"<p>Hermosillo, Sonora; 23 de noviembre de 2023.- Tomando como punto de partida que la educaci\u00f3n y la salud son servicios p\u00fablicos a los que deben tener acceso todas las ni\u00f1as, ni\u00f1os y adolescentes como derecho fundamental, el Gobierno de Sonora brindar\u00e1 atenci\u00f3n educativa y cultural a estudiantes internados en el Centro M\u00e9dico &#8220;Dr. Ignacio Ch\u00e1vez&#8221;. [&hellip;]<\/p>\n","protected":false},"author":1,"featured_media":3048,"comment_status":"open","ping_status":"open","sticky":false,"template":"","format":"standard","meta":{"content-type":"","footnotes":""},"categories":[117,105,9],"tags":[],"class_list":{"0":"post-3047","1":"post","2":"type-post","3":"status-publish","4":"format-standard","5":"has-post-thumbnail","7":"category-general","8":"category-principal","9":"category-sonora"},"_links":{"self":[{"href":"https:\/\/www.regioncuatronoticias.com\/index.php\/wp-json\/wp\/v2\/posts\/3047","targetHints":{"allow":["GET"]}}],"collection":[{"href":"https:\/\/www.regioncuatronoticias.com\/index.php\/wp-json\/wp\/v2\/posts"}],"about":[{"href":"https:\/\/www.regioncuatronoticias.com\/index.php\/wp-json\/wp\/v2\/types\/post"}],"author":[{"embeddable":true,"href":"https:\/\/www.regioncuatronoticias.com\/index.php\/wp-json\/wp\/v2\/users\/1"}],"replies":[{"embeddable":true,"href":"https:\/\/www.regioncuatronoticias.com\/index.php\/wp-json\/wp\/v2\/comments?post=3047"}],"version-history":[{"count":1,"href":"https:\/\/www.regioncuatronoticias.com\/index.php\/wp-json\/wp\/v2\/posts\/3047\/revisions"}],"predecessor-version":[{"id":3049,"href":"https:\/\/www.regioncuatronoticias.com\/index.php\/wp-json\/wp\/v2\/posts\/3047\/revisions\/3049"}],"wp:featuredmedia":[{"embeddable":true,"href":"https:\/\/www.regioncuatronoticias.com\/index.php\/wp-json\/wp\/v2\/media\/3048"}],"wp:attachment":[{"href":"https:\/\/www.regioncuatronoticias.com\/index.php\/wp-json\/wp\/v2\/media?parent=3047"}],"wp:term":[{"taxonomy":"category","embeddable":true,"href":"https:\/\/www.regioncuatronoticias.com\/index.php\/wp-json\/wp\/v2\/categories?post=3047"},{"taxonomy":"post_tag","embeddable":true,"href":"https:\/\/www.regioncuatronoticias.com\/index.php\/wp-json\/wp\/v2\/tags?post=3047"}],"curies":[{"name":"wp","href":"https:\/\/api.w.org\/{rel}","templated":true}]}}