{"id":30106,"date":"2025-06-30T20:22:11","date_gmt":"2025-07-01T03:22:11","guid":{"rendered":"https:\/\/www.regioncuatronoticias.com\/?p=30106"},"modified":"2025-06-30T20:22:18","modified_gmt":"2025-07-01T03:22:18","slug":"ctm-hermosillo-pide-reconsiderar-programa-de-vivienda","status":"publish","type":"post","link":"https:\/\/www.regioncuatronoticias.com\/index.php\/2025\/06\/30\/ctm-hermosillo-pide-reconsiderar-programa-de-vivienda\/","title":{"rendered":"CTM-Hermosillo pide reconsiderar programa de vivienda"},"content":{"rendered":"\n<p><strong>Columna El Zancudo<\/strong><\/p>\n\n\n\n<p><strong>Arturo Soto Mungu\u00eda<\/strong><\/p>\n\n\n\n<p><strong>CTM-Hermosillo pide reconsiderar programa de vivienda<\/strong><\/p>\n\n\n\n<p><strong>Lunes 30 de junio de 2025<\/strong><\/p>\n\n\n\n<p>Les sugiero no perder de vista una reacci\u00f3n que ha surgido en Sonora para &nbsp;cuestionar el Programa de Vivienda y Regularizaci\u00f3n con el que el gobierno federal proyecta construir un mill\u00f3n de casas para trabajadores, 165 mil en este a\u00f1o, de las cuales m\u00e1s de 30 mil estar\u00e1n edificadas en Sonora.<\/p>\n\n\n\n<p>Pero resulta que en Hermosillo la CTM acaba de firmar una solicitud para reconsiderar criterios de construcci\u00f3n en este programa, pues los m\u00f3dulos verticales que contempla son de cuatro viviendas en dos niveles; departamentos de 60 metros cuadrados de construcci\u00f3n, con una sola escalera com\u00fan y dos cajones de estacionamiento.<\/p>\n\n\n\n<p>&nbsp;Ya se imaginar\u00e1 el hacinado lector, la cumbiambiera lectora lo que significar\u00e1 compartir paredes con otras tres familias, sobre todo los fines de semana cuando cada una saque a competir los decibeles de sus bocinas de Elektra y Coppel, o las broncas para estacionar los carros, si se considera que en Hermosillo y gracias al p\u00e9simo servicio de transporte urbano, combinado con la facilidad para adquirir un veh\u00edculo automotor de procedencia extranjera, no es raro encontrar familias de clase media a baja con al menos dos veh\u00edculos, no importa que sean \u2018Pafas\u2019.<\/p>\n\n\n\n<p>&nbsp;Agregar\u00edase que, seg\u00fan la Encuesta Nacional de Seguridad P\u00fablica Urbana (Inegi), el a\u00f1o pasado el porcentaje de conflictos vecinales aument\u00f3 de 38 a 52 por ciento y los problemas m\u00e1s comunes denunciados fueron: molestias por ruido, basura tirada o quemada y el uso de estacionamiento, adem\u00e1s de chismes y malos entendidos (qu\u00e9 nervios).<\/p>\n\n\n\n<p>De esto hablamos el pasado viernes con el dirigente municipal de la CTM en Hermosillo, \u00d3scar Ortiz Arvayo durante la emisi\u00f3n del programa Lenguas Vespertinas que se transmite por el 104.7 FM de Radio Sol, donde explic\u00f3 que ya enviaron un oficio a las autoridades federales encargadas del referido programa de vivienda, solicitando que adem\u00e1s de los m\u00f3dulos compartidos, se incluya la construcci\u00f3n de viviendas individuales en un solo piso.<\/p>\n\n\n\n<p>&nbsp;No est\u00e1n, aclar\u00f3, en contra del programa, porque en el sector obrero hay miles de familias j\u00f3venes, sin hijos o con uno o dos de ellos, que sin problemas podr\u00edan ocupar las viviendas modulares, pero hay otras que reclaman espacios con mayor equipamiento urbano para garantizar condiciones m\u00ednimas de vivienda digna.<\/p>\n\n\n\n<p>&nbsp;Ojo con esto, porque es un tema que puede escalar en los pr\u00f3ximos meses, y al que deber\u00eda estar atento el gobierno federal.<\/p>\n\n\n\n<p><strong>II<\/strong><\/p>\n\n\n\n<p>\u00bfSaben lo que ser\u00eda verdaderamente interesante en el tema de la Comisi\u00f3n Sonora-Arizona, m\u00e1s all\u00e1 de la grilla y las teor\u00edas conspiranoicas? El seguimiento a los acuerdos en materia de educaci\u00f3n, energ\u00eda, infraestructura y transporte bienes-ra\u00edces, turismo, agronegocios, desarrollo econ\u00f3mico, gesti\u00f3n de emergencias, salud, agua y medio ambiente\u2026<\/p>\n\n\n\n<p>&nbsp;Y es que la cumbre binacional que se llev\u00f3 a cabo el fin de semana pasado tiene una historia de 66 a\u00f1os de intercambio en todos esos temas y aparece como un campo neutral en el contexto de una relaci\u00f3n que no pasa por su mejor momento derivado del endurecimiento de las pol\u00edticas del gobierno federal norteamericano respecto a nuestro pa\u00eds.<\/p>\n\n\n\n<p>&nbsp;Esta edici\u00f3n de la cumbre internacional pretendi\u00f3 ser manchada con una \u2018nota volada\u2019 en la que se quiso poner en duda la asistencia del gobernador de Sonora, Alfonso Durazo Monta\u00f1o a quien un medio digital mexicano hizo aparecer -a partir de un dudoso \u2018pantallazo\u2019 de una agencia norteamericana- como \u2018sospechoso de terrorismo\u2019, teor\u00eda conspiranoica que se derrumb\u00f3 como castillo de naipes al aparecer el mandatario en ese encuentro, conviviendo alegremente con su hom\u00f3loga de Arizona, Katie Hobbs, el ex embajador de EEUU en M\u00e9xico, Ken Salazar y lo m\u00e1s granado de la clase empresarial, pol\u00edtica y gubernamental del vecino estado.<\/p>\n\n\n\n<p>&nbsp;Y bueno, la bomba de humo dur\u00f3 algunas horas pero se disip\u00f3 con el desarrollo absolutamente normal del encuentro y quienes mordieron el anzuelo de la fake news se tuvieron que guardar para pr\u00f3ximas \u2018voladas\u2019 los deseos de un nuevo esc\u00e1ndalo internacional (como si hicieran falta despu\u00e9s de la intervenci\u00f3n del gobierno mexicano a dos bancos y una casa de bolsa nacionales, a instancias del Departamento del Tesoro norteamericano que los se\u00f1al\u00f3 como lavadores de dinero del crimen organizado).<\/p>\n\n\n\n<p>Lo cierto es que esta edici\u00f3n de la Comisi\u00f3n Sonora-Arizona se llev\u00f3 a cabo en un ambiente de normalidad, como es desde hace m\u00e1s de 60 a\u00f1os y los mandatarios de ambas entidades coincidieron en mantener la relaci\u00f3n de cordialidad que es crucial para aprovechar las potencialidades de la llamada Megarregi\u00f3n en industrial estrat\u00e9gicas como el desarrollo de semiconductores y la electromovilidad, que por cierto han tenido un relanzamiento a partir del Plan Sonora de Energ\u00edas Sostenibles.<\/p>\n\n\n\n<p>&nbsp;All\u00e1 en Phoenix se vio a varios funcionarios y legisladores sonorenses acompa\u00f1ando al gobernador y participando en las mesas de trabajo, ocupando un lugar preponderante la Jefa de la Oficina del Ejecutivo, Paulina Oca\u00f1a, siempre muy cerca del mandatario.<\/p>\n\n\n\n<p>&nbsp;Notable, la entrega del reconocimiento Tony Cert\u00f3simo Award a Ken Salazar. Notable, digo, porque el ex embajador de EEUU en M\u00e9xico fue un hombre muy cercano al expresidente Andr\u00e9s Manuel L\u00f3pez Obrador (pr\u00e1cticamente ten\u00eda derecho de picaporte en Palacio Nacional) hasta que el diplom\u00e1tico norteamericano enderez\u00f3 cr\u00edticas hacia la elecci\u00f3n judicial, ya en el \u00faltimo a\u00f1o del tabasque\u00f1o en el poder, lo que enfri\u00f3 la relaci\u00f3n.<\/p>\n\n\n\n<p>&nbsp;El hecho cierto es que la Comisi\u00f3n Sonora-Arizona fue todo un \u00e9xito pese a los intentos por bombardearla (vaya, hubo hasta otra nota en la que se se\u00f1alaba a la gobernadora de Arizona como receptora de sobornos provenientes de El Mayo Zambada); notas de dudosa veracidad; pero, que si se montan en el conflictivo contexto de la relaci\u00f3n M\u00e9xico-EEUU generan muchos \u2018likes\u2019 y alimentan la narrativa de la cat\u00e1strofe que ha tenido muchas variables desde aquella campa\u00f1a de \u2018El peligro para M\u00e9xico\u2019.<\/p>\n\n\n\n<p>&nbsp;De hecho, el mismo medio que public\u00f3 el \u2018pantallazo\u2019 con el que pretendi\u00f3 involucrar a Durazo en acciones de terrorismo, sali\u00f3 ahora con que el gobernador sonorense pudo asistir a este encuentro binacional gracias a sus labores como informante sobre temas de crimen organizado para una agencia norteamericana.<\/p>\n\n\n\n<p>Es claro que el fuego graneado no va a cesar contra el mandatario; pero, tambi\u00e9n es claro que eso tiene todas las huellas dactilares de personajes de la pol\u00edtica mexicana, a quienes Durazo parece incomodar por su eventual promoci\u00f3n hacia el gabinete de Claudia Sheinbaum, algo que lo colocar\u00eda en la pista de la sucesi\u00f3n presidencial 2030, que parece lejana, pero el tiempo vuela y los acontecimientos pueden tomar derroteros inesperados.<\/p>\n\n\n\n<p>&nbsp;Ya veremos, como le dijo Andrea Bocceli a Stevie Wonder\u2026<\/p>\n\n\n\n<p><strong>&nbsp;III<\/strong><\/p>\n\n\n\n<p>En este espacio hemos consignado la escalada violenta que se vive en Cajeme, donde de nuevo est\u00e1n a punto de promediar dos asesinatos por d\u00eda; en San Luis R\u00edo Colorado o en Caborca, donde el alcalde Abraham \u201cEl Cubano\u201d Mier da una nueva sorpresa al proponer \u2018regularizar\u2019 los \u2018aguajes\u2019 de cheve\u2026<\/p>\n\n\n\n<p>&nbsp;Pues, en Hermosillo \u2018no cantan mal las rancheras\u2019. Ayer encontraron una hielera con una cabeza humana, y sucedi\u00f3 en Soriana Progreso, aqu\u00ed muy cerca de mi casa que es la suya (esto es un clich\u00e9 de pura cortes\u00eda, claro).<\/p>\n\n\n\n<p>&nbsp;No hay que ser especialista en crimen organizado para saber que las bandas que se disputan la plaza en la capital de Sonora han entrado en una espiral de violencia que puede salirse de control, lo que ser\u00eda m\u00e1s que lamentable, peligroso para una ciudad en la que hasta ahora el tema ha estado m\u00e1s o menos controlado.<\/p>\n\n\n\n<p>&nbsp;Aguas.<\/p>\n\n\n\n<p><strong>Tambi\u00e9n me puedes seguir en X: @Chaposoto<\/strong><\/p>\n\n\n\n<p><strong>Visita www.elzancudo.com.mx<\/strong><\/p>\n","protected":false},"excerpt":{"rendered":"<p>Columna El Zancudo Arturo Soto Mungu\u00eda CTM-Hermosillo pide reconsiderar programa de vivienda Lunes 30 de junio de 2025 Les sugiero no perder de vista una reacci\u00f3n que ha surgido en Sonora para &nbsp;cuestionar el Programa de Vivienda y Regularizaci\u00f3n con el que el gobierno federal proyecta construir un mill\u00f3n de casas para trabajadores, 165 mil [&hellip;]<\/p>\n","protected":false},"author":1,"featured_media":30107,"comment_status":"open","ping_status":"open","sticky":false,"template":"","format":"standard","meta":{"content-type":"","footnotes":""},"categories":[125],"tags":[],"class_list":{"0":"post-30106","1":"post","2":"type-post","3":"status-publish","4":"format-standard","5":"has-post-thumbnail","7":"category-arturo-soto-munguia"},"_links":{"self":[{"href":"https:\/\/www.regioncuatronoticias.com\/index.php\/wp-json\/wp\/v2\/posts\/30106","targetHints":{"allow":["GET"]}}],"collection":[{"href":"https:\/\/www.regioncuatronoticias.com\/index.php\/wp-json\/wp\/v2\/posts"}],"about":[{"href":"https:\/\/www.regioncuatronoticias.com\/index.php\/wp-json\/wp\/v2\/types\/post"}],"author":[{"embeddable":true,"href":"https:\/\/www.regioncuatronoticias.com\/index.php\/wp-json\/wp\/v2\/users\/1"}],"replies":[{"embeddable":true,"href":"https:\/\/www.regioncuatronoticias.com\/index.php\/wp-json\/wp\/v2\/comments?post=30106"}],"version-history":[{"count":1,"href":"https:\/\/www.regioncuatronoticias.com\/index.php\/wp-json\/wp\/v2\/posts\/30106\/revisions"}],"predecessor-version":[{"id":30108,"href":"https:\/\/www.regioncuatronoticias.com\/index.php\/wp-json\/wp\/v2\/posts\/30106\/revisions\/30108"}],"wp:featuredmedia":[{"embeddable":true,"href":"https:\/\/www.regioncuatronoticias.com\/index.php\/wp-json\/wp\/v2\/media\/30107"}],"wp:attachment":[{"href":"https:\/\/www.regioncuatronoticias.com\/index.php\/wp-json\/wp\/v2\/media?parent=30106"}],"wp:term":[{"taxonomy":"category","embeddable":true,"href":"https:\/\/www.regioncuatronoticias.com\/index.php\/wp-json\/wp\/v2\/categories?post=30106"},{"taxonomy":"post_tag","embeddable":true,"href":"https:\/\/www.regioncuatronoticias.com\/index.php\/wp-json\/wp\/v2\/tags?post=30106"}],"curies":[{"name":"wp","href":"https:\/\/api.w.org\/{rel}","templated":true}]}}