{"id":29686,"date":"2025-06-19T22:54:46","date_gmt":"2025-06-20T05:54:46","guid":{"rendered":"https:\/\/www.regioncuatronoticias.com\/?p=29686"},"modified":"2025-06-19T22:54:48","modified_gmt":"2025-06-20T05:54:48","slug":"con-h-de-humanidad-hermosillo-cambia-para-incluir","status":"publish","type":"post","link":"https:\/\/www.regioncuatronoticias.com\/index.php\/2025\/06\/19\/con-h-de-humanidad-hermosillo-cambia-para-incluir\/","title":{"rendered":"Con H de humanidad: Hermosillo cambia para incluir"},"content":{"rendered":"\n<p><strong>Columna Olor A Dinero<\/strong><\/p>\n\n\n\n<p><strong>Feliciano J. Espriella<\/strong><\/p>\n\n\n\n<p><strong>Con H de humanidad: Hermosillo cambia para incluir<\/strong><\/p>\n\n\n\n<p><strong>Viernes 20 de junio de 2025<\/strong><\/p>\n\n\n\n<p>No todas las transformaciones se notan en los grandes anuncios ni en las cifras espectaculares. Algunas ocurren en silencio, en los pasillos de una oficina p\u00fablica que por fin abre sus puertas a todos por igual; en una banqueta sin obst\u00e1culos; en la voz de quien por a\u00f1os fue ignorado. Son esas transformaciones \u2014las que nacen desde la empat\u00eda y el sentido de justicia\u2014 las que definen el verdadero car\u00e1cter de un gobierno.<\/p>\n\n\n\n<p>En M\u00e9xico, las personas con discapacidad han sido relegadas a los m\u00e1rgenes de la vida urbana, v\u00edctimas de un dise\u00f1o institucional que las excluye por omisi\u00f3n. La falta de accesibilidad, la ausencia de pol\u00edticas p\u00fablicas efectivas y la indiferencia social han hecho de la discapacidad una doble condena: la f\u00edsica y la estructural.<\/p>\n\n\n\n<p>Por eso es necesario y muy merecido destacar lo que est\u00e1 ocurriendo en Hermosillo, donde el alcalde Antonio \u201cTo\u00f1o\u201d Astiazar\u00e1n ha decidido asumir con seriedad y convicci\u00f3n el desaf\u00edo de construir una ciudad m\u00e1s justa, m\u00e1s humana. Esta semana present\u00f3 el Plan H Suma, una iniciativa integral que busca no solo cumplir con la ley, sino hacer realidad el derecho a la inclusi\u00f3n de miles de personas que durante a\u00f1os han vivido en condiciones de invisibilidad.<\/p>\n\n\n\n<p>Astiazar\u00e1n ha dicho que esta nueva transformaci\u00f3n es \u201cla m\u00e1s especial de todas\u201d, porque no solo busca que la \u201cH\u201d de Hermosillo suene fuerte, sino que vibre con sensibilidad. Y vaya que hace falta sensibilidad cuando hablamos de un sector de la poblaci\u00f3n que enfrenta barreras para lo m\u00e1s b\u00e1sico: moverse por una banqueta, entrar a una oficina de gobierno, acceder a un empleo o simplemente ser escuchado.<\/p>\n\n\n\n<p>El Plan H Suma incluye acciones concretas: modificaci\u00f3n de reglamentos internos en todas las dependencias municipales, designaci\u00f3n de enlaces institucionales encargados de los temas de accesibilidad e inclusi\u00f3n \u2014quienes adem\u00e1s ser\u00e1n personas con discapacidad o cuidadores\u2014, as\u00ed como la incorporaci\u00f3n de una partida presupuestal espec\u00edfica para 2026 que permita realizar adecuaciones e inversiones en infraestructura.<\/p>\n\n\n\n<p>Con estas medidas, el gobierno de Hermosillo tambi\u00e9n busca cumplir con el m\u00ednimo del 3% de personas con discapacidad en su n\u00f3mina, como lo marca la &nbsp;legislaci\u00f3n estatal. El Plan ser\u00e1 coordinado por COMUDIS, en colaboraci\u00f3n directa con cada una de las dependencias del Ayuntamiento. Lo que se plantea es un modelo que no dependa de voluntades personales, sino de estructuras que garanticen su continuidad.<\/p>\n\n\n\n<p>La presentaci\u00f3n del Plan estuvo acompa\u00f1ada de historias que humanizan a\u00fan m\u00e1s esta transformaci\u00f3n. Se habl\u00f3, por ejemplo, del caso de Julissa, madre de una ni\u00f1a con discapacidad auditiva, quien encontr\u00f3 en los programas del municipio no solo acompa\u00f1amiento emocional, sino un espacio para descubrir su voz. Particip\u00f3 en talleres, concursos de fotograf\u00eda y, eventualmente, se anim\u00f3 a lanzar su propio emprendimiento: la venta de chorizo casero con la que sostiene a su hija. Historias como la de Julissa revelan el potencial transformador de un gobierno que no se limita a administrar recursos, sino que escucha, acompa\u00f1a y empodera.<\/p>\n\n\n\n<p>En el mismo evento, se ofreci\u00f3 la conferencia \u201cSi te caes, me invitas: el lado positivo de la adversidad\u201d, a cargo del coach de resiliencia David Montalvo. M\u00e1s all\u00e1 del tono motivacional, la charla dej\u00f3 reflexiones importantes: caerse es inevitable, levantarse es opcional, y nadie est\u00e1 verdaderamente preparado, pero todos podemos estarlo si tenemos redes de apoyo y entornos m\u00e1s justos.<\/p>\n\n\n\n<p>El mensaje de fondo es claro: las barreras no se caen solas, hay que derribarlas con acciones colectivas. Astiazar\u00e1n lo dijo con claridad: este esfuerzo requiere del compromiso no solo del gobierno, sino tambi\u00e9n de la sociedad. Porque hablar de inclusi\u00f3n no es un favor ni un gesto de buena voluntad; es un derecho constitucional, y m\u00e1s a\u00fan, una obligaci\u00f3n \u00e9tica.<\/p>\n\n\n\n<p>En tiempos donde la pol\u00edtica suele reducirse a la estridencia o al c\u00e1lculo electoral, es refrescante \u2014y esperanzador\u2014 ver a un alcalde apostarle a una transformaci\u00f3n que no da votos inmediatos, pero s\u00ed cambia vidas. A eso se le llama visi\u00f3n de futuro. Y en una ciudad como Hermosillo, que aspira a ser moderna, abierta y solidaria, ese futuro empieza derribando los muros invisibles que a\u00fan nos separan.<\/p>\n\n\n\n<p>Por hoy fue todo, gracias por su tolerancia y hasta la pr\u00f3xima<\/p>\n\n\n\n<p><strong>Twitter: @fjespriella<\/strong><\/p>\n\n\n\n<p><strong>Correo: felicianoespriella@gmail.com&nbsp;<\/strong><\/p>\n","protected":false},"excerpt":{"rendered":"<p>Columna Olor A Dinero Feliciano J. Espriella Con H de humanidad: Hermosillo cambia para incluir Viernes 20 de junio de 2025 No todas las transformaciones se notan en los grandes anuncios ni en las cifras espectaculares. Algunas ocurren en silencio, en los pasillos de una oficina p\u00fablica que por fin abre sus puertas a todos [&hellip;]<\/p>\n","protected":false},"author":1,"featured_media":29687,"comment_status":"open","ping_status":"open","sticky":false,"template":"","format":"standard","meta":{"content-type":"","footnotes":""},"categories":[127],"tags":[],"class_list":{"0":"post-29686","1":"post","2":"type-post","3":"status-publish","4":"format-standard","5":"has-post-thumbnail","7":"category-olor-a-dinero"},"_links":{"self":[{"href":"https:\/\/www.regioncuatronoticias.com\/index.php\/wp-json\/wp\/v2\/posts\/29686","targetHints":{"allow":["GET"]}}],"collection":[{"href":"https:\/\/www.regioncuatronoticias.com\/index.php\/wp-json\/wp\/v2\/posts"}],"about":[{"href":"https:\/\/www.regioncuatronoticias.com\/index.php\/wp-json\/wp\/v2\/types\/post"}],"author":[{"embeddable":true,"href":"https:\/\/www.regioncuatronoticias.com\/index.php\/wp-json\/wp\/v2\/users\/1"}],"replies":[{"embeddable":true,"href":"https:\/\/www.regioncuatronoticias.com\/index.php\/wp-json\/wp\/v2\/comments?post=29686"}],"version-history":[{"count":1,"href":"https:\/\/www.regioncuatronoticias.com\/index.php\/wp-json\/wp\/v2\/posts\/29686\/revisions"}],"predecessor-version":[{"id":29688,"href":"https:\/\/www.regioncuatronoticias.com\/index.php\/wp-json\/wp\/v2\/posts\/29686\/revisions\/29688"}],"wp:featuredmedia":[{"embeddable":true,"href":"https:\/\/www.regioncuatronoticias.com\/index.php\/wp-json\/wp\/v2\/media\/29687"}],"wp:attachment":[{"href":"https:\/\/www.regioncuatronoticias.com\/index.php\/wp-json\/wp\/v2\/media?parent=29686"}],"wp:term":[{"taxonomy":"category","embeddable":true,"href":"https:\/\/www.regioncuatronoticias.com\/index.php\/wp-json\/wp\/v2\/categories?post=29686"},{"taxonomy":"post_tag","embeddable":true,"href":"https:\/\/www.regioncuatronoticias.com\/index.php\/wp-json\/wp\/v2\/tags?post=29686"}],"curies":[{"name":"wp","href":"https:\/\/api.w.org\/{rel}","templated":true}]}}