{"id":29683,"date":"2025-06-19T22:51:13","date_gmt":"2025-06-20T05:51:13","guid":{"rendered":"https:\/\/www.regioncuatronoticias.com\/?p=29683"},"modified":"2025-06-19T22:51:17","modified_gmt":"2025-06-20T05:51:17","slug":"unison-el-reto-de-reconstruir-una-universidad-a-la-deriva","status":"publish","type":"post","link":"https:\/\/www.regioncuatronoticias.com\/index.php\/2025\/06\/19\/unison-el-reto-de-reconstruir-una-universidad-a-la-deriva\/","title":{"rendered":"UNISON: El reto de reconstruir una universidad a la deriva"},"content":{"rendered":"\n<p><strong>Columna Olor A Dinero<\/strong><\/p>\n\n\n\n<p><strong>Feliciano J. Espriella<\/strong><\/p>\n\n\n\n<p><strong>UNISON: El reto de reconstruir una universidad a la deriva<\/strong><\/p>\n\n\n\n<p><strong>Jueves 19 de junio de 2025<\/strong><\/p>\n\n\n\n<p>No es exagerado decirlo: la Universidad de Sonora no pasa por sus mejores d\u00edas. Acad\u00e9micamente ha venido en picada, su reputaci\u00f3n est\u00e1 erosionada, y la desconexi\u00f3n entre lo que forma y lo que demanda el mercado laboral es cada vez m\u00e1s evidente. En el ranking Mextudia 2025, que eval\u00faa a 200 universidades e instituciones de educaci\u00f3n superior del pa\u00eds, la UNISON aparece en el lugar 159. Por debajo no solo de universidades nacionales de nuevo cu\u00f1o, sino tambi\u00e9n de tres instituciones sonorenses mucho m\u00e1s j\u00f3venes que la Alma M\u00e1ter del estado, que en octubre cumplir\u00e1 83 a\u00f1os.<\/p>\n\n\n\n<p>Ese es el tama\u00f1o del reto que recibe la doctora Dena Mar\u00eda Camarena G\u00f3mez, nueva rectora para el per\u00edodo 2025-2030. Y aunque muchos podr\u00edan ver esta circunstancia como una condena anticipada al fracaso, lo cierto es que su llegada tambi\u00e9n representa una oportunidad hist\u00f3rica: la de reorientar el rumbo de una universidad p\u00fablica que a\u00fan tiene recursos, talento y sentido de identidad, pero que urgentemente necesita liderazgo, profesionalismo y visi\u00f3n de largo plazo.<\/p>\n\n\n\n<p>La UNISON no solo est\u00e1 mal posicionada: muchos de sus egresados tardan m\u00e1s de un a\u00f1o en colocarse laboralmente, y cuando lo logran, es en empleos que poco o nada tienen que ver con su preparaci\u00f3n: mensajeros, recepcionistas, dependientes, auxiliares administrativos. J\u00f3venes con t\u00edtulo universitario y sue\u00f1os frustrados, v\u00edctimas de una formaci\u00f3n cada vez m\u00e1s desfasada y de una instituci\u00f3n que ha perdido competitividad y prestigio.<\/p>\n\n\n\n<p>Frente a este panorama, la primera buena noticia es que la doctora Camarena llega con un s\u00f3lido curr\u00edculum acad\u00e9mico, y \u2014lo m\u00e1s importante\u2014, parece haber entendido que sin un equipo capaz, confiable y cohesionado, no hay rectorado que sobreviva al desgaste ni instituci\u00f3n que se recupere.<\/p>\n\n\n\n<p>Por lo que he podido conocer, el equipo de colaboradores inmediatos de la nueva rectora est\u00e1 integrado por perfiles que, en su mayor\u00eda, tienen experiencia y conocimiento de la vida universitaria. Algunos repiten, otros son caras nuevas, pero todos enfrentan el mismo encargo: recuperar la credibilidad y funcionalidad de la universidad p\u00fablica m\u00e1s importante del estado.<\/p>\n\n\n\n<p>Me permito destacar el nombramiento de Jes\u00fas Moreno Durazo como director de Comunicaci\u00f3n. No solo lo conozco personalmente \u2014y me distingue con su amistad\u2014, sino que puedo dar fe de que es un profesional \u00edntegro, serio, responsable y conocedor de su campo. En una instituci\u00f3n donde las formas tambi\u00e9n cuentan, y donde la comunicaci\u00f3n interna y externa ha sido por a\u00f1os una de las asignaturas pendientes, contar con alguien que sabe lo que hace no es un lujo, es una necesidad.<\/p>\n\n\n\n<p>Tambi\u00e9n se ha nombrado a Benjam\u00edn Burgos Flores como secretario de Rector\u00eda, y a Guillermo Cuamea Cruz como secretario general administrativo, un viejo lobo de mar en los pasillos universitarios, con conocimiento de la estructura y buen manejo pol\u00edtico, particularmente en lo que toca a los siempre complicados sindicatos. En la secretar\u00eda general acad\u00e9mica, Enrique Bolado Mart\u00ednez, un perfil algo r\u00edgido, pero trabajador.<\/p>\n\n\n\n<p>Entre otros cargos relevantes est\u00e1n David Col\u00edn Guti\u00e9rrez, quien repite como director de Tecnolog\u00edas de la Informaci\u00f3n (una buena decisi\u00f3n), Claudia Ortega Bare\u00f1o como contralora general, y Joel Enrique Espejel Blanco en Vinculaci\u00f3n y Extensi\u00f3n, otro perfil valioso.<\/p>\n\n\n\n<p>\u00bfEs este el equipo perfecto? Por supuesto que no. Pero parece haber equilibrio entre experiencia operativa y capacidad t\u00e9cnica, y eso es m\u00e1s de lo que muchas veces hemos visto en administraciones pasadas que se repart\u00edan los cargos por cuotas y cuates.<\/p>\n\n\n\n<p>Ahora bien, el talento de la rectora y su equipo servir\u00e1 de poco si no logran enfrentar los grandes males estructurales de la Unison: el burocratismo enfermizo, la fragmentaci\u00f3n entre departamentos, la resistencia interna al cambio, el cansancio docente, y la falta de pertinencia de muchos planes de estudio frente a un mundo que cambia a velocidades exponenciales.<\/p>\n\n\n\n<p>La Universidad de Sonora est\u00e1 a tiempo de corregir el rumbo. Pero no ser\u00e1 con discursos, ni con simulaciones, ni con grillas palaciegas disfrazadas de debate acad\u00e9mico. Ser\u00e1 con trabajo duro, decisiones impopulares, y una estrategia clara de reconstrucci\u00f3n institucional que coloque a los estudiantes \u2014no a los intereses de grupo\u2014 en el centro de todo.<\/p>\n\n\n\n<p>La doctora Camarena empieza esta semana su rectorado con el que, muy probablemente, ser\u00e1 el mayor desaf\u00edo profesional de su vida. Ojal\u00e1 tenga la voluntad, la energ\u00eda y la libertad de acci\u00f3n para cumplirlo. Porque cuando la universidad p\u00fablica se pierde, el da\u00f1o no es solo institucional: es social, cultural y generacional.<\/p>\n\n\n\n<p>Por hoy fue todo, gracias por su tolerancia y hasta la pr\u00f3xima<\/p>\n\n\n\n<p><strong>Twitter: @fjespriella<\/strong><\/p>\n\n\n\n<p><strong>Correo: felicianoespriella@gmail.com&nbsp;<\/strong><\/p>\n","protected":false},"excerpt":{"rendered":"<p>Columna Olor A Dinero Feliciano J. Espriella UNISON: El reto de reconstruir una universidad a la deriva Jueves 19 de junio de 2025 No es exagerado decirlo: la Universidad de Sonora no pasa por sus mejores d\u00edas. Acad\u00e9micamente ha venido en picada, su reputaci\u00f3n est\u00e1 erosionada, y la desconexi\u00f3n entre lo que forma y lo [&hellip;]<\/p>\n","protected":false},"author":1,"featured_media":29684,"comment_status":"open","ping_status":"open","sticky":false,"template":"","format":"standard","meta":{"content-type":"","footnotes":""},"categories":[127],"tags":[],"class_list":{"0":"post-29683","1":"post","2":"type-post","3":"status-publish","4":"format-standard","5":"has-post-thumbnail","7":"category-olor-a-dinero"},"_links":{"self":[{"href":"https:\/\/www.regioncuatronoticias.com\/index.php\/wp-json\/wp\/v2\/posts\/29683","targetHints":{"allow":["GET"]}}],"collection":[{"href":"https:\/\/www.regioncuatronoticias.com\/index.php\/wp-json\/wp\/v2\/posts"}],"about":[{"href":"https:\/\/www.regioncuatronoticias.com\/index.php\/wp-json\/wp\/v2\/types\/post"}],"author":[{"embeddable":true,"href":"https:\/\/www.regioncuatronoticias.com\/index.php\/wp-json\/wp\/v2\/users\/1"}],"replies":[{"embeddable":true,"href":"https:\/\/www.regioncuatronoticias.com\/index.php\/wp-json\/wp\/v2\/comments?post=29683"}],"version-history":[{"count":1,"href":"https:\/\/www.regioncuatronoticias.com\/index.php\/wp-json\/wp\/v2\/posts\/29683\/revisions"}],"predecessor-version":[{"id":29685,"href":"https:\/\/www.regioncuatronoticias.com\/index.php\/wp-json\/wp\/v2\/posts\/29683\/revisions\/29685"}],"wp:featuredmedia":[{"embeddable":true,"href":"https:\/\/www.regioncuatronoticias.com\/index.php\/wp-json\/wp\/v2\/media\/29684"}],"wp:attachment":[{"href":"https:\/\/www.regioncuatronoticias.com\/index.php\/wp-json\/wp\/v2\/media?parent=29683"}],"wp:term":[{"taxonomy":"category","embeddable":true,"href":"https:\/\/www.regioncuatronoticias.com\/index.php\/wp-json\/wp\/v2\/categories?post=29683"},{"taxonomy":"post_tag","embeddable":true,"href":"https:\/\/www.regioncuatronoticias.com\/index.php\/wp-json\/wp\/v2\/tags?post=29683"}],"curies":[{"name":"wp","href":"https:\/\/api.w.org\/{rel}","templated":true}]}}