{"id":29629,"date":"2025-06-16T23:29:37","date_gmt":"2025-06-17T06:29:37","guid":{"rendered":"https:\/\/www.regioncuatronoticias.com\/?p=29629"},"modified":"2025-06-16T23:29:42","modified_gmt":"2025-06-17T06:29:42","slug":"trump-sheinbaum-tensar-o-negociar","status":"publish","type":"post","link":"https:\/\/www.regioncuatronoticias.com\/index.php\/2025\/06\/16\/trump-sheinbaum-tensar-o-negociar\/","title":{"rendered":"Trump-Sheinbaum: \u00bftensar o negociar?"},"content":{"rendered":"\n<p><strong>Columna Olor A Dinero<\/strong><\/p>\n\n\n\n<p><strong>Feliciano J. Espriella<\/strong><\/p>\n\n\n\n<p><strong>Trump-Sheinbaum: \u00bftensar o negociar?<\/strong><\/p>\n\n\n\n<p><strong>Martes 17 de junio de 2025<\/strong><\/p>\n\n\n\n<p>En el primer encuentro entre Claudia Sheinbaum y Donald Trump, todo est\u00e1 en juego: migraci\u00f3n, comercio, seguridad y el tono futuro de la relaci\u00f3n bilateral. La diplomacia mexicana se mide hoy en su prueba m\u00e1s dif\u00edcil.<\/p>\n\n\n\n<p>\u00bfDe qu\u00e9 hablar\u00e1 Sheinbaum con Trump?<\/p>\n\n\n\n<p>Hoy, de las 15:40 a las 16:40 horas (hora local de Kananaskis, Canad\u00e1), en el marco de la Cumbre del G7 en Alberta, se celebrar\u00e1 la primera reuni\u00f3n entre la presidenta de M\u00e9xico, Claudia Sheinbaum, y el presidente de Estados Unidos, Donald Trump. Un encuentro crucial que busca abrir canales de di\u00e1logo y alcanzar acuerdos, pese al clima de tensi\u00f3n que ha marcado recientemente la relaci\u00f3n bilateral.<\/p>\n\n\n\n<p>La agenda oficial incluye:<\/p>\n\n\n\n<p>Migraci\u00f3n: Sheinbaum ha adelantado que defender\u00e1 a los migrantes mexicanos y rechazar\u00e1 las redadas antiinmigrantes.<\/p>\n\n\n\n<p>Comercio bilateral: se discutir\u00e1 sobre aranceles y la relaci\u00f3n econ\u00f3mica entre ambos pa\u00edses.<\/p>\n\n\n\n<p>Seguridad fronteriza: temas de cooperaci\u00f3n en el combate al tr\u00e1fico de drogas y seguridad com\u00fan.<\/p>\n\n\n\n<p>Remesas: posible imposici\u00f3n de grav\u00e1menes a las remesas enviadas desde EE. UU. a M\u00e9xico.<\/p>\n\n\n\n<p>Pero, \u00bfser\u00e1 eso todo? \u00bfCu\u00e1l de estos temas querr\u00e1 Trump utilizar para obtener mayor ventaja? Y por el otro lado, \u00bfcu\u00e1l ser\u00e1 la prioridad de Sheinbaum y en qu\u00e9 buscar\u00e1 concretar acuerdos?<\/p>\n\n\n\n<p>No exagero al afirmar que esta es la reuni\u00f3n bilateral m\u00e1s importante entre M\u00e9xico y Estados Unidos en medio siglo. El planeta arde en conflictos, y las relaciones internacionales no atraviesan su mejor momento. La forma en que se gestione este encuentro puede marcar un antes y un despu\u00e9s en la pol\u00edtica exterior mexicana.<\/p>\n\n\n\n<p>Algunos analistas han sugerido que Sheinbaum podr\u00eda ser menospreciada, incluso humillada por Trump. Personalmente, lo considero improbable. No porque Trump haya perdido su arrogancia, sino porque enfrenta una avalancha de problemas internos y externos que lo tienen contra las cuerdas. Avivar un conflicto con M\u00e9xico ser\u00eda encender un incendio m\u00e1s en su ya ca\u00f3tica presidencia.<\/p>\n\n\n\n<p>Sin embargo, conociendo su temperamento irascible e impredecible, todo puede suceder. Del otro lado, Sheinbaum ha demostrado temple e inteligencia para manejar situaciones inc\u00f3modas. Tiene los reflejos pol\u00edticos necesarios para sortear un desliz o una provocaci\u00f3n, y salir airosa.<\/p>\n\n\n\n<p>Este es el primer encuentro presencial entre ambos desde que asumieron sus cargos: Trump en enero de 2025, Sheinbaum en octubre de 2024. Llega en un contexto enrarecido por varios focos de tensi\u00f3n:<\/p>\n\n\n\n<p>Protestas en Los \u00c1ngeles contra redadas migratorias.<\/p>\n\n\n\n<p>Acusaciones de Kristi Noem, secretaria de Seguridad Nacional de EE. UU., quien culp\u00f3 a Sheinbaum de incitar las protestas. La presidenta respondi\u00f3 calific\u00e1ndolas de &#8220;absolutamente falsas&#8221;.<\/p>\n\n\n\n<p>La amenaza de gravar remesas.<\/p>\n\n\n\n<p>Disputas arancelarias y comerciales.<\/p>\n\n\n\n<p>Pese a este entorno complejo, todo indica que Sheinbaum llega preparada. No improvisa. Ha dedicado al menos siete meses a estudiar el perfil de Trump: ley\u00f3 todos sus libros, analiz\u00f3 su primera administraci\u00f3n al detalle y prepar\u00f3 minuciosamente cada conversaci\u00f3n previa, incluso ensayando respuestas en ingl\u00e9s para evitar intermediarios y mejorar la interlocuci\u00f3n directa.<\/p>\n\n\n\n<p>Su estilo contrasta con el de su antecesor, Andr\u00e9s Manuel L\u00f3pez Obrador. Es otra forma de hacer diplomacia. El propio Trump, poco dado a los halagos, la ha descrito como &#8220;encantadora e inteligente&#8221;.<\/p>\n\n\n\n<p>Hablar\u00e1n de migraci\u00f3n, comercio, seguridad y remesas. Pero lo que realmente estar\u00e1 en juego es el tono de la relaci\u00f3n M\u00e9xico-Estados Unidos en los pr\u00f3ximos a\u00f1os. Si Sheinbaum logra equilibrar firmeza y diplomacia, podr\u00e1 imponer respeto y abrir la puerta a una relaci\u00f3n menos desigual.<\/p>\n\n\n\n<p>Al terminar de escribir esta columna, comenz\u00f3 a circular la noticia del apresurado regreso de Trump a Washington debido al agravamiento del conflicto en Medio Oriente. Sin embargo, las consideraciones aqu\u00ed expuestas seguramente seguir\u00e1n vigentes en una eventual reuni\u00f3n bilateral entre el presidente estadounidense y nuestra presidenta, la cual tendr\u00e1 que realizarse en un futuro no muy lejano<\/p>\n\n\n\n<p>Por hoy fue todo. Gracias por su tolerancia, y hasta la pr\u00f3xima.<\/p>\n\n\n\n<p><strong>Twitter: @fjespriella<\/strong><\/p>\n\n\n\n<p><strong>Correo: felicianoespriella@gmail.com&nbsp;<\/strong><\/p>\n","protected":false},"excerpt":{"rendered":"<p>Columna Olor A Dinero Feliciano J. Espriella Trump-Sheinbaum: \u00bftensar o negociar? Martes 17 de junio de 2025 En el primer encuentro entre Claudia Sheinbaum y Donald Trump, todo est\u00e1 en juego: migraci\u00f3n, comercio, seguridad y el tono futuro de la relaci\u00f3n bilateral. La diplomacia mexicana se mide hoy en su prueba m\u00e1s dif\u00edcil. \u00bfDe qu\u00e9 [&hellip;]<\/p>\n","protected":false},"author":1,"featured_media":29630,"comment_status":"open","ping_status":"open","sticky":false,"template":"","format":"standard","meta":{"content-type":"","footnotes":""},"categories":[127],"tags":[],"class_list":{"0":"post-29629","1":"post","2":"type-post","3":"status-publish","4":"format-standard","5":"has-post-thumbnail","7":"category-olor-a-dinero"},"_links":{"self":[{"href":"https:\/\/www.regioncuatronoticias.com\/index.php\/wp-json\/wp\/v2\/posts\/29629","targetHints":{"allow":["GET"]}}],"collection":[{"href":"https:\/\/www.regioncuatronoticias.com\/index.php\/wp-json\/wp\/v2\/posts"}],"about":[{"href":"https:\/\/www.regioncuatronoticias.com\/index.php\/wp-json\/wp\/v2\/types\/post"}],"author":[{"embeddable":true,"href":"https:\/\/www.regioncuatronoticias.com\/index.php\/wp-json\/wp\/v2\/users\/1"}],"replies":[{"embeddable":true,"href":"https:\/\/www.regioncuatronoticias.com\/index.php\/wp-json\/wp\/v2\/comments?post=29629"}],"version-history":[{"count":1,"href":"https:\/\/www.regioncuatronoticias.com\/index.php\/wp-json\/wp\/v2\/posts\/29629\/revisions"}],"predecessor-version":[{"id":29631,"href":"https:\/\/www.regioncuatronoticias.com\/index.php\/wp-json\/wp\/v2\/posts\/29629\/revisions\/29631"}],"wp:featuredmedia":[{"embeddable":true,"href":"https:\/\/www.regioncuatronoticias.com\/index.php\/wp-json\/wp\/v2\/media\/29630"}],"wp:attachment":[{"href":"https:\/\/www.regioncuatronoticias.com\/index.php\/wp-json\/wp\/v2\/media?parent=29629"}],"wp:term":[{"taxonomy":"category","embeddable":true,"href":"https:\/\/www.regioncuatronoticias.com\/index.php\/wp-json\/wp\/v2\/categories?post=29629"},{"taxonomy":"post_tag","embeddable":true,"href":"https:\/\/www.regioncuatronoticias.com\/index.php\/wp-json\/wp\/v2\/tags?post=29629"}],"curies":[{"name":"wp","href":"https:\/\/api.w.org\/{rel}","templated":true}]}}