{"id":2962,"date":"2023-11-21T23:00:58","date_gmt":"2023-11-22T06:00:58","guid":{"rendered":"https:\/\/www.regioncuatronoticias.com\/?p=2962"},"modified":"2023-11-21T23:00:59","modified_gmt":"2023-11-22T06:00:59","slug":"jackie-chan-y-ralph-macchio-anunciaron-que-estaban-buscando-al-nuevo-karate-kid-por-lo-que-instaron-al-publico-a-mandar-sus-audiciones","status":"publish","type":"post","link":"https:\/\/www.regioncuatronoticias.com\/index.php\/2023\/11\/21\/jackie-chan-y-ralph-macchio-anunciaron-que-estaban-buscando-al-nuevo-karate-kid-por-lo-que-instaron-al-publico-a-mandar-sus-audiciones\/","title":{"rendered":"Jackie Chan y Ralph Macchio anunciaron que estaban buscando al nuevo \u201ckarate kid\u201d, por lo que instaron al p\u00fablico a mandar sus audiciones"},"content":{"rendered":"\n<p>Tomado de L\u00f3pez D\u00f3riga Digital<\/p>\n\n\n\n<p>Noviembre 21, 2023<\/p>\n\n\n\n<p>Jackie Chan y Ralph Macchio ser\u00e1n los protagonistas de la nueva pel\u00edcula de \u2018Karate Kid\u2018 que dirigir\u00e1 Jonathan Entwistle.<\/p>\n\n\n\n<p>A trav\u00e9s de un video publicado en el canal de Youtube de Sony Pictures los dos actores, que formaron parte de la franquicia en cintas distintas, tambi\u00e9n anunciaron que estaban buscando al nuevo \u201ckarate kid\u201d (ni\u00f1o karateka), por lo que instaron al p\u00fablico a mandar sus audiciones.<\/p>\n\n\n\n<p>La b\u00fasqueda global de la nueva estrella de nuestra pel\u00edcula empieza ahora\u201d, dijo Macchio, quien protagoniz\u00f3 las primeras tres cintas de \u2018Karate Kid\u2018 (1984- 1989) cwomo Daniel LaRusso.<\/p>\n\n\n\n<p>Aunque los detalles de la trama siguen sin revelarse, se sabe que el filme estrenar\u00e1 el 13 de diciembre de 2024 y que Macchio volver\u00e1 a dar vida a LaRusso, personaje que tambi\u00e9n interpret\u00f3 en la serie \u2018Cobra Kai\u2018 (2018), de Netflix.<\/p>\n\n\n\n<p>Asimismo, Chan retomar\u00e1 el papel del maestro de kung fu, Sr. Han, que inspirado en el personaje del Sr. Miyagi (Nariyoshi Keisuke Miyagi), entren\u00f3 a Dre Parker, interpretado por Jaden Smith en 2010.<\/p>\n\n\n\n<p>La historia est\u00e1 escrita por Rob Lieber (\u2018Peter Rabbit\u2019, 2018) y se llevar\u00e1 a cabo bajo la producci\u00f3n de Karen Rosenfelt (\u2018Twilight\u2019, 2008).<\/p>\n\n\n\n<p>Tampoco se sabe si la trama de la cinta estar\u00e1 ligada a la serie \u2018Cobra Kai\u2019, que este a\u00f1o anunci\u00f3 su sexta y \u00faltima temporada, pero cuya producci\u00f3n se vio retrasada por las huelgas de guionistas y actores de Hollywood.<\/p>\n\n\n\n<p>La historia de Netflix sigue la vida de adultos de Daniel LaRusso y su enemigo adolescente Johny Lawrence, quienes retomar\u00e1n su pasi\u00f3n por el karate y ense\u00f1ar\u00e1n a una nueva generaci\u00f3n de j\u00f3venes la disciplina.<\/p>\n\n\n\n<p>La franquicia creada por Robert Mark Kamen hasta el momento cuenta con cinco filmes, que han recaudado en total cerca de 700 millones de d\u00f3lares en taquilla a nivel global, una serie de televisi\u00f3n y una serie animada.<\/p>\n\n\n\n<p>Con informaci\u00f3n de L\u00f3pez-D\u00f3riga Digital<\/p>\n","protected":false},"excerpt":{"rendered":"<p>Tomado de L\u00f3pez D\u00f3riga Digital Noviembre 21, 2023 Jackie Chan y Ralph Macchio ser\u00e1n los protagonistas de la nueva pel\u00edcula de \u2018Karate Kid\u2018 que dirigir\u00e1 Jonathan Entwistle. A trav\u00e9s de un video publicado en el canal de Youtube de Sony Pictures los dos actores, que formaron parte de la franquicia en cintas distintas, tambi\u00e9n anunciaron [&hellip;]<\/p>\n","protected":false},"author":1,"featured_media":2963,"comment_status":"open","ping_status":"open","sticky":false,"template":"","format":"standard","meta":{"content-type":"","footnotes":""},"categories":[116],"tags":[],"class_list":{"0":"post-2962","1":"post","2":"type-post","3":"status-publish","4":"format-standard","5":"has-post-thumbnail","7":"category-entretenimiento"},"_links":{"self":[{"href":"https:\/\/www.regioncuatronoticias.com\/index.php\/wp-json\/wp\/v2\/posts\/2962","targetHints":{"allow":["GET"]}}],"collection":[{"href":"https:\/\/www.regioncuatronoticias.com\/index.php\/wp-json\/wp\/v2\/posts"}],"about":[{"href":"https:\/\/www.regioncuatronoticias.com\/index.php\/wp-json\/wp\/v2\/types\/post"}],"author":[{"embeddable":true,"href":"https:\/\/www.regioncuatronoticias.com\/index.php\/wp-json\/wp\/v2\/users\/1"}],"replies":[{"embeddable":true,"href":"https:\/\/www.regioncuatronoticias.com\/index.php\/wp-json\/wp\/v2\/comments?post=2962"}],"version-history":[{"count":1,"href":"https:\/\/www.regioncuatronoticias.com\/index.php\/wp-json\/wp\/v2\/posts\/2962\/revisions"}],"predecessor-version":[{"id":2964,"href":"https:\/\/www.regioncuatronoticias.com\/index.php\/wp-json\/wp\/v2\/posts\/2962\/revisions\/2964"}],"wp:featuredmedia":[{"embeddable":true,"href":"https:\/\/www.regioncuatronoticias.com\/index.php\/wp-json\/wp\/v2\/media\/2963"}],"wp:attachment":[{"href":"https:\/\/www.regioncuatronoticias.com\/index.php\/wp-json\/wp\/v2\/media?parent=2962"}],"wp:term":[{"taxonomy":"category","embeddable":true,"href":"https:\/\/www.regioncuatronoticias.com\/index.php\/wp-json\/wp\/v2\/categories?post=2962"},{"taxonomy":"post_tag","embeddable":true,"href":"https:\/\/www.regioncuatronoticias.com\/index.php\/wp-json\/wp\/v2\/tags?post=2962"}],"curies":[{"name":"wp","href":"https:\/\/api.w.org\/{rel}","templated":true}]}}