{"id":2950,"date":"2023-11-21T22:34:12","date_gmt":"2023-11-22T05:34:12","guid":{"rendered":"https:\/\/www.regioncuatronoticias.com\/?p=2950"},"modified":"2023-11-21T22:34:13","modified_gmt":"2023-11-22T05:34:13","slug":"sheinbaum-descarta-hacer-un-recorrido-por-acapulco-podemos-ir-en-el-momento-en-que-esten-en-condiciones-de-recibirnos","status":"publish","type":"post","link":"https:\/\/www.regioncuatronoticias.com\/index.php\/2023\/11\/21\/sheinbaum-descarta-hacer-un-recorrido-por-acapulco-podemos-ir-en-el-momento-en-que-esten-en-condiciones-de-recibirnos\/","title":{"rendered":"Sheinbaum descarta hacer un recorrido por Acapulco: \u201cPodemos ir en el momento en que est\u00e9n en condiciones de recibirnos\u201d"},"content":{"rendered":"\n<p>Latinus<\/p>\n\n\n\n<p>Amado Azueta<\/p>\n\n\n\n<p>Noviembre 21, 2023<\/p>\n\n\n\n<p>En Veracruz, la precandidata de Morena, el Partido Verde y Partido del Trabajo, Claudia Sheinbaum, adelant\u00f3 que no tiene planeado hacer un recorrido por Acapulco, la ciudad m\u00e1s afectada por el hurac\u00e1n \u201cOtis\u201d para no hacer uso pol\u00edtico de la tragedia.<\/p>\n\n\n\n<p>\u201cNosotros tenemos mucho respeto por los guerrerenses, entonces podemos ir en el momento en que est\u00e9n en condiciones de recibirnos, mientras tanto solamente nuestra solidaridad en todos los sentidos\u201d, declar\u00f3.<\/p>\n\n\n\n<p>Acompa\u00f1ada de Roc\u00edo Nahle, precandidata al gobierno de Veracruz, y de Manuel Huerta, exdelegado de programas federales de la Secretar\u00eda del Bienestar, Sheinbaum continu\u00f3 con sus cr\u00edticas al frente opositor del PAN, PRI y PRD.<\/p>\n\n\n\n<p>Adem\u00e1s, asegur\u00f3 que la coalici\u00f3n del gobierno es la \u00fanica que puede garantizar estabilidad econ\u00f3mica y pol\u00edtica en nuestro pa\u00eds.<\/p>\n\n\n\n<p>\u201cEllos son el frente de la imposici\u00f3n, imponen sus precandidatos a la presidencia y se dividen, as\u00ed van a imponer a todos en los estados de la Rep\u00fablica donde va a haber elecciones, esa es una diferencia fundamental, all\u00e1 hay imposiciones y aqu\u00ed procesos democr\u00e1ticos\u201d, dijo.<\/p>\n\n\n\n<p>La precandidata presidencial ofreci\u00f3 una conferencia de prensa, apenas la segunda desde que comenz\u00f3 sus recorridos de proselitismo el 19 de junio, y durante las preguntas le mostraron un video donde se observa c\u00f3mo se us\u00f3 un veh\u00edculo del DIF municipal para llevar asistentes al mitin que encabez\u00f3 en el municipio de \u00c1ngel R. Cabada.<\/p>\n\n\n\n<p>\u201cAgradecemos que nos quieran ayudar, pero hay que separar gobierno y partido\u201d, se\u00f1al\u00f3, pero no quiso responder si quienes usaron un veh\u00edculo oficial para un fin distinto a su funci\u00f3n deb\u00edan ser sancionados.<\/p>\n\n\n\n<p>A su vez, Roc\u00edo Nahle, trat\u00f3 de explicar por qu\u00e9 se hab\u00eda usado un auto oficial para acarrear personas.<\/p>\n\n\n\n<p>\u201c\u00c1ngel R. Cabada tiene muchas comunidades rurales y la gente se transporta por medios de transporte comerciales, en este caso no ten\u00eda ese conocimiento y pues no debe de ser. Hay muchas zonas rurales\u201d.<\/p>\n","protected":false},"excerpt":{"rendered":"<p>Latinus Amado Azueta Noviembre 21, 2023 En Veracruz, la precandidata de Morena, el Partido Verde y Partido del Trabajo, Claudia Sheinbaum, adelant\u00f3 que no tiene planeado hacer un recorrido por Acapulco, la ciudad m\u00e1s afectada por el hurac\u00e1n \u201cOtis\u201d para no hacer uso pol\u00edtico de la tragedia. \u201cNosotros tenemos mucho respeto por los guerrerenses, entonces [&hellip;]<\/p>\n","protected":false},"author":1,"featured_media":2951,"comment_status":"open","ping_status":"open","sticky":false,"template":"","format":"standard","meta":{"content-type":"","footnotes":""},"categories":[3,115,105],"tags":[],"class_list":{"0":"post-2950","1":"post","2":"type-post","3":"status-publish","4":"format-standard","5":"has-post-thumbnail","7":"category-mexico","8":"category-politica","9":"category-principal"},"_links":{"self":[{"href":"https:\/\/www.regioncuatronoticias.com\/index.php\/wp-json\/wp\/v2\/posts\/2950","targetHints":{"allow":["GET"]}}],"collection":[{"href":"https:\/\/www.regioncuatronoticias.com\/index.php\/wp-json\/wp\/v2\/posts"}],"about":[{"href":"https:\/\/www.regioncuatronoticias.com\/index.php\/wp-json\/wp\/v2\/types\/post"}],"author":[{"embeddable":true,"href":"https:\/\/www.regioncuatronoticias.com\/index.php\/wp-json\/wp\/v2\/users\/1"}],"replies":[{"embeddable":true,"href":"https:\/\/www.regioncuatronoticias.com\/index.php\/wp-json\/wp\/v2\/comments?post=2950"}],"version-history":[{"count":1,"href":"https:\/\/www.regioncuatronoticias.com\/index.php\/wp-json\/wp\/v2\/posts\/2950\/revisions"}],"predecessor-version":[{"id":2952,"href":"https:\/\/www.regioncuatronoticias.com\/index.php\/wp-json\/wp\/v2\/posts\/2950\/revisions\/2952"}],"wp:featuredmedia":[{"embeddable":true,"href":"https:\/\/www.regioncuatronoticias.com\/index.php\/wp-json\/wp\/v2\/media\/2951"}],"wp:attachment":[{"href":"https:\/\/www.regioncuatronoticias.com\/index.php\/wp-json\/wp\/v2\/media?parent=2950"}],"wp:term":[{"taxonomy":"category","embeddable":true,"href":"https:\/\/www.regioncuatronoticias.com\/index.php\/wp-json\/wp\/v2\/categories?post=2950"},{"taxonomy":"post_tag","embeddable":true,"href":"https:\/\/www.regioncuatronoticias.com\/index.php\/wp-json\/wp\/v2\/tags?post=2950"}],"curies":[{"name":"wp","href":"https:\/\/api.w.org\/{rel}","templated":true}]}}