{"id":29472,"date":"2025-06-12T21:58:30","date_gmt":"2025-06-13T04:58:30","guid":{"rendered":"https:\/\/www.regioncuatronoticias.com\/?p=29472"},"modified":"2025-06-12T21:58:33","modified_gmt":"2025-06-13T04:58:33","slug":"fascismo-en-la-casa-blanca","status":"publish","type":"post","link":"https:\/\/www.regioncuatronoticias.com\/index.php\/2025\/06\/12\/fascismo-en-la-casa-blanca\/","title":{"rendered":"\u00bfFascismo en la Casa Blanca?"},"content":{"rendered":"\n<p><strong>Columna Olor A Dinero<\/strong><\/p>\n\n\n\n<p><strong>Feliciano J. Espriella<\/strong><\/p>\n\n\n\n<p><strong>\u00bfFascismo en la Casa Blanca?<\/strong><\/p>\n\n\n\n<p><strong>Viernes 13 de junio de 2025<\/strong><\/p>\n\n\n\n<p>El fascismo es una ideolog\u00eda pol\u00edtica autoritaria y ultranacionalista que busca la concentraci\u00f3n del poder en un l\u00edder o grupo, rechaza la democracia y promueve la supresi\u00f3n de opositores y libertades individuales. Se caracteriza por el control centralizado, el militarismo y la glorificaci\u00f3n del Estado por encima de los derechos humanos.<\/p>\n\n\n\n<p>Los tres ejemplos hist\u00f3ricos m\u00e1s representativos del fascismo son:<\/p>\n\n\n\n<p>1.&nbsp;&nbsp;&nbsp;&nbsp;&nbsp;&nbsp;&nbsp;&nbsp; Benito Mussolini (Italia): Fundador del fascismo y l\u00edder del r\u00e9gimen que gobern\u00f3 Italia desde 1922 hasta 1943.<\/p>\n\n\n\n<p>2.&nbsp;&nbsp;&nbsp;&nbsp;&nbsp;&nbsp;&nbsp;&nbsp; Adolf Hitler (Alemania): L\u00edder del Partido Nazi, responsable del ascenso del nazismo y la implementaci\u00f3n de pol\u00edticas fascistas en Alemania desde 1933 hasta su ca\u00edda en 1945.<\/p>\n\n\n\n<p>3.&nbsp;&nbsp;&nbsp;&nbsp;&nbsp;&nbsp;&nbsp;&nbsp; Francisco Franco (Espa\u00f1a): Dictador que gobern\u00f3 Espa\u00f1a desde 1939 hasta su muerte en 1975.<\/p>\n\n\n\n<p>Estos l\u00edderes implementaron reg\u00edmenes totalitarios que compart\u00edan principios de ultranacionalismo, autoritarismo, militarismo y represi\u00f3n de libertades pol\u00edticas. Y ahora, despu\u00e9s de tantas d\u00e9cadas, parece haber surgido nuevamente un dirigente autoritario y ultranacionalista que despacha desde el Sal\u00f3n Oval de la Casa Blanca: Donald John Trump, nacido el 14 de junio de 1946 en Queens, Nueva York.<\/p>\n\n\n\n<p>Desde su primer mandato en 2017, Trump evidenci\u00f3 un temperamento fascistoide que intent\u00f3 imprimir en su gobierno, aunque limitado por el Partido Dem\u00f3crata, cuya fuerza en el Congreso sirvi\u00f3 como contrapeso. Situaci\u00f3n que, al parecer, ya no se presenta.<\/p>\n\n\n\n<p>Con un Congreso y Senado a su favor, el actual inquilino de la Casa Blanca est\u00e1 demostrando que ha llegado dispuesto a ejercer un mandato fascista sin mayor oposici\u00f3n. Si exist\u00edan dudas al respecto, estas se disipan con las inhumanas acciones contra migrantes emprendidas esta semana en Los \u00c1ngeles, California, y que amenaza con extender a Nueva York, Chicago y otras ciudades donde residen cientos de miles de inmigrantes, especialmente latinos.<\/p>\n\n\n\n<p>La periodista Denise Maerker, al referirse a estas acciones, habla de &#8220;fascismo en Am\u00e9rica&#8221;, afirmando que lo que el presidente est\u00e1 haciendo &#8220;ya no se le puede llamar de otra manera&#8221;. Sostiene que Trump sigue un &#8220;guion que vivieron muchos pa\u00edses en los a\u00f1os 20 y 30 del siglo pasado&#8221; y que sus acciones representan &#8220;pasos agigantados&#8221; hacia &#8220;un fascismo completo&#8221;.<\/p>\n\n\n\n<p><strong>Deshumanizaci\u00f3n y ret\u00f3rica de odio<\/strong><\/p>\n\n\n\n<p>La administraci\u00f3n Trump ha descalificado a los manifestantes llam\u00e1ndolos &#8220;animales&#8221;, &#8220;extranjeros&#8221; y &#8220;v\u00e1ndalos&#8221;. Se observa una prevalencia de &#8220;mentiras falsas o la posverdad&#8221;, y una ret\u00f3rica de &#8220;odio nativista&#8221; alimentada por figuras del gobierno. Este lenguaje contribuye a la deshumanizaci\u00f3n de una comunidad que, parad\u00f3jicamente, es esencial para la econom\u00eda y la vida estadounidense.<\/p>\n\n\n\n<p>La pol\u00edtica migratoria de Trump est\u00e1 &#8220;traumatizando&#8221; a las comunidades y generando un &#8220;hostigamiento&#8221; palpable, incluso con la presencia de agentes de inmigraci\u00f3n vestidos de civil en edificios gubernamentales y cortes, lo que ha generado profunda molestia.<\/p>\n\n\n\n<p>En s\u00edntesis, las fuentes indican que las redadas migratorias, la ret\u00f3rica divisiva, la militarizaci\u00f3n de la ley interna y la b\u00fasqueda de centralizaci\u00f3n del poder configuran un patr\u00f3n hist\u00f3rico de fascismo: el control y la deshumanizaci\u00f3n del &#8220;otro&#8221; con fines pol\u00edticos.<\/p>\n\n\n\n<p>El gobierno de Trump ha &#8220;magnificado&#8221; eventos localizados, como las manifestaciones en Los \u00c1ngeles, para crear la percepci\u00f3n de una ciudad &#8220;asediada por hordas espantosas&#8221;, justificando as\u00ed la intervenci\u00f3n y el env\u00edo de &#8220;marines&#8221;, &#8220;hombres armados preparados para la guerra&#8221;. El gobernador de California, Gavin Newsom, calific\u00f3 esta acci\u00f3n como un &#8220;descarado abuso de poder&#8221; y critic\u00f3 el despliegue de fuerzas militares entrenadas para el combate en el extranjero para la &#8220;aplicaci\u00f3n de la ley nacional&#8221; en las calles de su estado.<\/p>\n\n\n\n<p>Lo que hoy ocurre en Estados Unidos no es una simple pol\u00edtica dura ni una estrategia electoral: es la resurrecci\u00f3n imp\u00fadica de un fascismo que se cre\u00eda &nbsp;superado. La historia no se repite, pero s\u00ed rima, y esta vez la melod\u00eda suena a botas, odio y silencio impuesto. No es exageraci\u00f3n: es advertencia.<\/p>\n\n\n\n<p>Me despido con un comercial: sintonicen a las 6:10 AM, &#8220;La Caliente&#8221; 90.7 FM., el colega y amigo Jos\u00e9 \u00c1ngel Partida me abre un espacio en su noticiero en el que comentaremos con m\u00e1s detalle esta columna. \u00a1No se lo pierdan!<\/p>\n\n\n\n<p>Por hoy fue todo, gracias por su tolerancia y hasta la pr\u00f3xima.<\/p>\n\n\n\n<p><strong>Twitter: @fjespriella<\/strong><\/p>\n\n\n\n<p><strong>Correo: felicianoespriella@gmail.com&nbsp;<\/strong><\/p>\n","protected":false},"excerpt":{"rendered":"<p>Columna Olor A Dinero Feliciano J. Espriella \u00bfFascismo en la Casa Blanca? Viernes 13 de junio de 2025 El fascismo es una ideolog\u00eda pol\u00edtica autoritaria y ultranacionalista que busca la concentraci\u00f3n del poder en un l\u00edder o grupo, rechaza la democracia y promueve la supresi\u00f3n de opositores y libertades individuales. Se caracteriza por el control [&hellip;]<\/p>\n","protected":false},"author":1,"featured_media":29473,"comment_status":"open","ping_status":"open","sticky":false,"template":"","format":"standard","meta":{"content-type":"","footnotes":""},"categories":[127],"tags":[],"class_list":{"0":"post-29472","1":"post","2":"type-post","3":"status-publish","4":"format-standard","5":"has-post-thumbnail","7":"category-olor-a-dinero"},"_links":{"self":[{"href":"https:\/\/www.regioncuatronoticias.com\/index.php\/wp-json\/wp\/v2\/posts\/29472","targetHints":{"allow":["GET"]}}],"collection":[{"href":"https:\/\/www.regioncuatronoticias.com\/index.php\/wp-json\/wp\/v2\/posts"}],"about":[{"href":"https:\/\/www.regioncuatronoticias.com\/index.php\/wp-json\/wp\/v2\/types\/post"}],"author":[{"embeddable":true,"href":"https:\/\/www.regioncuatronoticias.com\/index.php\/wp-json\/wp\/v2\/users\/1"}],"replies":[{"embeddable":true,"href":"https:\/\/www.regioncuatronoticias.com\/index.php\/wp-json\/wp\/v2\/comments?post=29472"}],"version-history":[{"count":1,"href":"https:\/\/www.regioncuatronoticias.com\/index.php\/wp-json\/wp\/v2\/posts\/29472\/revisions"}],"predecessor-version":[{"id":29474,"href":"https:\/\/www.regioncuatronoticias.com\/index.php\/wp-json\/wp\/v2\/posts\/29472\/revisions\/29474"}],"wp:featuredmedia":[{"embeddable":true,"href":"https:\/\/www.regioncuatronoticias.com\/index.php\/wp-json\/wp\/v2\/media\/29473"}],"wp:attachment":[{"href":"https:\/\/www.regioncuatronoticias.com\/index.php\/wp-json\/wp\/v2\/media?parent=29472"}],"wp:term":[{"taxonomy":"category","embeddable":true,"href":"https:\/\/www.regioncuatronoticias.com\/index.php\/wp-json\/wp\/v2\/categories?post=29472"},{"taxonomy":"post_tag","embeddable":true,"href":"https:\/\/www.regioncuatronoticias.com\/index.php\/wp-json\/wp\/v2\/tags?post=29472"}],"curies":[{"name":"wp","href":"https:\/\/api.w.org\/{rel}","templated":true}]}}