{"id":29412,"date":"2025-06-11T22:52:35","date_gmt":"2025-06-12T05:52:35","guid":{"rendered":"https:\/\/www.regioncuatronoticias.com\/?p=29412"},"modified":"2025-06-11T22:52:38","modified_gmt":"2025-06-12T05:52:38","slug":"duro-el-fuego-amigo","status":"publish","type":"post","link":"https:\/\/www.regioncuatronoticias.com\/index.php\/2025\/06\/11\/duro-el-fuego-amigo\/","title":{"rendered":"Duro el fuego amigo"},"content":{"rendered":"\n<p><strong>Columna Corren Rumores<\/strong><\/p>\n\n\n\n<p><strong>Hilario Olea<\/strong><\/p>\n\n\n\n<p><strong>Duro el fuego amigo<\/strong><\/p>\n\n\n\n<p><strong>Jueves 12 de junio de 2025<\/strong><\/p>\n\n\n\n<p><strong>SI YA LA CONOCEN\u2026 <\/strong>Para que le mueven.&nbsp; Como era de esperarse C\u00e9lida L\u00f3pez no se qued\u00f3 callada ni con ella. Ahora que estuvo bajo tiroteo al acusarla en redes sociales y espacios de opini\u00f3n&nbsp; de no haber operado&nbsp; adecuadamente la elecci\u00f3n del Poder Judicial en Sonora, cuando no se supo si realmente era operadora electoral, en lugar de meter la cabeza en la arena sali\u00f3 a defenderse en un video donde denunci\u00f3 que fue v\u00edctima del \u201cfuego amigo\u201d y que todo se debi\u00f3 a que est\u00e1 en primer lugar en las encuestas de preferencias electorales para la gubernatura.&nbsp; En pocas palabras. se declar\u00f3 v\u00edctima de campa\u00f1as gachas y es obvio que esto apenas empieza. Aunque&nbsp; bueno ser\u00e1 que para callar cualquier chismorreo publique estas encuestas porque no faltar\u00e1 quien diga que son solo producto de buenos deseos. Lo cierto es que no se va a dejar y si le tiran lo m\u00e1s seguro es que tambi\u00e9n responda. Claro, con la anuencia de palacio de gobierno, porque en este juego no se mandan solos.<\/p>\n\n\n\n<p><strong>LO PENS\u00d3 MEJOR\u2026 <\/strong>Pero, miren como son las cosas, apenas si acaba de enviar mensaje el gobernador Alfonso Durazo a funcionarios de Morena de que se dejen de pensar en sus aspiraciones personales y que se pongan a trabajar,&nbsp; el alcalde de Cajeme, Javier Lamarque, parece que no oy\u00f3, o esto fue antes: El caso es que en una entrevista solt\u00f3 de ronco pecho de que ya lo pens\u00f3 bien y si buscar\u00e1 la candidatura para gobernador en el 2027.&nbsp; Debemos de pensar que lo hizo con la venia, pero de qui\u00e9n.&nbsp; Si solo fue una ocurrencia personal para volver a los escenarios,&nbsp; tuvo muy mal tino, porque reci\u00e9n les acaban de decir que la bajen tres rayitas a las promociones.&nbsp; Esperemos que esto no le reste puntos ante quien de alguna manera tiene mano para&nbsp; la preselecci\u00f3n de candidatos. Pero bueno, hay quienes saben que no tienen chance pero puede pasar.<\/p>\n\n\n\n<p><strong>GANARON LOS NARANJEROS\u2026 <\/strong>En pol\u00edtica hay que reconocer todo puede suceder. Esto nos recuerda la famosa an\u00e9cdota del mejor columnista pol\u00edtico de Sonora, Enguerrando Tapia, cuando escribi\u00f3 en su le\u00edda columna Libreta de Apuntes, que pensar que Samuel Oca\u00f1a pueda ser candidato a gobernador era como pensar en que los Naranjeros de Hermosillo le ganaran a los Yanquis de Nueva York. A los d\u00edas, destaparon al Dr. Oca\u00f1a, y en una salida brillante,&nbsp; Enguerrando solo puso en su columna para reconocer que se hab\u00eda equivocado: \u201cGanaron los Naranjeros y qu\u00e9\u201d.&nbsp; Se los digo porque en pol\u00edtica todo puede suceder, y puede ganar el que menos se espera. Esto fue lo que pas\u00f3 con el Dr. Oca\u00f1a cuando dej\u00f3 tendidos en el terreno nada menos que a Salom\u00f3n Faz, Arturo \u2018El Negro\u2019 Durazo, a la Dra. Alicia Arellano y a Francisco Vizca\u00edno Murray.&nbsp; De modo que mucho cuidado con los que escojan.&nbsp; Porque la que decidir\u00e1 lo har\u00e1 con la informaci\u00f3n que le den de palacio de gobierno.&nbsp; Y de ah\u00ed puede salir una buena o mala recomendaci\u00f3n.<\/p>\n\n\n\n<p><strong>COMPETENCIA DE JALADAS\u2026 <\/strong>Caray, ahora con la sedicente reforma del Poder Judicial parece que hay competencias de jaladas\u2026 de pelos\u2026 La \u00faltima es la propuesta de diputados de Morena para que los ministros de la Suprema Corte ya no usen las tradicionales togas de seda y con pu\u00f1os blancos. Esto lo consideran elitista y por lo mismo al rato dir\u00e1n que es clasista.. Esta propuesta no es original de los legisladores oficialistas, sino del pr\u00f3ximo presidente de la SCJN, el hijo de Ju\u00e1rez, Hugo Aguilar, que ya dijo que no usar\u00e1 toga. Nos imaginamos que por su origen ind\u00edgena usara taparrabos y penacho.&nbsp; No cabe duda que como les gusta perder el tiempo en viles jaladas.&nbsp; Pero bueno, si as\u00ed \u201cganaron\u201d, lo m\u00e1s seguro es que adem\u00e1s se hagan obligatorio el uso de acordeones para emitir juicios y resoluciones. Quien les manda dejar que los escogiera el pueblo sabio.<\/p>\n\n\n\n<p><strong>SALPICAN EN SONORA\u2026<\/strong> Corren rumores de que el lodo que cay\u00f3 en Baja California luego que les retiraron la visa a la gobernadora y a su esposo, est\u00e1 salpicando en Sonora, pues ahora se maneja que le pas\u00f3 lo mismo al alcalde de Puerto Pe\u00f1asco,&nbsp; Oscar Castro, quien al intentar cruzar por la garita de SLRC la migra lo par\u00f3 y le quit\u00f3 la visa junto a su familia.<\/p>\n\n\n\n<p>Esto no se hab\u00eda confirmado, pero dicen que es cosa de tiempo para que se haga oficial. Lo malo es que esto se debe a una investigaci\u00f3n que le hacen las autoridades americanas. Caray, va a tronar y feo.<\/p>\n\n\n\n<p><strong>En fin, por cierto a los que se acordaron que hoy llegamos (que conste que ya llegamos) a otro verano de vida. Gracias y no olvide lo que dec\u00eda el Caracol Oviedo: Es feo llegar a viejo; pero, m\u00e1s feo no llegar. Saludos.<\/strong><\/p>\n\n\n\n<p><strong>S\u00edganos en la cuenta de X o Twitter @hilarioolea.<\/strong><\/p>\n\n\n\n<p><strong>Pueden vernos de lunes a viernes de 8 a 9 de la noche en nuestro canal de YouTube \u201cEntre Todos Digital\u201d.<\/strong><\/p>\n\n\n\n<p><strong>Sigan nuestras redes sociales<\/strong><\/p>\n","protected":false},"excerpt":{"rendered":"<p>Columna Corren Rumores Hilario Olea Duro el fuego amigo Jueves 12 de junio de 2025 SI YA LA CONOCEN\u2026 Para que le mueven.&nbsp; Como era de esperarse C\u00e9lida L\u00f3pez no se qued\u00f3 callada ni con ella. Ahora que estuvo bajo tiroteo al acusarla en redes sociales y espacios de opini\u00f3n&nbsp; de no haber operado&nbsp; adecuadamente [&hellip;]<\/p>\n","protected":false},"author":1,"featured_media":29413,"comment_status":"open","ping_status":"open","sticky":false,"template":"","format":"standard","meta":{"content-type":"","footnotes":""},"categories":[121],"tags":[],"class_list":{"0":"post-29412","1":"post","2":"type-post","3":"status-publish","4":"format-standard","5":"has-post-thumbnail","7":"category-hilarioolea"},"_links":{"self":[{"href":"https:\/\/www.regioncuatronoticias.com\/index.php\/wp-json\/wp\/v2\/posts\/29412","targetHints":{"allow":["GET"]}}],"collection":[{"href":"https:\/\/www.regioncuatronoticias.com\/index.php\/wp-json\/wp\/v2\/posts"}],"about":[{"href":"https:\/\/www.regioncuatronoticias.com\/index.php\/wp-json\/wp\/v2\/types\/post"}],"author":[{"embeddable":true,"href":"https:\/\/www.regioncuatronoticias.com\/index.php\/wp-json\/wp\/v2\/users\/1"}],"replies":[{"embeddable":true,"href":"https:\/\/www.regioncuatronoticias.com\/index.php\/wp-json\/wp\/v2\/comments?post=29412"}],"version-history":[{"count":1,"href":"https:\/\/www.regioncuatronoticias.com\/index.php\/wp-json\/wp\/v2\/posts\/29412\/revisions"}],"predecessor-version":[{"id":29414,"href":"https:\/\/www.regioncuatronoticias.com\/index.php\/wp-json\/wp\/v2\/posts\/29412\/revisions\/29414"}],"wp:featuredmedia":[{"embeddable":true,"href":"https:\/\/www.regioncuatronoticias.com\/index.php\/wp-json\/wp\/v2\/media\/29413"}],"wp:attachment":[{"href":"https:\/\/www.regioncuatronoticias.com\/index.php\/wp-json\/wp\/v2\/media?parent=29412"}],"wp:term":[{"taxonomy":"category","embeddable":true,"href":"https:\/\/www.regioncuatronoticias.com\/index.php\/wp-json\/wp\/v2\/categories?post=29412"},{"taxonomy":"post_tag","embeddable":true,"href":"https:\/\/www.regioncuatronoticias.com\/index.php\/wp-json\/wp\/v2\/tags?post=29412"}],"curies":[{"name":"wp","href":"https:\/\/api.w.org\/{rel}","templated":true}]}}