{"id":29329,"date":"2025-06-09T23:46:45","date_gmt":"2025-06-10T06:46:45","guid":{"rendered":"https:\/\/www.regioncuatronoticias.com\/?p=29329"},"modified":"2025-06-09T23:46:49","modified_gmt":"2025-06-10T06:46:49","slug":"cumbre-con-costo-politico","status":"publish","type":"post","link":"https:\/\/www.regioncuatronoticias.com\/index.php\/2025\/06\/09\/cumbre-con-costo-politico\/","title":{"rendered":"Cumbre con costo pol\u00edtico"},"content":{"rendered":"\n<p><strong>Columna Olor A Dinero<\/strong><\/p>\n\n\n\n<p><strong>Feliciano J. Espriella<\/strong><\/p>\n\n\n\n<p><strong>Cumbre con costo pol\u00edtico<\/strong><\/p>\n\n\n\n<p><strong>Martes 10 de junio de 2025<\/strong><\/p>\n\n\n\n<p>La asistencia de Claudia Sheinbaum al G7 proyecta liderazgo internacional, pero no est\u00e1 exenta de riesgos internos ni de tensiones con Washington. La clave ser\u00e1 regresar con resultados, no solo con aplausos.<\/p>\n\n\n\n<p>La presidenta Claudia Sheinbaum asistir\u00e1 por invitaci\u00f3n del primer ministro canadiense a la Cumbre del G7 que se celebrar\u00e1 el 16 y 17 de junio en Kananaskis, Alberta. Esta participaci\u00f3n, aunque simb\u00f3licamente poderosa, es tambi\u00e9n un delicado ejercicio de diplomacia econ\u00f3mica en un tablero dominado por las potencias que mueven los hilos del orden global.<\/p>\n\n\n\n<p>El G7 no es un espacio neutral. Es el club de los pa\u00edses ricos, el mismo que dicta l\u00edneas en torno al comercio, la seguridad, el medio ambiente y la hegemon\u00eda tecnol\u00f3gica. Que M\u00e9xico \u2014aunque s\u00f3lo como invitado\u2014 se siente a esa mesa, puede interpretarse como un intento de Sheinbaum por mostrar al mundo que su gobierno no estar\u00e1 aislado ni ser\u00e1 un simple eco de Palacio Nacional. Es tambi\u00e9n, claro, una jugada geopol\u00edtica que busca legitimidad internacional, posicionamiento regional y, si es posible, beneficios tangibles.<\/p>\n\n\n\n<p>La oportunidad: inversi\u00f3n, clima y comercio<\/p>\n\n\n\n<p>En lo econ\u00f3mico, el G7 es un escaparate. M\u00e9xico puede aprovecharlo para atraer inversiones en energ\u00edas limpias, consolidar su narrativa de transici\u00f3n energ\u00e9tica y buscar respaldo a proyectos de infraestructura verde. Sheinbaum ha hecho de la sustentabilidad una bandera, y esta cumbre le ofrece tribuna para demostrarlo.<\/p>\n\n\n\n<p>Adem\u00e1s, la cercan\u00eda del G7 con el proceso de revisi\u00f3n del T MEC en 2026 es clave. La presidenta podr\u00eda utilizar el foro para tender puentes con los l\u00edderes de EE.UU. y Canad\u00e1 antes de que arranque una renegociaci\u00f3n que podr\u00eda poner en la mesa temas como reglas de origen, condiciones laborales o pol\u00edtica energ\u00e9tica. Anticiparse, aunque sea en forma de \u201cdi\u00e1logo informal\u201d, es una jugada de previsi\u00f3n.<\/p>\n\n\n\n<p><strong>El riesgo: Trump en escena<\/strong><\/p>\n\n\n\n<p>Pero no todo es oportunidad. Uno de los platos fuertes ser\u00e1 el probable encuentro entre Sheinbaum y Donald Trump, quien asistir\u00e1 a la cumbre en calidad de candidato presidencial republicano \u2014y, seg\u00fan las encuestas, con amplias posibilidades de regresar a la Casa Blanca.<\/p>\n\n\n\n<p>Trump ha vuelto con su discurso antiinmigrante y proteccionista. Ya amag\u00f3 con elevar aranceles al acero y al aluminio, e incluso con aplicar medidas m\u00e1s duras si regresa al poder. Una reuni\u00f3n bilateral puede servir para reducir tensiones, pero tambi\u00e9n corre el riesgo de escenificar un espect\u00e1culo superficial que acabe por perjudicar a M\u00e9xico m\u00e1s que ayudarlo. Trump no da nada gratis, y menos si puede usarlo como munici\u00f3n electoral.<\/p>\n\n\n\n<p>El reto para Sheinbaum ser\u00e1 mostrarse firme sin provocar, y dispuesta a dialogar sin ceder soberan\u00eda ni parecer que se arrodilla. Cualquier gesto interpretado como complacencia podr\u00eda ser usado por la oposici\u00f3n para acusarla de inconsistencia o debilidad.<\/p>\n\n\n\n<p><strong>El espejo de las potencias<\/strong><\/p>\n\n\n\n<p>La presidenta llegar\u00e1 al G7 como la \u00fanica l\u00edder de Am\u00e9rica Latina. Su presencia puede leerse como una se\u00f1al de que M\u00e9xico tiene algo que decir en el debate global. Pero tambi\u00e9n ser\u00e1, inevitablemente, un ejercicio de contraste: \u00bfc\u00f3mo se ver\u00e1 nuestra pol\u00edtica energ\u00e9tica frente a la agenda verde europea?, \u00bfc\u00f3mo se escuchar\u00e1 nuestra voz en materia migratoria en comparaci\u00f3n con la de Biden o Trudeau?, \u00bfc\u00f3mo nos observan realmente las potencias del norte?<\/p>\n\n\n\n<p>El espejo del G7 no es indulgente. No basta con posar para la foto o dar un buen discurso. Lo que cuenta son los acuerdos, las alianzas y, sobre todo, el seguimiento.<\/p>\n\n\n\n<p><strong>Conclusi\u00f3n: que no sea s\u00f3lo diplomacia de selfie<\/strong><\/p>\n\n\n\n<p>La participaci\u00f3n de Sheinbaum en el G7 puede ser un punto de inflexi\u00f3n. Si logra abrir canales efectivos de di\u00e1logo, atraer compromisos clim\u00e1ticos o blindar intereses comerciales, podr\u00e1 regresar a M\u00e9xico con algo m\u00e1s que palmadas en la espalda. Pero si se limita a posar junto a los poderosos y regresa sin resultados concretos, la gira ser\u00e1 recordada como diplomacia de selfie: vistosa, pero vac\u00eda.<\/p>\n\n\n\n<p>Sheinbaum tiene la oportunidad de mostrarse como jefa de Estado en toda forma. De ella depender\u00e1 que este viaje no sea s\u00f3lo un gui\u00f1o al exterior, sino un paso firme hacia una pol\u00edtica exterior moderna, estrat\u00e9gica y con los pies bien plantados en los intereses de M\u00e9xico.<\/p>\n\n\n\n<p>Por hoy fue todo, gracias por su tolerancia y hasta la pr\u00f3xima.<\/p>\n\n\n\n<p><strong>Twitter: @fjespriella <\/strong><strong>Correo: felicianoespriella@gmail.com&nbsp;<\/strong><\/p>\n","protected":false},"excerpt":{"rendered":"<p>Columna Olor A Dinero Feliciano J. Espriella Cumbre con costo pol\u00edtico Martes 10 de junio de 2025 La asistencia de Claudia Sheinbaum al G7 proyecta liderazgo internacional, pero no est\u00e1 exenta de riesgos internos ni de tensiones con Washington. La clave ser\u00e1 regresar con resultados, no solo con aplausos. La presidenta Claudia Sheinbaum asistir\u00e1 por [&hellip;]<\/p>\n","protected":false},"author":1,"featured_media":29330,"comment_status":"open","ping_status":"open","sticky":false,"template":"","format":"standard","meta":{"content-type":"","footnotes":""},"categories":[127],"tags":[],"class_list":{"0":"post-29329","1":"post","2":"type-post","3":"status-publish","4":"format-standard","5":"has-post-thumbnail","7":"category-olor-a-dinero"},"_links":{"self":[{"href":"https:\/\/www.regioncuatronoticias.com\/index.php\/wp-json\/wp\/v2\/posts\/29329","targetHints":{"allow":["GET"]}}],"collection":[{"href":"https:\/\/www.regioncuatronoticias.com\/index.php\/wp-json\/wp\/v2\/posts"}],"about":[{"href":"https:\/\/www.regioncuatronoticias.com\/index.php\/wp-json\/wp\/v2\/types\/post"}],"author":[{"embeddable":true,"href":"https:\/\/www.regioncuatronoticias.com\/index.php\/wp-json\/wp\/v2\/users\/1"}],"replies":[{"embeddable":true,"href":"https:\/\/www.regioncuatronoticias.com\/index.php\/wp-json\/wp\/v2\/comments?post=29329"}],"version-history":[{"count":1,"href":"https:\/\/www.regioncuatronoticias.com\/index.php\/wp-json\/wp\/v2\/posts\/29329\/revisions"}],"predecessor-version":[{"id":29331,"href":"https:\/\/www.regioncuatronoticias.com\/index.php\/wp-json\/wp\/v2\/posts\/29329\/revisions\/29331"}],"wp:featuredmedia":[{"embeddable":true,"href":"https:\/\/www.regioncuatronoticias.com\/index.php\/wp-json\/wp\/v2\/media\/29330"}],"wp:attachment":[{"href":"https:\/\/www.regioncuatronoticias.com\/index.php\/wp-json\/wp\/v2\/media?parent=29329"}],"wp:term":[{"taxonomy":"category","embeddable":true,"href":"https:\/\/www.regioncuatronoticias.com\/index.php\/wp-json\/wp\/v2\/categories?post=29329"},{"taxonomy":"post_tag","embeddable":true,"href":"https:\/\/www.regioncuatronoticias.com\/index.php\/wp-json\/wp\/v2\/tags?post=29329"}],"curies":[{"name":"wp","href":"https:\/\/api.w.org\/{rel}","templated":true}]}}