{"id":2929,"date":"2023-11-20T20:54:20","date_gmt":"2023-11-21T03:54:20","guid":{"rendered":"https:\/\/www.regioncuatronoticias.com\/?p=2929"},"modified":"2023-11-20T20:54:23","modified_gmt":"2023-11-21T03:54:23","slug":"el-gobierno-ya-le-dio-la-vuelta-al-tema-del-huracan-en-acapulco-acusa-xochitl-galvez-al-comienzo-de-su-precampana","status":"publish","type":"post","link":"https:\/\/www.regioncuatronoticias.com\/index.php\/2023\/11\/20\/el-gobierno-ya-le-dio-la-vuelta-al-tema-del-huracan-en-acapulco-acusa-xochitl-galvez-al-comienzo-de-su-precampana\/","title":{"rendered":"El gobierno \u201cya le dio la vuelta al tema del hurac\u00e1n en Acapulco\u201d, acusa X\u00f3chitl G\u00e1lvez al comienzo de su precampa\u00f1a"},"content":{"rendered":"\n<p>Latinus<\/p>\n\n\n\n<p>H\u00e9ctor Gordoa<\/p>\n\n\n\n<p>Noviembre 20, 2023<\/p>\n\n\n\n<p>La aspirante presidencial por el Frente Amplio, X\u00f3chitl G\u00e1lvez, arrib\u00f3 a Ciudad Ju\u00e1rez, Chihuahua, en un vuelo privado proveniente de Acapulco, Guerrero, para comenzar su precampa\u00f1a en esta ciudad fronteriza.<\/p>\n\n\n\n<p>Durante horas los medios de comunicaci\u00f3n esperaron en el aeropuerto, sin embargo, su llegada fue discreta y por la terminal privada, adem\u00e1s se retir\u00f3 sin dar aviso a los medios.<\/p>\n\n\n\n<p>A la medianoche de este lunes 20 de noviembre realiz\u00f3 un recorrido en Coyuca de Ben\u00edtez, Guerrero, en donde platic\u00f3 con los damnificados del hurac\u00e1n \u201cOtis\u201d y esta ma\u00f1ana viaj\u00f3 a Ciudad Ju\u00e1rez, en la que aterriz\u00f3 a las 9:30 de la ma\u00f1ana.<\/p>\n\n\n\n<p>Respecto a la visita a la zona afectada por \u201cOtis\u201d en Acapulco, la panista dijo que encontr\u00f3 a personas que han perdido la esperanza porque sienten que el gobierno se ha olvidado de ellos.<\/p>\n\n\n\n<p>\u201cEl gobierno ya le dio la vuelta al tema del hurac\u00e1n, la gente sigue sin techos, la gente sigue sin agua, la gente se est\u00e1 enfermando porque no hay agua potable y eso est\u00e1 generando un problema en Coyuca y fue una gran noche de alegr\u00eda porque nuestro equipo ha hecho un buen trabajo en Coyuca y ya logr\u00f3 limpiar las calles y ha logrado devolver la esperanza a la gente\u201d, dijo desde Ciudad Ju\u00e1rez.<\/p>\n\n\n\n<p>Antes del mitin en el Monumento a la Mexicanidad, la llamada X de Ju\u00e1rez, se refiri\u00f3 brevemente al conflicto entre los partidos de la alianza Va por M\u00e9xico en la capital del pa\u00eds.<\/p>\n\n\n\n<p>\u201cVamos a seguir construyendo juntos, esto no se acaba hasta que se acaba y seguimos construyendo\u201d, dijo X\u00f3chitl G\u00e1lvez.<\/p>\n\n\n\n<p>Despu\u00e9s de las precampa\u00f1as habr\u00e1 un periodo de intercampa\u00f1a del 19 de enero al 29 de febrero y las campa\u00f1as arrancar\u00e1n el 1 de marzo.<\/p>\n","protected":false},"excerpt":{"rendered":"<p>Latinus H\u00e9ctor Gordoa Noviembre 20, 2023 La aspirante presidencial por el Frente Amplio, X\u00f3chitl G\u00e1lvez, arrib\u00f3 a Ciudad Ju\u00e1rez, Chihuahua, en un vuelo privado proveniente de Acapulco, Guerrero, para comenzar su precampa\u00f1a en esta ciudad fronteriza. Durante horas los medios de comunicaci\u00f3n esperaron en el aeropuerto, sin embargo, su llegada fue discreta y por la [&hellip;]<\/p>\n","protected":false},"author":1,"featured_media":2930,"comment_status":"open","ping_status":"open","sticky":false,"template":"","format":"standard","meta":{"content-type":"","footnotes":""},"categories":[3,115,105],"tags":[],"class_list":{"0":"post-2929","1":"post","2":"type-post","3":"status-publish","4":"format-standard","5":"has-post-thumbnail","7":"category-mexico","8":"category-politica","9":"category-principal"},"_links":{"self":[{"href":"https:\/\/www.regioncuatronoticias.com\/index.php\/wp-json\/wp\/v2\/posts\/2929","targetHints":{"allow":["GET"]}}],"collection":[{"href":"https:\/\/www.regioncuatronoticias.com\/index.php\/wp-json\/wp\/v2\/posts"}],"about":[{"href":"https:\/\/www.regioncuatronoticias.com\/index.php\/wp-json\/wp\/v2\/types\/post"}],"author":[{"embeddable":true,"href":"https:\/\/www.regioncuatronoticias.com\/index.php\/wp-json\/wp\/v2\/users\/1"}],"replies":[{"embeddable":true,"href":"https:\/\/www.regioncuatronoticias.com\/index.php\/wp-json\/wp\/v2\/comments?post=2929"}],"version-history":[{"count":1,"href":"https:\/\/www.regioncuatronoticias.com\/index.php\/wp-json\/wp\/v2\/posts\/2929\/revisions"}],"predecessor-version":[{"id":2931,"href":"https:\/\/www.regioncuatronoticias.com\/index.php\/wp-json\/wp\/v2\/posts\/2929\/revisions\/2931"}],"wp:featuredmedia":[{"embeddable":true,"href":"https:\/\/www.regioncuatronoticias.com\/index.php\/wp-json\/wp\/v2\/media\/2930"}],"wp:attachment":[{"href":"https:\/\/www.regioncuatronoticias.com\/index.php\/wp-json\/wp\/v2\/media?parent=2929"}],"wp:term":[{"taxonomy":"category","embeddable":true,"href":"https:\/\/www.regioncuatronoticias.com\/index.php\/wp-json\/wp\/v2\/categories?post=2929"},{"taxonomy":"post_tag","embeddable":true,"href":"https:\/\/www.regioncuatronoticias.com\/index.php\/wp-json\/wp\/v2\/tags?post=2929"}],"curies":[{"name":"wp","href":"https:\/\/api.w.org\/{rel}","templated":true}]}}