{"id":29224,"date":"2025-06-07T23:23:42","date_gmt":"2025-06-08T06:23:42","guid":{"rendered":"https:\/\/www.regioncuatronoticias.com\/?p=29224"},"modified":"2025-06-07T23:23:44","modified_gmt":"2025-06-08T06:23:44","slug":"me-llamo-como-mi-papi","status":"publish","type":"post","link":"https:\/\/www.regioncuatronoticias.com\/index.php\/2025\/06\/07\/me-llamo-como-mi-papi\/","title":{"rendered":"Me llamo como mi Papi\u00a0"},"content":{"rendered":"\n<p><strong>Columna Corren Rumores<\/strong><\/p>\n\n\n\n<p><strong>Hilario Olea<\/strong><\/p>\n\n\n\n<p><strong>Me llamo como mi Papi&nbsp;<\/strong><\/p>\n\n\n\n<p><strong>S\u00e1bado 7 de junio de 2025<\/strong><\/p>\n\n\n\n<p><strong>YA NO QUIERE SER ANDY\u2026 <\/strong>Enorme rid\u00edculo el que hizo el junior&nbsp; al participar en el podcast de Morena y&nbsp; quejarse de que ya no quiere que le llamen Andy, sino como papi con el nombre de Andr\u00e9s Manuel L\u00f3pez. Llorando casi pidi\u00f3 que le digan por el nombre del mejor presidente que ha tenido M\u00e9xico, y en broma comenzaron a llegar mensajes para decirle que si ahora le llamar\u00edan Benito, L\u00e1zaro, Vicente o Felipe. Con esto mostr\u00f3 que trae un verdadero complejo de inferioridad porque ahora sale con que no quiere que le digan Andy. Se imaginar\u00e1n como respondieron, no los adversarios de oposici\u00f3n sino del mismo partido, todos coreando \u00a1 Andy, Andy y \u00e1ndale para que aprendas! Est\u00e1 por dem\u00e1s decir que esto fue aplaudido por los que no quieren que este junior herede la presidencia para el 2030. Y miren que se le puede caer despu\u00e9s de este fracaso electoral y eso de que ande de llor\u00f3n para que le digan como su papi.<\/p>\n\n\n\n<p><strong>HASTA LOS MOREIRA\u2026 <\/strong>Otra cosa que en Morena vieron mal fue que Andy&nbsp; (perd\u00f3n, se me olvid\u00f3 que no quiere ese nombre), echara la culpa de su fracaso electoral en Durango y Veracruz a los Moreira. Todos levantaron la ceja porque se preguntaron y que diablos tienen que ver en estas elecciones los Moreira, pues ellos mandan en Coahuila. El punto es que Andy anda buscando a quien culpar de su fracaso y su inutilidad como operador electoral.&nbsp; Pero nadie se lo crey\u00f3. Porque no puede ser posible cuando tiene todo el poder presidencial a su favor. Control de autoridades electorales. Corporaciones de seguridad,&nbsp; ej\u00e9rcito,&nbsp; dinero a manos llenas.&nbsp; Como llora porque ahora dice que se metieron en esto los polic\u00edas municipales. Caray,&nbsp; que dif\u00edcil es reconocer que es un pobre mediocre que vive a la sombra de papi. Ah, y que ahora no quiere que le digan Andy.<\/p>\n\n\n\n<p><strong>ARDE PALACIO\u2026 <\/strong>Nos reportan que en palacio las cosas est\u00e1n de m\u00edrame y no me tientes. Porque no hay forma de revertir los resultados electorales en cuanto a participaci\u00f3n. Peor cuando empresas especializadas en an\u00e1lisis electoral muestran que en Sonora hubo municipios donde votaron poco m\u00e1s de 40 personas. Algunas versiones insisten en se\u00f1alar que la secretar\u00eda de Gobernaci\u00f3n era la responsable de operar&nbsp; para que los sonorenses acudieran a votar y desde luego por los candidatos palomeados. Ahora, tambi\u00e9n han subido al escenario a C\u00e9lida L\u00f3pez, incluso es blanco de cr\u00edticas en las redes sociales.&nbsp; Desde luego que estos se\u00f1alamientos son muy serios.&nbsp; Ambos personajes tienen experiencia en operaci\u00f3n pol\u00edtica. Esto significa que si fallaron fue porque a su vez les fallaron las estructuras. De ser as\u00ed, es obvio que tendr\u00e1n que rodar cabezas&nbsp; y hacer ajuste de estructuras. Veremos porque no debe tardar.<\/p>\n\n\n\n<p><strong>DEPENDENCIA INHUMANA\u2026 <\/strong>Muchas cr\u00edticas ha provocado la actitud asumida por la Secretar\u00eda de Educaci\u00f3n y Cultura&nbsp; y por la Secci\u00f3n 28 de la SNTE,&nbsp; al negarle a una maestra de Caborca la solicitud de cambio de base para Hermosillo, que pidi\u00f3 para poder estar&nbsp; con su hija de cuatro a\u00f1os que padece par\u00e1lisis cerebral y est\u00e1 hospitalizada.&nbsp; A pesar de que la maestra ha presentado su caso y la gravedad de la situaci\u00f3n, en donde quiera se ha topado con puertas cerradas. Nos extra\u00f1a de Froyl\u00e1n G\u00e1mez quien en otros casos ha mostrado m\u00e1s humanidad, se haya cerrado a esta petici\u00f3n. A menos claro que no se haya enterado porque el asunto fue bloqueado por sus colaboradores.&nbsp; Del sindicato no nos extra\u00f1a, porque ah\u00ed se manejan a base de palancas y de ganancias.&nbsp; Pero deber\u00edan de pensarlo de nuevo, porque este asunto se les va a reventar en las manos.<\/p>\n\n\n\n<p><strong>CASO GRAVE\u2026 <\/strong>En cuanto a la SEC, m\u00e1s vale que estudien bien el caso, porque ya es de dominio p\u00fablico y cada vez son m\u00e1s los medios que est\u00e1n abordando el asunto. Lo peor del caso es que no solo puede escalar al titular de la dependencia, sino hasta el propio gobernador, porque cada vez son m\u00e1s los que manifiestan apoyo para la maestra Amelia Valencia&nbsp; a fin de que pueda estar cuidando de su hija Dalet Amelia de solo cuatro a\u00f1os que sigue internada en el hospital. Esperemos la pr\u00f3xima semana para ver si cambiaron de opini\u00f3n o siguen en su postura intransigente de no ayudar a esta pobre madre a estar cuidando a su hija. Pero de que si no resuelve va a tronar.<\/p>\n\n\n\n<p><strong>FELIZ D\u00cdA DE PRENSA\u2026 <\/strong>T\u00e9cnicamente hablando en M\u00e9xico este s\u00e1bado 7 de junio se celebra el D\u00eda de la Libertad de Prensa. Esta celebraci\u00f3n tuvo su momento estelar desde 1951 que se instituy\u00f3 con Miguel Alem\u00e1n. Por muchos a\u00f1os se llev\u00f3 a cabo la ceremonia y banquete de prensa hasta Vicente Fox que lo mand\u00f3 por un tubo.&nbsp; Ahora, es solo una fecha m\u00e1s en el calendario. Por otro lado, debemos recordar que este&nbsp; d\u00eda tambi\u00e9n se conmemora el aniversario de muerte de Enguerrando Tapia Quijada, de quien ya hablaremos en otro espacio. Pero para no perder la costumbre. Felicidades a todos los colegas. Que los pelen este d\u00eda.<\/p>\n\n\n\n<p><strong>En fin, pero como dijo el G\u00fcerito Romero,&nbsp; vivir fuera de presupuesto es vivir en el&nbsp; error y peor si tienes&nbsp; que trabajar. Sale.<\/strong><\/p>\n\n\n\n<p><strong>S\u00edganos en la cuenta de X o Twitter @hilarioolea.<\/strong><\/p>\n\n\n\n<p><strong>Pueden vernos de lunes a viernes de 8 a 9 de la noche en nuestro canal de YouTube \u201cEntre Todos Digital\u201d.<\/strong><\/p>\n\n\n\n<p><strong>Sigan nuestras redes sociales<\/strong><\/p>\n","protected":false},"excerpt":{"rendered":"<p>Columna Corren Rumores Hilario Olea Me llamo como mi Papi&nbsp; S\u00e1bado 7 de junio de 2025 YA NO QUIERE SER ANDY\u2026 Enorme rid\u00edculo el que hizo el junior&nbsp; al participar en el podcast de Morena y&nbsp; quejarse de que ya no quiere que le llamen Andy, sino como papi con el nombre de Andr\u00e9s Manuel [&hellip;]<\/p>\n","protected":false},"author":1,"featured_media":29225,"comment_status":"open","ping_status":"open","sticky":false,"template":"","format":"standard","meta":{"content-type":"","footnotes":""},"categories":[121],"tags":[],"class_list":{"0":"post-29224","1":"post","2":"type-post","3":"status-publish","4":"format-standard","5":"has-post-thumbnail","7":"category-hilarioolea"},"_links":{"self":[{"href":"https:\/\/www.regioncuatronoticias.com\/index.php\/wp-json\/wp\/v2\/posts\/29224","targetHints":{"allow":["GET"]}}],"collection":[{"href":"https:\/\/www.regioncuatronoticias.com\/index.php\/wp-json\/wp\/v2\/posts"}],"about":[{"href":"https:\/\/www.regioncuatronoticias.com\/index.php\/wp-json\/wp\/v2\/types\/post"}],"author":[{"embeddable":true,"href":"https:\/\/www.regioncuatronoticias.com\/index.php\/wp-json\/wp\/v2\/users\/1"}],"replies":[{"embeddable":true,"href":"https:\/\/www.regioncuatronoticias.com\/index.php\/wp-json\/wp\/v2\/comments?post=29224"}],"version-history":[{"count":1,"href":"https:\/\/www.regioncuatronoticias.com\/index.php\/wp-json\/wp\/v2\/posts\/29224\/revisions"}],"predecessor-version":[{"id":29226,"href":"https:\/\/www.regioncuatronoticias.com\/index.php\/wp-json\/wp\/v2\/posts\/29224\/revisions\/29226"}],"wp:featuredmedia":[{"embeddable":true,"href":"https:\/\/www.regioncuatronoticias.com\/index.php\/wp-json\/wp\/v2\/media\/29225"}],"wp:attachment":[{"href":"https:\/\/www.regioncuatronoticias.com\/index.php\/wp-json\/wp\/v2\/media?parent=29224"}],"wp:term":[{"taxonomy":"category","embeddable":true,"href":"https:\/\/www.regioncuatronoticias.com\/index.php\/wp-json\/wp\/v2\/categories?post=29224"},{"taxonomy":"post_tag","embeddable":true,"href":"https:\/\/www.regioncuatronoticias.com\/index.php\/wp-json\/wp\/v2\/tags?post=29224"}],"curies":[{"name":"wp","href":"https:\/\/api.w.org\/{rel}","templated":true}]}}