{"id":29218,"date":"2025-06-07T23:15:09","date_gmt":"2025-06-08T06:15:09","guid":{"rendered":"https:\/\/www.regioncuatronoticias.com\/?p=29218"},"modified":"2025-06-07T23:15:12","modified_gmt":"2025-06-08T06:15:12","slug":"el-5-de-junio-no-se-olvida","status":"publish","type":"post","link":"https:\/\/www.regioncuatronoticias.com\/index.php\/2025\/06\/07\/el-5-de-junio-no-se-olvida\/","title":{"rendered":"El 5 de junio no se olvida"},"content":{"rendered":"\n<p><strong>Columna Corren Rumores<\/strong><\/p>\n\n\n\n<p><strong>Hilario Olea<\/strong><\/p>\n\n\n\n<p><strong>El 5 de junio no se olvida<\/strong><\/p>\n\n\n\n<p><strong>Viernes 6 de junio de 2025<\/strong><\/p>\n\n\n\n<p><strong>AMARGO RECUERDO\u2026 <\/strong>Para demostrar que las tragedias se quedan grabadas en la mente y el coraz\u00f3n de las generaciones que les tocaron vivirlas hay un simple ejercicio, hay que preguntarles a los que lo vivieron si recuerdan lo que estaban haciendo en ese momento. En lo personal tengo varias experiencias. Se por ejemplo que hac\u00eda cuando el ataque a las Torres Gemelas.&nbsp; Por eso ni se diga que recordamos con puntualidad lo que hac\u00edamos ese 5 de junio de 2009 cuando comenzaron a llegar noticias del incendio de la guarder\u00eda ABC. Estaba por sentarme a comer cuando un amigo me habla para avisarme de que se estaba quemando una llantera en Perisur. Luego lleg\u00f3 otro, que era una bodega. Despu\u00e9s varios para advertirnos que se trataba de una guarder\u00eda.<\/p>\n\n\n\n<p><strong>UN VERDADERO CAOS\u2026<\/strong> A partir de ese momento salimos corriendo al noticiero para movilizar a los equipos de reporteros. Esa tarde&nbsp; result\u00f3 terrible, porque en esa Guarder\u00eda ABC estaban unos sobrinos que hab\u00edan sido llevados a un hospital, sin saber cu\u00e1les. As\u00ed vivimos la zozobra, miedo y desesperaci\u00f3n que vivieron cientos de padres y madres, as\u00ed como familiares y amigos de los ni\u00f1os que estaban en ese lugar, que en minutos se volvi\u00f3 un infierno. Recordamos como llegaba la informaci\u00f3n en un alud de versiones que ten\u00edamos que confirmar.&nbsp; En cada momento aumentaba el n\u00famero de peque\u00f1os muertos por el fuego o asfixiados. Entonces, como olvidar ese d\u00eda y todo lo que sucedi\u00f3.<\/p>\n\n\n\n<p><strong>H\u00c9ROES Y VILLANOS\u2026 <\/strong>Hay que reconocer que como toda tragedia&nbsp; hubo muchos h\u00e9roes an\u00f3nimos y villanos p\u00fablicos. En el caso del gobierno, no pudo ser m\u00e1s comprometido. Primero, porque el incendio inici\u00f3 en una bodega de la Secretar\u00eda de Finanzas que estaba a un lado de la guarder\u00eda.&nbsp; Y en segundo, tom\u00f3 a todos los funcionarios fuera del estado porque en ese momento estaban en la reuni\u00f3n de la Comisi\u00f3n Sonora Arizona en Phoenix.&nbsp; Seguramente mal informado, el gobernador Eduardo Bours no regreso de manera inmediata. Esto hizo que no pudiera responder una llamada de Joaqu\u00edn L\u00f3pez D\u00f3riga.<\/p>\n\n\n\n<p><strong>LA CRISIS PERFECTA\u2026 <\/strong>Esta tragedia se registr\u00f3 a un mes de las elecciones a gobernador.&nbsp; Y fue la crisis perfecta que fue precisamente perfectamente aprovechada por el PAN para culpar al gobierno, al PRI&nbsp; y a su candidato de ser los culpables de las muertes y lesiones de tanto ni\u00f1o. La versi\u00f3n fue aceptada por la poblaci\u00f3n que m\u00e1s tarde&nbsp; har\u00eda que votaran en contra del candidato oficial y le diera el triunfo a Guillermo Padr\u00e9s. Ya lo hab\u00eda advertido Roy Campos, de Consulta Mitofsky, cuando dio a conocer que Alfonso El\u00edas ten\u00eda 15 puntos de ventaja contra el panista. Fue prof\u00e9tico al se\u00f1alar&nbsp; que \u201csolo una tragedia\u201d pod\u00eda provocar la ca\u00edda del candidato priista. Y la tragedia se present\u00f3. El resto ya lo hemos vivido en estos 16 a\u00f1os.<\/p>\n\n\n\n<p><strong>REVISAN LAS ESTRUCTURAS\u2026 <\/strong>Me confirman que el gobernador andaba muy enojado por los resultados electorales de la elecci\u00f3n del domingo.&nbsp; Cierto que se esperaba una baja participaci\u00f3n, pero no para que Sonora quedara entre los tres con peores votaciones. Se comenta que el responsable de operar la votaci\u00f3n por parte del sector oficial y de Morena fue la secretar\u00eda de Gobierno, apoyado por un equipo de supuestos especialistas. De ser cierta la versi\u00f3n, quien debe hacer ajustes es Adolfo Salazar porque va a tener que cargar con el desastre y esto no le ayuda a su proyecto electoral. La versi\u00f3n que se maneja en oficinas de palacio es que hubo exceso de confianza y al parecer no hubo supervisi\u00f3n. Lo m\u00e1s grave, de ser cierto pues, este rumor, fue que parte del dinero se movi\u00f3 para otra parte. Tambi\u00e9n se habla de que tuvo el apoyo de una alta funcionaria que tampoco funcion\u00f3. Checaremos nombre y versi\u00f3n.<\/p>\n\n\n\n<p><strong>CHIVO EXPIATORIO\u2026 <\/strong>Al principio trataron de buscar a un chivito expiatorio&nbsp; y lo encontraron en Daniel Acedo, porque cometi\u00f3 el error de haber operado con eficiencia y tener m\u00e1s votos que otros candidatos. Adem\u00e1s, es esposo de la tesorera estatal Mar\u00eda L. Gardner. De inmediato corrieron las versiones de su renuncia y la de su esposa.&nbsp; Despu\u00e9s solo qued\u00f3 la renuncia del candidato.&nbsp; El problema es que no convence de que haya sido responsable de todos los fracasos electorales.&nbsp; Y su error fue haber operado con eficiencia.&nbsp; Seguramente pronto se sabr\u00e1 realmente porqu\u00e9 lo renunciaron. El colmo que haya sido por hacer bien las cosas.<\/p>\n\n\n\n<p><strong>En fin, lo bueno que hoy, hoy es un sabroso\u2026\u00a1\u00a1\u00a1Viernes!!, y por lo mismo no olviden lo que dec\u00eda el Cham\u00edn Novoa: No cabe duda que el que reparte, le toca la mayor parte sobre todo en elecciones. Sale.<\/strong><\/p>\n\n\n\n<p><strong>&nbsp;S\u00edganos en la cuenta de X o Twitter @hilarioolea.<\/strong><\/p>\n\n\n\n<p><strong>Pueden vernos de lunes a viernes de 8 a 9 de la noche en nuestro canal de YouTube \u201cEntre Todos Digital\u201d.<\/strong><\/p>\n\n\n\n<p><strong>Sigan nuestras redes sociales.<\/strong><\/p>\n","protected":false},"excerpt":{"rendered":"<p>Columna Corren Rumores Hilario Olea El 5 de junio no se olvida Viernes 6 de junio de 2025 AMARGO RECUERDO\u2026 Para demostrar que las tragedias se quedan grabadas en la mente y el coraz\u00f3n de las generaciones que les tocaron vivirlas hay un simple ejercicio, hay que preguntarles a los que lo vivieron si recuerdan [&hellip;]<\/p>\n","protected":false},"author":1,"featured_media":29219,"comment_status":"open","ping_status":"open","sticky":false,"template":"","format":"standard","meta":{"content-type":"","footnotes":""},"categories":[121],"tags":[],"class_list":{"0":"post-29218","1":"post","2":"type-post","3":"status-publish","4":"format-standard","5":"has-post-thumbnail","7":"category-hilarioolea"},"_links":{"self":[{"href":"https:\/\/www.regioncuatronoticias.com\/index.php\/wp-json\/wp\/v2\/posts\/29218","targetHints":{"allow":["GET"]}}],"collection":[{"href":"https:\/\/www.regioncuatronoticias.com\/index.php\/wp-json\/wp\/v2\/posts"}],"about":[{"href":"https:\/\/www.regioncuatronoticias.com\/index.php\/wp-json\/wp\/v2\/types\/post"}],"author":[{"embeddable":true,"href":"https:\/\/www.regioncuatronoticias.com\/index.php\/wp-json\/wp\/v2\/users\/1"}],"replies":[{"embeddable":true,"href":"https:\/\/www.regioncuatronoticias.com\/index.php\/wp-json\/wp\/v2\/comments?post=29218"}],"version-history":[{"count":1,"href":"https:\/\/www.regioncuatronoticias.com\/index.php\/wp-json\/wp\/v2\/posts\/29218\/revisions"}],"predecessor-version":[{"id":29220,"href":"https:\/\/www.regioncuatronoticias.com\/index.php\/wp-json\/wp\/v2\/posts\/29218\/revisions\/29220"}],"wp:featuredmedia":[{"embeddable":true,"href":"https:\/\/www.regioncuatronoticias.com\/index.php\/wp-json\/wp\/v2\/media\/29219"}],"wp:attachment":[{"href":"https:\/\/www.regioncuatronoticias.com\/index.php\/wp-json\/wp\/v2\/media?parent=29218"}],"wp:term":[{"taxonomy":"category","embeddable":true,"href":"https:\/\/www.regioncuatronoticias.com\/index.php\/wp-json\/wp\/v2\/categories?post=29218"},{"taxonomy":"post_tag","embeddable":true,"href":"https:\/\/www.regioncuatronoticias.com\/index.php\/wp-json\/wp\/v2\/tags?post=29218"}],"curies":[{"name":"wp","href":"https:\/\/api.w.org\/{rel}","templated":true}]}}