{"id":2905,"date":"2023-11-20T20:25:01","date_gmt":"2023-11-21T03:25:01","guid":{"rendered":"https:\/\/www.regioncuatronoticias.com\/?p=2905"},"modified":"2023-11-20T20:25:03","modified_gmt":"2023-11-21T03:25:03","slug":"mexico-tiene-como-angel-de-la-guarda-al-gobierno-y-fuerzas-armadas-para-vivir-en-paz-amlo","status":"publish","type":"post","link":"https:\/\/www.regioncuatronoticias.com\/index.php\/2023\/11\/20\/mexico-tiene-como-angel-de-la-guarda-al-gobierno-y-fuerzas-armadas-para-vivir-en-paz-amlo\/","title":{"rendered":"M\u00e9xico tiene como \u201c\u00c1ngel de la Guarda\u201d al Gobierno y Fuerzas Armadas para vivir \u00a0en paz: AMLO"},"content":{"rendered":"\n<p>El presidente L\u00f3pez Obrador encabez\u00f3 este 20 de noviembre el desfile por el 113 aniversario de la Revoluci\u00f3n Mexicana<\/p>\n\n\n\n<p>Noviembre 20, 2023<\/p>\n\n\n\n<p>Al encabezar el desfile por el 113 113 Aniversario de la Revoluci\u00f3n Mexicana el presidente Andr\u00e9s Manuel L\u00f3pez Obrador dej\u00f3 en claro que M\u00e9xico tiene como \u201c\u00e1ngel de la guarda\u201d al Gobierno democr\u00e1tico ya las Fuerzas Armadas para vivir en paz y en bienestar.<\/p>\n\n\n\n<p>M\u00e9xico tiene como \u00e1ngel de la guarda al Gobierno y a las Fuerzas Armadas para vivir en paz, dijo el presidente L\u00f3pez Obrador durante su discurso en el desfile por el 113 Aniversario de la Revoluci\u00f3n Mexicana.<\/p>\n\n\n\n<p>\u201cNo debe extra\u00f1arnos que ahora en esta nueva etapa, en esta Revoluci\u00f3n pac\u00edfica profunda y humanista que estamos llevando a cabo todos, que nos est\u00e9n ayudando tanto, tanto las Fuerzas Armadas. El gneral Luis Cresencio Sandoval dio a conocer lo aportado por el Ej\u00e9rcito en bien de nuestro pueblo, muchas obras, muchas acciones en todo el pa\u00eds en beneficio de los mexicanos. Otro tanto ha hecho la Secretar\u00eda de Marina\u201d, expuso.<\/p>\n\n\n\n<p>Por eso es un timbre de orgullo poder conmemorar un aniversario m\u00e1s de la Revoluci\u00f3n de 1910 demostrando con hechos (\u2026) Es muy satisfactorio decir al pueblo de M\u00e9xico que tiene a su lado como \u00e1ngel de la guarda al Gobierno democr\u00e1tico, al Ej\u00e9rcito, a la Fuerza A\u00e9rea, a la Armada y a la Guardia Nacional, para que nuestro pueblo pueda vivir con paz y bienestar\u201d, declar\u00f3.<\/p>\n\n\n\n<p>El mandatario mexicano sali\u00f3 de Palacio Nacional en punto de las 10:05 h, acompa\u00f1ado de los secretarios de la Defensa Nacional (Sedena), general Luis Cresencio Sandoval, y el titular de la Secretar\u00eda de Marina (Semar), almirante Jos\u00e9 Rafael Ojeda Dur\u00e1n.<\/p>\n\n\n\n<p>El presidente L\u00f3pez Obrador sali\u00f3 de Palacio Nacional a las 10:05 h, acompa\u00f1ado de los secretarios de la Defensa, general Luis Cresencio Sandoval, y el almirante de la Secretar\u00eda de Marina, Jos\u00e9 Rafael Ojeda pic.twitter.com\/cQNyoxTZlM<\/p>\n\n\n\n<p>Luego de realizar el izamiento de bandera en el Z\u00f3calo de la Ciudad de M\u00e9xico, L\u00f3pez Obrador pas\u00f3 revista a los contingentes que participar\u00e1n en el desfile, quienes le rindieron honores.<\/p>\n\n\n\n<p>Acto seguido, el tabasque\u00f1o entreg\u00f3 condecoraciones y ascensos al grado inmediato de las Fuerzas Armadas.<\/p>\n\n\n\n<p>El titular de Sedena indic\u00f3 que este evento se realiz\u00f3 con efectivos reducidos, integrados por cuerpos montados y personal que realiza funciones administrativas, debido a la labor que realizan en zonas como Guerrero, devastada tras el hurac\u00e1n Otis a finales de octubre pasado.<\/p>\n\n\n\n<p>Indic\u00f3 que las Fuerzas Armadas han participado en la construcci\u00f3n de dos mil 823 obras de infraestructura estrat\u00e9gica, resultado el Aeropuerto Internacional Felipe \u00c1ngeles (AIFA) en Santa luc\u00eda, Estado de M\u00e9xico;, Aeropuerto Felipe Carrillo Puerto en Tulum, as\u00ed como el Aeropuerto Internacional de Chetumal, ambos en Quintana Roo.<\/p>\n\n\n\n<p>Tambi\u00e9n apunt\u00f3 instalaciones para la Guardia Nacional, la construcci\u00f3n de la garita Mesa de Otay II, en Tijuana, entre otras obras y acciones.<\/p>\n\n\n\n<p>AMLO resalta decreto para trenes de pasajeros.<\/p>\n\n\n\n<p>El presidente L\u00f3pez Obrador resalt\u00f3 su decreto por el que el servicio de trenes de pasajeros en el Sistema Ferroviario Mexicano es declara como \u201c\u00e1rea prioritaria para el desarrollo nacional\u201c, que fue publicado este lunes.<\/p>\n\n\n\n<p>&nbsp;Quiero informarles que escogimos el d\u00eda de hoy,&nbsp; para publicar el decreto (\u2026), hoy aparece en el Diario Oficial, que establece el regreso del servicio de ternes modernos pasajeros, con la utilizaci\u00f3n de 17 mil 484 kil\u00f3metros de v\u00edas f\u00e9rreas e instalaciones concesionadas para servicio de carga, y ahora se van a utilizar tambi\u00e9n estas v\u00edas f\u00e9rreas para los trenes de pasajeros\u201d, manifest\u00f3.<\/p>\n\n\n\n<p>Esta decisi\u00f3n la tomamos porque los viajes en tren ser\u00e1n m\u00e1s econ\u00f3micos, &nbsp;&nbsp;c\u00f3modos, menos contaminantes, pues pueden electrificarse las v\u00edas y es un transporte p\u00fablico m\u00e1s seguro\u201d, agreg\u00f3.<\/p>\n\n\n\n<p>Con informaci\u00f3n de L\u00f3pez-D\u00f3riga Digital<\/p>\n","protected":false},"excerpt":{"rendered":"<p>El presidente L\u00f3pez Obrador encabez\u00f3 este 20 de noviembre el desfile por el 113 aniversario de la Revoluci\u00f3n Mexicana Noviembre 20, 2023 Al encabezar el desfile por el 113 113 Aniversario de la Revoluci\u00f3n Mexicana el presidente Andr\u00e9s Manuel L\u00f3pez Obrador dej\u00f3 en claro que M\u00e9xico tiene como \u201c\u00e1ngel de la guarda\u201d al Gobierno democr\u00e1tico [&hellip;]<\/p>\n","protected":false},"author":1,"featured_media":2906,"comment_status":"open","ping_status":"open","sticky":false,"template":"","format":"standard","meta":{"content-type":"","footnotes":""},"categories":[3,115,105],"tags":[],"class_list":{"0":"post-2905","1":"post","2":"type-post","3":"status-publish","4":"format-standard","5":"has-post-thumbnail","7":"category-mexico","8":"category-politica","9":"category-principal"},"_links":{"self":[{"href":"https:\/\/www.regioncuatronoticias.com\/index.php\/wp-json\/wp\/v2\/posts\/2905","targetHints":{"allow":["GET"]}}],"collection":[{"href":"https:\/\/www.regioncuatronoticias.com\/index.php\/wp-json\/wp\/v2\/posts"}],"about":[{"href":"https:\/\/www.regioncuatronoticias.com\/index.php\/wp-json\/wp\/v2\/types\/post"}],"author":[{"embeddable":true,"href":"https:\/\/www.regioncuatronoticias.com\/index.php\/wp-json\/wp\/v2\/users\/1"}],"replies":[{"embeddable":true,"href":"https:\/\/www.regioncuatronoticias.com\/index.php\/wp-json\/wp\/v2\/comments?post=2905"}],"version-history":[{"count":1,"href":"https:\/\/www.regioncuatronoticias.com\/index.php\/wp-json\/wp\/v2\/posts\/2905\/revisions"}],"predecessor-version":[{"id":2907,"href":"https:\/\/www.regioncuatronoticias.com\/index.php\/wp-json\/wp\/v2\/posts\/2905\/revisions\/2907"}],"wp:featuredmedia":[{"embeddable":true,"href":"https:\/\/www.regioncuatronoticias.com\/index.php\/wp-json\/wp\/v2\/media\/2906"}],"wp:attachment":[{"href":"https:\/\/www.regioncuatronoticias.com\/index.php\/wp-json\/wp\/v2\/media?parent=2905"}],"wp:term":[{"taxonomy":"category","embeddable":true,"href":"https:\/\/www.regioncuatronoticias.com\/index.php\/wp-json\/wp\/v2\/categories?post=2905"},{"taxonomy":"post_tag","embeddable":true,"href":"https:\/\/www.regioncuatronoticias.com\/index.php\/wp-json\/wp\/v2\/tags?post=2905"}],"curies":[{"name":"wp","href":"https:\/\/api.w.org\/{rel}","templated":true}]}}